{"id":304843,"date":"2025-08-08T10:21:12","date_gmt":"2025-08-08T10:21:12","guid":{"rendered":"https:\/\/www.europesays.com\/fr\/304843\/"},"modified":"2025-08-08T10:21:12","modified_gmt":"2025-08-08T10:21:12","slug":"football-favoris-surprises-crises-ce-quil-faut-savoir-avant-la-reprise-de-la-ligue-2","status":"publish","type":"post","link":"https:\/\/www.europesays.com\/fr\/304843\/","title":{"rendered":"Football. Favoris, surprises, crises\u2026 ce qu\u2019il faut savoir avant la reprise de la Ligue 2"},"content":{"rendered":"<p>  Saint-\u00c9tienne, Reims et les autres\u00a0?<\/p>\n<p>L\u2019\u00e9t\u00e9 s\u2019annonce encore long et <a href=\"https:\/\/www.ledauphine.com\/sport\/2025\/07\/18\/mercato-le-point-sur-les-transferts-estivaux-en-ligue-1-club-par-club\" target=\"_blank\" rel=\"noopener\">la fin du mercato<\/a> peut rebattre certaines cartes. Mais pour l\u2019heure, ce nouvel exercice de Ligue 2 ne d\u00e9roge pas \u00e0 la r\u00e8gle\u00a0: les rel\u00e9gu\u00e9s de l\u2019\u00e9lite s\u2019avancent en grandissimes favoris \u00e0 la (re) mont\u00e9e. Clubs historiques du football fran\u00e7ais, Reims et Saint-\u00c9tienne partent pour beaucoup d\u2019observateurs avec une belle longueur d\u2019avance sur la concurrence.<\/p>\n<p>Malgr\u00e9 certains d\u00e9parts in\u00e9vitables pour remplir les caisses (Diouf, Kipr\u00e9, Sangui, Kon\u00e9), le club champenois a conserv\u00e9 une ossature solide, renforc\u00e9e par l\u2019exp\u00e9riment\u00e9 Nicolas Pallois et <a href=\"https:\/\/www.ledauphine.com\/sport\/2025\/06\/24\/meilleur-joueur-du-fc-annecy-la-saison-derniere-yohan-demoncy-vers-reims\" target=\"_blank\" rel=\"noopener\">le milieu ann\u00e9cien Yohan Demoncy<\/a>. En meilleure sant\u00e9 financi\u00e8re, les Verts ont eux d\u00e9j\u00e0 d\u00e9pens\u00e9 pr\u00e8s de 18\u00a0millions d\u2019euros pour lever certaines options d\u2019achat et se renforcer. M\u00eame si leurs stars Davitashvili, Stassin, Atangana ou encore Nakamura brilleront peut-\u00eatre loin de l\u2019Hexagone le mois prochain, R\u00e9mois et St\u00e9phanois devraient jouer les premiers r\u00f4les cette saison.<\/p>\n<p>  Dunkerque, temp\u00eate dans la rade<\/p>\n<p>Quatri\u00e8me du championnat et demi-finaliste de la Coupe de France, Dunkerque a surpris tout son monde l\u2019an pass\u00e9. Mais le club nordiste a connu un d\u00e9but d\u2019\u00e9t\u00e9 agit\u00e9, depuis <a href=\"https:\/\/www.ledauphine.com\/sport\/2025\/06\/16\/ligue-1-luis-castro-officialise-sur-le-banc-du-fc-nantes-pour-deux-saisons\" target=\"_blank\" rel=\"noopener\">le d\u00e9part pour Nantes de son entra\u00eeneur Luis Castro<\/a>.<\/p>\n<p>Son successeur et compatriote, Gon\u00e7alo Feio <a href=\"https:\/\/www.ledauphine.com\/sport\/2025\/07\/15\/une-equipe-d-amateurs-pourquoi-le-nouvel-entraineur-de-dunkerque-a-deja-fait-ses-valises\" target=\"_blank\" rel=\"noopener\">n\u2019est rest\u00e9 que quinze jours en poste<\/a> , apr\u00e8s s\u2019\u00eatre mis le vestiaire et ses dirigeants \u00e0 dos. Charge \u00e0 l\u2019Espagnol Albert Sanchez, 38 ans et ex-coach de la r\u00e9serve du FC Barcelone, d\u2019insuffler de la s\u00e9r\u00e9nit\u00e9 \u00e0 ses joueurs.<\/p>\n<p>Tout en conservant les principes de jeu offensifs qui ont fait de l\u2019USLD l\u2019une des curiosit\u00e9s de la saison \u00e9coul\u00e9e. Premiers \u00e9l\u00e9ments de r\u00e9ponse samedi (20h), contre Clermont, pass\u00e9 en deux ans de la premi\u00e8re moiti\u00e9 de tableau de L1 aux portes du National.<\/p>\n<p>  Guingamp, chaud devant\u00a0!<\/p>\n<p>Toujours class\u00e9 en premi\u00e8re partie de tableau depuis sa descente il y a six ans, l\u2019En Avant Guingamp fait sans doute encore partie des \u00e9quipes \u00e0 surveiller cette ann\u00e9e. Si elle ne peut plus compter sur Hugo Picard, qui a fil\u00e9 en MLS, la troisi\u00e8me meilleure attaque de L2 la saison pass\u00e9e a officialis\u00e9 mardi l\u2019arriv\u00e9e du buteur centrafricain d\u2019Amiens Louis Mafouta, auteur de 35 r\u00e9alisations lors des trois derni\u00e8res saisons.<\/p>\n<p>Surtout, les Bretons ont pris la bonne habitude de d\u00e9marrer tr\u00e8s fort leur championnat\u00a0: ils ont entam\u00e9 chacun de leurs trois derniers exercices par un large succ\u00e8s inaugural, inscrivant \u00e0 chaque fois quatre buts (contre Pau, \u00e0 Annecy et face \u00e0 Troyes). Le\u00a0Mans, qui se d\u00e9place d\u2019entr\u00e9e au Roudourou samedi (14h), est pr\u00e9venu\u00a0!<\/p>\n<p>  Le\u00a0Mans, \u00ab\u00a0Djoko\u00a0\u00bb et les fous du volant<\/p>\n<p>En attendant de f\u00eater son retour dans l\u2019antichambre du football fran\u00e7ais douze ans apr\u00e8s sa derni\u00e8re apparition, le promu sarthois a d\u00e9j\u00e0 fait parler de lui cet \u00e9t\u00e9.<\/p>\n<p>Il y a une semaine, il a annonc\u00e9 l\u2019ouverture de son capital \u00e0 un actionnaire minoritaire, le groupe br\u00e9silien Outfield. L\u2019un de ses investisseurs, Georgios Frangulis est le fondateur de Oakberry, une cha\u00eene de restauration rapide di\u00e9t\u00e9tique. Mais \u00e9galement un grand passionn\u00e9 d\u2019automobile et le compagnon de la n\u00b01 mondiale de tennis, <a href=\"https:\/\/www.ledauphine.com\/p\/aryna-sabalenka\" target=\"_blank\" rel=\"noopener\">Aryna Sabalenka<\/a>.<\/p>\n<p>Il a notamment convaincu les ex-pilotes de F1 Felipe Massa et Kevin Magnussen, mais aussi un certain <a href=\"https:\/\/www.ledauphine.com\/p\/novak-djokovic\" target=\"_blank\" rel=\"noopener\">Novak Djokovic<\/a>, de l\u2019accompagner dans cette nouvelle aventure. Une op\u00e9ration paillettes ou un v\u00e9ritable tournant pour le Muc\u00a0? Son pr\u00e9sident, Thierry Gomez assure \u00ab\u00a0rester les pieds sur terre\u00a0\u00bb, avec \u00ab\u00a0toujours la m\u00eame id\u00e9e\u00a0: construire doucement.\u00a0\u00bb<\/p>\n<p class=\"note\">Seuls huit matches de cette premi\u00e8re journ\u00e9e se tiennent ce week-end, puisque la LFP a d\u00e9cid\u00e9 de reporter le derby Ajaccio-Bastia. En grande difficult\u00e9 financi\u00e8re, l\u2019ACA a \u00e9t\u00e9 r\u00e9trograd\u00e9 en National par la DNCG fin juin. Une sanction confirm\u00e9e par la FFF le 15\u00a0juillet. Le club corse <a href=\"https:\/\/www.ledauphine.com\/sport\/2025\/08\/06\/relegue-de-la-ligue-2-au-national-1-ajaccio-renonce-a-faire-appel-et-tente-de-sauver-son-statut-pro\" target=\"_blank\" rel=\"noopener\">n\u2019ayant pas fait appel devant le CNOSF<\/a> , Boulogne-sur-Mer, battu par Clermont lors des barrages en fin de saison derni\u00e8re, a \u00e9t\u00e9 rep\u00each\u00e9.<\/p>\n","protected":false},"excerpt":{"rendered":"Saint-\u00c9tienne, Reims et les autres\u00a0? L\u2019\u00e9t\u00e9 s\u2019annonce encore long et la fin du mercato peut rebattre certaines cartes.&hellip;\n","protected":false},"author":2,"featured_media":304844,"comment_status":"","ping_status":"","sticky":false,"template":"","format":"standard","meta":{"footnotes":""},"categories":[9],"tags":[3853,3854,3855,3856,4637,112,113,9543,114,20116,107,63,1011,27,12637,2731,2732,12636,517,1947,60],"class_list":{"0":"post-304843","1":"post","2":"type-post","3":"status-publish","4":"format-standard","5":"has-post-thumbnail","7":"category-sports","8":"tag-annecy","9":"tag-annecy-bassin","10":"tag-annecy-region","11":"tag-edition-annecy-rumilly-les-aravis","12":"tag-edition-grand-geneve-chablais-ain","13":"tag-edition-grenoble-agglomeration","14":"tag-edition-gresivaudan-oisans","15":"tag-edition-mont-blanc-arve","16":"tag-edition-voiron-saint-marcellin","17":"tag-fc-annecy","18":"tag-fil-info","19":"tag-football","20":"tag-fr","21":"tag-france","22":"tag-gf38-grenoble-foot-38","23":"tag-grenoble","24":"tag-grenoble-bassin","25":"tag-ligue-2-football","26":"tag-sport","27":"tag-sport-national","28":"tag-sports"},"share_on_mastodon":{"url":"https:\/\/pubeurope.com\/@fr\/114992649664918079","error":""},"_links":{"self":[{"href":"https:\/\/www.europesays.com\/fr\/wp-json\/wp\/v2\/posts\/304843","targetHints":{"allow":["GET"]}}],"collection":[{"href":"https:\/\/www.europesays.com\/fr\/wp-json\/wp\/v2\/posts"}],"about":[{"href":"https:\/\/www.europesays.com\/fr\/wp-json\/wp\/v2\/types\/post"}],"author":[{"embeddable":true,"href":"https:\/\/www.europesays.com\/fr\/wp-json\/wp\/v2\/users\/2"}],"replies":[{"embeddable":true,"href":"https:\/\/www.europesays.com\/fr\/wp-json\/wp\/v2\/comments?post=304843"}],"version-history":[{"count":0,"href":"https:\/\/www.europesays.com\/fr\/wp-json\/wp\/v2\/posts\/304843\/revisions"}],"wp:featuredmedia":[{"embeddable":true,"href":"https:\/\/www.europesays.com\/fr\/wp-json\/wp\/v2\/media\/304844"}],"wp:attachment":[{"href":"https:\/\/www.europesays.com\/fr\/wp-json\/wp\/v2\/media?parent=304843"}],"wp:term":[{"taxonomy":"category","embeddable":true,"href":"https:\/\/www.europesays.com\/fr\/wp-json\/wp\/v2\/categories?post=304843"},{"taxonomy":"post_tag","embeddable":true,"href":"https:\/\/www.europesays.com\/fr\/wp-json\/wp\/v2\/tags?post=304843"}],"curies":[{"name":"wp","href":"https:\/\/api.w.org\/{rel}","templated":true}]}}