{"id":304847,"date":"2025-08-08T10:23:11","date_gmt":"2025-08-08T10:23:11","guid":{"rendered":"https:\/\/www.europesays.com\/fr\/304847\/"},"modified":"2025-08-08T10:23:11","modified_gmt":"2025-08-08T10:23:11","slug":"microsoft-predit-la-fin-de-la-souris-et-du-clavier-leur-remplacant-ne-va-pas-forcement-vous-plaire","status":"publish","type":"post","link":"https:\/\/www.europesays.com\/fr\/304847\/","title":{"rendered":"Microsoft pr\u00e9dit la fin de la souris et du clavier, leur rempla\u00e7ant ne va pas forc\u00e9ment vous plaire"},"content":{"rendered":"<p>Dans une nouvelle s\u00e9rie de vid\u00e9os intitul\u00e9e Windows 2030 Vision, Microsoft esquisse un futur o\u00f9 l\u2019intelligence artificielle agentique rendrait nos p\u00e9riph\u00e9riques actuels totalement obsol\u00e8tes. D\u2019ici 2030, interagir avec sa souris et son clavier pourrait nous sembler aussi archa\u00efque que d\u2019utiliser MS-DOS aujourd\u2019hui. Une vision audacieuse, mais est-elle vraiment r\u00e9aliste\u00a0?<\/p>\n<p>Oubliez tout ce que vous savez sur l\u2019informatique. C\u2019est en substance le message de David Weston, vice-pr\u00e9sident de la s\u00e9curit\u00e9 chez Microsoft. Pour lui, le constat est sans appel\u00a0: <strong>\u00ab\u00a0le monde de la souris et du clavier semblera aussi \u00e9tranger qu\u2019il l\u2019est pour la g\u00e9n\u00e9ration Z d\u2019utiliser MS-DOS\u00a0\u00bb<\/strong>. La raison de ce bouleversement sera l\u2019av\u00e8nement d\u2019une <strong>IA dite \u00ab\u00a0agentique\u00a0\u00bb<\/strong>, qui serait directement int\u00e9gr\u00e9e au c\u0153ur du syst\u00e8me d\u2019exploitation.<\/p>\n<p>Contrairement \u00e0 un assistant comme Copilot, qui reste une application dans Windows, cette IA serait le chef d\u2019orchestre de votre PC. L\u2019id\u00e9e est de passer \u00e0 une interaction multimodale.<\/p>\n<blockquote>\n<p>\u00ab\u00a0L\u2019ordinateur sera capable de voir ce que nous voyons, d\u2019entendre ce que nous entendons, et nous pourrons lui parler pour lui demander de faire des choses beaucoup plus sophistiqu\u00e9es\u00a0\u00bb, explique David Weston.<\/p>\n<\/blockquote>\n<p>En clair, on passerait moins de temps les yeux riv\u00e9s sur l\u2019\u00e9cran et on communiquerait avec nos machines par le <strong>langage naturel<\/strong>. Au lieu de cliquer sur une s\u00e9rie de menus pour accomplir une t\u00e2che, il suffirait de la demander. Une vision que le PDG <a href=\"https:\/\/www.01net.com\/actualites\/microsoft-est-30-pourcent-entreprise-generee-par-intelligence-artificielle-avoue-patron-satya-nadella.html\" rel=\"nofollow noopener\" target=\"_blank\">Satya Nadella soutient lui-m\u00eame<\/a>, affirmant que l\u2019IA va <strong>\u00ab\u00a0fondamentalement changer ce qu\u2019est un syst\u00e8me d\u2019exploitation\u00a0\u00bb<\/strong>.<\/p>\n<p> Plus qu\u2019une vision, un projet secret d\u00e9j\u00e0 en marche <\/p>\n<p>Cette perspective peut sembler lointaine, tout droit sortie d\u2019un film de science-fiction. Pourtant, il ne s\u2019agirait pas seulement de concepts en l\u2019air. Selon le site sp\u00e9cialis\u00e9 <a href=\"https:\/\/www.windowscentral.com\/microsoft\/windows-11\/microsoft-suggests-the-future-of-windows-will-make-todays-operating-systems-feel-alien-to-use-heres-what-that-really-means\" target=\"_blank\" rel=\"false noopener nofollow\">Windows Central<\/a>, Microsoft ne se contente pas de r\u00eaver \u00e0 ce futur et un <strong>projet secret serait d\u00e9j\u00e0 en cours<\/strong> pour explorer activement cette v\u00e9ritable r\u00e9volution. Des prototypes fonctionnels existeraient m\u00eame d\u00e9j\u00e0 en interne.<\/p>\n<\/p>\n<p>L\u2019objectif est de faire de Copilot non plus une simple surcouche, mais <strong>le c\u0153ur m\u00eame de l\u2019exp\u00e9rience Windows<\/strong>. Microsoft est dans une position unique pour imposer son IA dans le quotidien de millions d\u2019utilisateurs, l\u00e0 o\u00f9 des concurrents comme OpenAI ou Perplexity resteront confin\u00e9s \u00e0 une application.<\/p>\n<p> Un futur cr\u00e9dible ou un simple coup de com\u2019\u00a0? <\/p>\n<p>Si la promesse est all\u00e9chante, la route est encore longue et sem\u00e9e d\u2019emb\u00fbches et plusieurs points viennent temp\u00e9rer cet optimisme. Tout d\u2019abord, la m\u00e9fiance des utilisateurs \u00e0 l\u2019\u00e9gard de l\u2019IA se v\u00e9rifie encore et la vid\u00e9o de pr\u00e9sentation sur YouTube a r\u00e9colt\u00e9 plus de dislikes (Je n\u2019aime pas) que de likes (J\u2019aime), signe d\u2019un certain scepticisme. L\u2019id\u00e9e d\u2019un OS qui voit et entend tout soul\u00e8ve d\u2019in\u00e9vitables questions de vie priv\u00e9e.<\/p>\n<p>De plus, Microsoft a un historique de promesses ambitieuses qui peinent \u00e0 se concr\u00e9tiser. On pense notamment aux ordinateurs portables <a href=\"https:\/\/www.01net.com\/actualites\/ai-pc-peine-copilot-panne-utilisateurs-ia-intel-microsoft-mal-seduire-consommateurs.html\" rel=\"nofollow noopener\" target=\"_blank\">Copilot+ qui n\u2019ont pas tenu toutes leurs promesses<\/a>, ou \u00e0 la pol\u00e9mique autour de la fonction <strong>Recall<\/strong>, qui a forc\u00e9 Microsoft \u00e0 <a href=\"https:\/\/www.01net.com\/actualites\/microsoft-finalement-proposer-recall-fonction-maudite-windows-11-grand-public.html\" rel=\"nofollow noopener\" target=\"_blank\">faire machine arri\u00e8re<\/a>. Enfin, la firme de Redmond doit se m\u00e9fier de l\u2019exode des utilisateurs alors que Windows aurait perdu pr\u00e8s de 400 millions d\u2019utilisateurs ces derni\u00e8res ann\u00e9es. Cette nouvelle vision sera-t-elle suffisante pour inverser la tendance face \u00e0 des alternatives comme Linux qui gagnent en popularit\u00e9\u00a0?<\/p>\n<p>Alors, faut-il s\u2019attendre \u00e0 jeter nos souris avec l\u2019arriv\u00e9e de <strong>Windows 12<\/strong>\u00a0? Probablement pas tout de suite. Ce futur o\u00f9 l\u2019on commande son PC \u00e0 la voix est une vision \u00e0 long terme. Il est clair que les bases sont en train d\u2019\u00eatre pos\u00e9es, mais l\u2019id\u00e9e que le clavier et la souris deviennent des antiquit\u00e9s d\u2019ici cinq ans semble, pour l\u2019heure, un pari audacieux. Tr\u00e8s audacieux.<\/p>\n<blockquote>\n<p class=\"text-base text-neutral-700 dark:text-neutral-300\">\ud83d\udd34 Pour ne manquer aucune actualit\u00e9 de 01net, suivez-nous sur <a href=\"https:\/\/news.google.com\/publications\/CAAqBwgKMJPsvAswoIfUAw?hl=fr&amp;gl=FR&amp;ceid=FR%3Afr\" target=\"_blank\" rel=\"nofollow noopener\">Google Actualit\u00e9s<\/a> et <a href=\"https:\/\/whatsapp.com\/channel\/0029VaH5gKg6xCSG9nQQhQ1Z\" target=\"_blank\" rel=\"nofollow noopener\">WhatsApp<\/a>.<\/p>\n<\/blockquote>\n<p>            <img decoding=\"async\" src=\"https:\/\/www.europesays.com\/fr\/wp-content\/uploads\/2025\/04\/4NZ4LnDsUw9UvFnnxwTz2BKfp8VD92PRD8LTt3Ek.png\" alt=\"Opera One - Navigateur web boost\u00e9 \u00e0 l\u2019IA\" loading=\"lazy\"\/>                                            Opera One &#8211; Navigateur web boost\u00e9 \u00e0 l\u2019IA                 <\/p>\n<p>Par\u00a0: Opera<\/p>\n","protected":false},"excerpt":{"rendered":"Dans une nouvelle s\u00e9rie de vid\u00e9os intitul\u00e9e Windows 2030 Vision, Microsoft esquisse un futur o\u00f9 l\u2019intelligence artificielle agentique&hellip;\n","protected":false},"author":2,"featured_media":304848,"comment_status":"","ping_status":"","sticky":false,"template":"","format":"standard","meta":{"footnotes":""},"categories":[7],"tags":[1011,27,5533,43,40,41,39,42,44,32088,44468],"class_list":{"0":"post-304847","1":"post","2":"type-post","3":"status-publish","4":"format-standard","5":"has-post-thumbnail","7":"category-sciences-et-technologies","8":"tag-fr","9":"tag-france","10":"tag-microsoft","11":"tag-science","12":"tag-science-and-technology","13":"tag-sciences","14":"tag-sciences-et-technologies","15":"tag-technologies","16":"tag-technology","17":"tag-windows","18":"tag-windows-12"},"share_on_mastodon":{"url":"https:\/\/pubeurope.com\/@fr\/114992657600735550","error":""},"_links":{"self":[{"href":"https:\/\/www.europesays.com\/fr\/wp-json\/wp\/v2\/posts\/304847","targetHints":{"allow":["GET"]}}],"collection":[{"href":"https:\/\/www.europesays.com\/fr\/wp-json\/wp\/v2\/posts"}],"about":[{"href":"https:\/\/www.europesays.com\/fr\/wp-json\/wp\/v2\/types\/post"}],"author":[{"embeddable":true,"href":"https:\/\/www.europesays.com\/fr\/wp-json\/wp\/v2\/users\/2"}],"replies":[{"embeddable":true,"href":"https:\/\/www.europesays.com\/fr\/wp-json\/wp\/v2\/comments?post=304847"}],"version-history":[{"count":0,"href":"https:\/\/www.europesays.com\/fr\/wp-json\/wp\/v2\/posts\/304847\/revisions"}],"wp:featuredmedia":[{"embeddable":true,"href":"https:\/\/www.europesays.com\/fr\/wp-json\/wp\/v2\/media\/304848"}],"wp:attachment":[{"href":"https:\/\/www.europesays.com\/fr\/wp-json\/wp\/v2\/media?parent=304847"}],"wp:term":[{"taxonomy":"category","embeddable":true,"href":"https:\/\/www.europesays.com\/fr\/wp-json\/wp\/v2\/categories?post=304847"},{"taxonomy":"post_tag","embeddable":true,"href":"https:\/\/www.europesays.com\/fr\/wp-json\/wp\/v2\/tags?post=304847"}],"curies":[{"name":"wp","href":"https:\/\/api.w.org\/{rel}","templated":true}]}}