{"id":304851,"date":"2025-08-08T10:25:10","date_gmt":"2025-08-08T10:25:10","guid":{"rendered":"https:\/\/www.europesays.com\/fr\/304851\/"},"modified":"2025-08-08T10:25:10","modified_gmt":"2025-08-08T10:25:10","slug":"aux-etats-unis-un-feu-de-vegetation-baptise-canyon-fire-setend-en-californie-des-milliers-de-personnes-evacuees","status":"publish","type":"post","link":"https:\/\/www.europesays.com\/fr\/304851\/","title":{"rendered":"Aux Etats-Unis, un feu de v\u00e9g\u00e9tation baptis\u00e9 Canyon Fire s\u2019\u00e9tend en Californie, des milliers de personnes \u00e9vacu\u00e9es"},"content":{"rendered":"\n<p class=\"article__paragraph article__paragraph--lf \">Les pompiers de la C\u00f4te ouest am\u00e9ricaine s\u2019efforcent de contenir, dans la nuit de jeudi \u00e0 vendredi 8\u00a0ao\u00fbt, des feux de v\u00e9g\u00e9tation qui se propagent rapidement dans le sud de la Californie, for\u00e7ant les autorit\u00e9s locales \u00e0 ordonner l\u2019\u00e9vacuation de milliers de personnes.<\/p>\n<p class=\"article__paragraph article__paragraph--lf \">Baptis\u00e9 Canyon Fire par les autorit\u00e9s, l\u2019incendie s\u2019est d\u00e9clar\u00e9 jeudi en d\u00e9but d\u2019apr\u00e8s-midi dans le comt\u00e9 de Ventura, r\u00e9gion montagneuse situ\u00e9e \u00e0 une centaine de kilom\u00e8tres au nord-ouest de Los Angeles. Il a ravag\u00e9 en quelques heures pr\u00e8s 2\u00a0000 hectares de v\u00e9g\u00e9tation \u00e0 cheval sur les comt\u00e9s de Los Angeles et de Ventura, selon le dernier bilan, vendredi matin, du d\u00e9partement des for\u00eats et de la protection contre les incendies de Californie, Cal Fire, principal service de lutte contre les feux dans l\u2019Etat.<\/p>\n<p>                                   Lire aussi |  Article r\u00e9serv\u00e9 \u00e0 nos abonn\u00e9s  <a href=\"https:\/\/www.lemonde.fr\/m-le-mag\/article\/2025\/06\/19\/aux-etats-unis-le-doge-joue-avec-le-feu_6614649_4500055.html\" class=\"js-article-read-also catcher--favoris__link\" data-premium=\"1\" id=\"article-title-3425664\" rel=\"nofollow noopener\" target=\"_blank\">Aux Etats-Unis, le DOGE joue avec le feu<\/a>    <\/p>\n<p>   Lire plus tard  <\/p>\n<p class=\"article__paragraph article__paragraph--lf \">Une dizaine de zones, dans lesquelles vivent des milliers de personnes, sont concern\u00e9es par des ordres d\u2019\u00e9vacuation, en raison de ce feu qui \u00ab\u00a0se propage rapidement vers l\u2019est\u00a0\u00bb, souligne Cal Fire sur son site Internet, expliquant qu\u2019il menace les lignes \u00e9lectriques et certaines \u00ab\u00a0communaut\u00e9s\u00a0\u00bb.<\/p>\n<p>           Aucune habitation touch\u00e9e pour l\u2019heure                          <img viewbox=\"0 0 664 443\"   width=\"664\" height=\"443\" alt=\" Les pompiers luttent contre les flammes du Canyon Fire,\u00a0\u00e0 Castaic (Californie), le 7\u00a0ao\u00fbt 2025. \"\/>    Les pompiers luttent contre les flammes du Canyon Fire,\u00a0\u00e0 Castaic (Californie), le 7\u00a0ao\u00fbt 2025.  ERIC THAYER\/AFP                                <img viewbox=\"0 0 664 443\"   width=\"664\" height=\"443\" alt=\"Un habitant \u00e9vacue sa propri\u00e9t\u00e9 atteinte par l\u2019incendie,\u00a0\u00e0 Hasley Canyon (Californie), le 7\u00a0ao\u00fbt 2025.\"\/>    Un habitant \u00e9vacue sa propri\u00e9t\u00e9 atteinte par l\u2019incendie,\u00a0\u00e0 Hasley Canyon (Californie), le 7\u00a0ao\u00fbt 2025.  MARCIO JOSE SANCHEZ\/AP                 <\/p>\n<p class=\"article__paragraph article__paragraph--lf \">Au moins 2\u00a0700 habitants ont d\u00fb quitter leurs foyers au dernier d\u00e9compte, jeudi \u00e0 23\u00a0heures (8\u00a0heures vendredi, \u00e0 Paris), a d\u00e9clar\u00e9 vendredi \u00e0 l\u2019Agence France-Presse (AFP) le porte-parole des pompiers du comt\u00e9 de Ventura, Andrew Dowd. Les pompiers des deux comt\u00e9s concern\u00e9s \u00ab\u00a0travaillent activement [sur] une strat\u00e9gie de long terme pour contenir et \u00e9teindre le feu\u00a0\u00bb, a \u00e9galement soulign\u00e9 le d\u00e9partement des for\u00eats et de la protection contre les incendies de Californie.<\/p>\n<p>                              Lire aussi |  <a href=\"https:\/\/www.lemonde.fr\/planete\/article\/2025\/07\/08\/incendie-en-californie-les-pompiers-progressent-face-au-madre-fire-plus-de-32-500-hectares-deja-ravages_6619718_3244.html\" class=\"js-article-read-also catcher--favoris__link\" data-premium=\"\" id=\"article-title-3430602\" rel=\"nofollow noopener\" target=\"_blank\">Incendie en Californie\u00a0: les pompiers progressent face au\u00a0Madre Fire, plus de 32\u00a0500 hectares d\u00e9j\u00e0 ravag\u00e9s<\/a>    <\/p>\n<p>   Lire plus tard  <\/p>\n<p class=\"article__paragraph article__paragraph--lf \">Pour l\u2019heure, aucune personne n\u2019a \u00e9t\u00e9 bless\u00e9e ni aucune habitation touch\u00e9e, ont soulign\u00e9 vendredi matin les pompiers du comt\u00e9 de Los Angeles sur leur compte X. \u00ab\u00a0Il est fortement recommand\u00e9 aux r\u00e9sidents de suivre les instructions des autorit\u00e9s (\u2026) et \u00e9vacuer imm\u00e9diatement quand cela est demand\u00e9\u00a0\u00bb, ont conseill\u00e9 les services d\u2019urgence du comt\u00e9 de Ventura.<\/p>\n<p class=\"article__paragraph article__paragraph--lf \">Le Canyon Fire s\u2019\u00e9tend dans le sud de la Californie au moment o\u00f9 plusieurs autres incendies ravagent d\u00e9j\u00e0 la r\u00e9gion.<\/p>\n<p>                           <img viewbox=\"0 0 664 443\"  width=\"664\" height=\"443\" alt=\" Un avion largue du produit ignifuge sur une colline lors du Canyon Fire, \u00e0 Piru (Californie), le 7\u00a0ao\u00fbt\u00a02025.\"\/>    Un avion largue du produit ignifuge sur une colline lors du Canyon Fire, \u00e0 Piru (Californie), le 7\u00a0ao\u00fbt\u00a02025.  ERIC THAYER \/ AFP               <\/p>\n","protected":false},"excerpt":{"rendered":"Les pompiers de la C\u00f4te ouest am\u00e9ricaine s\u2019efforcent de contenir, dans la nuit de jeudi \u00e0 vendredi 8\u00a0ao\u00fbt,&hellip;\n","protected":false},"author":2,"featured_media":304852,"comment_status":"","ping_status":"","sticky":false,"template":"","format":"standard","meta":{"footnotes":""},"categories":[5],"tags":[11,1011,27,14,12,28],"class_list":{"0":"post-304851","1":"post","2":"type-post","3":"status-publish","4":"format-standard","5":"has-post-thumbnail","7":"category-international","8":"tag-actualites","9":"tag-fr","10":"tag-france","11":"tag-international","12":"tag-news","13":"tag-world"},"share_on_mastodon":{"url":"https:\/\/pubeurope.com\/@fr\/114992665363917985","error":""},"_links":{"self":[{"href":"https:\/\/www.europesays.com\/fr\/wp-json\/wp\/v2\/posts\/304851","targetHints":{"allow":["GET"]}}],"collection":[{"href":"https:\/\/www.europesays.com\/fr\/wp-json\/wp\/v2\/posts"}],"about":[{"href":"https:\/\/www.europesays.com\/fr\/wp-json\/wp\/v2\/types\/post"}],"author":[{"embeddable":true,"href":"https:\/\/www.europesays.com\/fr\/wp-json\/wp\/v2\/users\/2"}],"replies":[{"embeddable":true,"href":"https:\/\/www.europesays.com\/fr\/wp-json\/wp\/v2\/comments?post=304851"}],"version-history":[{"count":0,"href":"https:\/\/www.europesays.com\/fr\/wp-json\/wp\/v2\/posts\/304851\/revisions"}],"wp:featuredmedia":[{"embeddable":true,"href":"https:\/\/www.europesays.com\/fr\/wp-json\/wp\/v2\/media\/304852"}],"wp:attachment":[{"href":"https:\/\/www.europesays.com\/fr\/wp-json\/wp\/v2\/media?parent=304851"}],"wp:term":[{"taxonomy":"category","embeddable":true,"href":"https:\/\/www.europesays.com\/fr\/wp-json\/wp\/v2\/categories?post=304851"},{"taxonomy":"post_tag","embeddable":true,"href":"https:\/\/www.europesays.com\/fr\/wp-json\/wp\/v2\/tags?post=304851"}],"curies":[{"name":"wp","href":"https:\/\/api.w.org\/{rel}","templated":true}]}}