{"id":304853,"date":"2025-08-08T10:26:13","date_gmt":"2025-08-08T10:26:13","guid":{"rendered":"https:\/\/www.europesays.com\/fr\/304853\/"},"modified":"2025-08-08T10:26:13","modified_gmt":"2025-08-08T10:26:13","slug":"ardeche-un-chien-retrouve-pendu-dans-une-foret-apres-avoir-ete-roue-de-coups","status":"publish","type":"post","link":"https:\/\/www.europesays.com\/fr\/304853\/","title":{"rendered":"Ard\u00e8che. Un chien retrouv\u00e9 pendu dans une for\u00eat, apr\u00e8s avoir \u00e9t\u00e9 rou\u00e9 de coups"},"content":{"rendered":"<p>Mercredi 6 ao\u00fbt, un chien a \u00e9t\u00e9 retrouv\u00e9 pendu \u00e0 un arbre \u00e0 proximit\u00e9 du parcours de sant\u00e9 de Roiffieux, en Nord-Ard\u00e8che. Un archer qui s\u2019entra\u00eenait dans les environs a fait la macabre d\u00e9couverte.<\/p>\n<p>Ce contenu est bloqu\u00e9 car vous n&rsquo;avez pas accept\u00e9 les cookies et autres traceurs.<\/p>\n<p>En cliquant sur \u00ab J\u2019accepte \u00bb, les cookies et autres traceurs seront d\u00e9pos\u00e9s et vous pourrez visualiser les contenus  (<a href=\"\" class=\"consentModule_policy\" target=\"_blank\" title=\"Consulter la politique de protection des donn\u00e9es du fournisseur\">plus d&rsquo;informations<\/a>).<\/p>\n<p>En cliquant sur \u00ab J\u2019accepte tous les cookies \u00bb, vous autorisez des d\u00e9p\u00f4ts de cookies et autres traceurs pour le stockage de vos donn\u00e9es sur nos sites et applications \u00e0 des fins de personnalisation et de ciblage publicitaire.<\/p>\n<p class=\"consentModule_secondaryText\">Vous gardez la possibilit\u00e9 de retirer votre consentement \u00e0 tout moment en consultant notre <a href=\"https:\/\/www.ledauphine.com\/protection-des-donnees\" target=\"_blank\" title=\"Consulter notre politique de protection des donn\u00e9es\" rel=\"noopener\">politique de protection des donn\u00e9es<\/a>. <br \/>&#13;<br \/>\n            <a href=\"https:\/\/www.ledauphine.com\/faits-divers-justice\/2025\/08\/08\/javascript:Didomi.notice.show()\" class=\"consentModule_cmp\" target=\"_blank\" rel=\"noopener\">G\u00e9rer mes choix<\/a>&#13;\n        <\/p>\n<p>&#13;<br \/>\n                        J&rsquo;accepte&#13;<br \/>\n            J&rsquo;accepte tous les cookies&#13;\n        <\/p>\n<p>  Rou\u00e9e de coups avant d&rsquo;\u00eatre pendue<\/p>\n<p>Une plainte a \u00e9t\u00e9 d\u00e9pos\u00e9e en gendarmerie par la SPA d\u2019Annonay le lendemain. Cette chienne a, d\u2019apr\u00e8s les premi\u00e8res constatations effectu\u00e9es, \u00e9t\u00e9 rou\u00e9e de coups avant d\u2019\u00eatre pendue \u00e0 un arbre.<\/p>\n<p>Les gendarmes de la communaut\u00e9 de brigades d\u2019Annonay sont charg\u00e9s de cette enqu\u00eate exceptionnelle \u00e0 plusieurs titres.<\/p>\n<p>\u00ab\u00a0Il s\u2019agit d\u2019un acte de cruaut\u00e9 in\u00e9dit \u00e0 ma connaissance\u00a0\u00bb, r\u00e9agit, tr\u00e8s \u00e9mu, Jacques Philippine, pr\u00e9sident de la SPA d\u2019Annonay.<\/p>\n<p>Plusieurs associations de d\u00e9fense des animaux ont d\u00e9j\u00e0 \u00e9t\u00e9 inform\u00e9es de cette sinistre d\u00e9couverte.<\/p>\n","protected":false},"excerpt":{"rendered":"Mercredi 6 ao\u00fbt, un chien a \u00e9t\u00e9 retrouv\u00e9 pendu \u00e0 un arbre \u00e0 proximit\u00e9 du parcours de sant\u00e9&hellip;\n","protected":false},"author":2,"featured_media":304854,"comment_status":"","ping_status":"","sticky":false,"template":"","format":"standard","meta":{"footnotes":""},"categories":[4],"tags":[11,1867,39687,4646,271,272,3827,274,107,1011,27,12,25,44469],"class_list":{"0":"post-304853","1":"post","2":"type-post","3":"status-publish","4":"format-standard","5":"has-post-thumbnail","7":"category-france","8":"tag-actualites","9":"tag-animaux","10":"tag-annonay-bassin","11":"tag-ardeche","12":"tag-crime","13":"tag-delit-et-contravention","14":"tag-edition-annonay-nord-ardeche","15":"tag-faits-divers-justice","16":"tag-fil-info","17":"tag-fr","18":"tag-france","19":"tag-news","20":"tag-republique-francaise","21":"tag-roiffieux"},"share_on_mastodon":{"url":"https:\/\/pubeurope.com\/@fr\/114992669263116086","error":""},"_links":{"self":[{"href":"https:\/\/www.europesays.com\/fr\/wp-json\/wp\/v2\/posts\/304853","targetHints":{"allow":["GET"]}}],"collection":[{"href":"https:\/\/www.europesays.com\/fr\/wp-json\/wp\/v2\/posts"}],"about":[{"href":"https:\/\/www.europesays.com\/fr\/wp-json\/wp\/v2\/types\/post"}],"author":[{"embeddable":true,"href":"https:\/\/www.europesays.com\/fr\/wp-json\/wp\/v2\/users\/2"}],"replies":[{"embeddable":true,"href":"https:\/\/www.europesays.com\/fr\/wp-json\/wp\/v2\/comments?post=304853"}],"version-history":[{"count":0,"href":"https:\/\/www.europesays.com\/fr\/wp-json\/wp\/v2\/posts\/304853\/revisions"}],"wp:featuredmedia":[{"embeddable":true,"href":"https:\/\/www.europesays.com\/fr\/wp-json\/wp\/v2\/media\/304854"}],"wp:attachment":[{"href":"https:\/\/www.europesays.com\/fr\/wp-json\/wp\/v2\/media?parent=304853"}],"wp:term":[{"taxonomy":"category","embeddable":true,"href":"https:\/\/www.europesays.com\/fr\/wp-json\/wp\/v2\/categories?post=304853"},{"taxonomy":"post_tag","embeddable":true,"href":"https:\/\/www.europesays.com\/fr\/wp-json\/wp\/v2\/tags?post=304853"}],"curies":[{"name":"wp","href":"https:\/\/api.w.org\/{rel}","templated":true}]}}