{"id":304857,"date":"2025-08-08T10:28:14","date_gmt":"2025-08-08T10:28:14","guid":{"rendered":"https:\/\/www.europesays.com\/fr\/304857\/"},"modified":"2025-08-08T10:28:14","modified_gmt":"2025-08-08T10:28:14","slug":"michel-celle-livre-ses-conseils","status":"publish","type":"post","link":"https:\/\/www.europesays.com\/fr\/304857\/","title":{"rendered":"Michel Celle livre ses conseils"},"content":{"rendered":"<p>Si la pluie est revenue dans le paysage for\u00e9zien, Michel Celle, le jardinier pontrambertois, d\u00e9clare\u00a0: \u00ab\u00a0Ce n\u2019est pas le niveau des pr\u00e9cipitations qui pose probl\u00e8me, mais l\u2019\u00e9l\u00e9vation des temp\u00e9ratures. On a une \u00e9vaporation tr\u00e8s importante et beaucoup de vent, ce qui dess\u00e8che davantage. \u00c0 cause de cela, nous vivons une p\u00e9riode compliqu\u00e9e pour avoir dans nos jardins des fruits et des l\u00e9gumes.\u00a0\u00bb<\/p>\n<p>L\u2019\u00e9t\u00e9, Michel Celle consacre beaucoup plus d\u2019heures \u00e0 son potager comme il l\u2019explique\u00a0: \u00ab\u00a0La hausse des temp\u00e9ratures suppose de mettre en place des techniques pour \u00e9viter la consommation d\u2019eau et aussi mettre en place des vari\u00e9t\u00e9s et des esp\u00e8ces plus r\u00e9sistantes \u00e0 la s\u00e9cheresse qu\u2019autrefois.\u00a0\u00bb<\/p>\n<p>  Paillage, oyas, jardin trou de serrure\u2026 comment \u00e9conomiser de l\u2019eau\u00a0?<\/p>\n<p>Le Pontrambertois nous livre ses astuces <a href=\"https:\/\/www.leprogres.fr\/economie\/2023\/12\/20\/serie-culture-et-changement-climatique-pourquoi-opter-pour-une-jardiniere-autonome-en-eau\" target=\"_blank\" rel=\"noopener\">pour \u00e9conomiser l\u2019eau<\/a>. Tout d\u2019abord, il utilise le paillage de fa\u00e7on importante. C\u2019est-\u00e0-dire une couche de 20 centim\u00e8tres en surface avec diff\u00e9rents mat\u00e9riaux\u00a0: de la paille, du foin, des feuilles\u2026 mais cela ne suffit pas.<\/p>\n<p>Dans sa petite serre, \u00e0 la base des plants de tomates, on d\u00e9couvre <a href=\"https:\/\/www.leprogres.fr\/economie\/2024\/06\/19\/il-explique-comment-economiser-l-eau-avec-des-pots-en-terre-cuite\" target=\"_blank\" rel=\"noopener\">des oyas<\/a> enfonc\u00e9s dans la terre. Ce sont des pots en c\u00e9ramique remplis d\u2019eau qui laissent \u00e9chapper l\u2019humidit\u00e9 dont les tomates ont besoin. \u00c0 c\u00f4t\u00e9, on trouve son <a href=\"https:\/\/www.leprogres.fr\/environnement\/2023\/11\/14\/le-jardin-trou-de-serrure-est-hyper-productif-et-hyper-econome-en-eau\" target=\"_blank\" rel=\"noopener\">jardin trou de serrure<\/a> compos\u00e9 de diff\u00e9rentes couches de compost qui nourrit le sol et permet de garder la fra\u00eecheur.<\/p>\n<p>\u00ab\u00a0Contrairement aux autres plants de tomates que je dois arroser tous les jours, lui, je l\u2019arrose seulement deux fois par semaine\u00a0\u00bb pr\u00e9cise le jardinier.<\/p>\n<p>  \u00ab\u00a0La plante a besoin d\u2019\u00e9nergie\u00a0\u00bb<\/p>\n<p>Autre technique qu\u2019il utilise c\u2019est la rigole. Michel Celle explique le concept\u00a0: \u00ab\u00a0La rigole permet d\u2019arroser en plus grande quantit\u00e9. Le long des rangs de l\u00e9gumes. En modelant deux buttes, je cr\u00e9e des rigoles et le soir, je mets le tuyau d\u2019arrosage dans le rang pour que cela profite aux plants.\u00a0\u00bb<\/p>\n<p>Mais face aux fortes chaleurs, arroser m\u00eame deux fois par jour n\u2019est pas suffisant. Le jardinier informe que \u00ab\u00a0La plante a besoin d\u2019\u00e9nergie. Il faut lui apporter r\u00e9guli\u00e8rement du compost, du fumier d\u00e9compos\u00e9, du purin d\u2019ortie riche en azote et du purin de consoude, riche en potasse.\u00a0\u00bb<\/p>\n<p>  \u00ab\u00a0Tout n\u2019est pas noir, mais tout est diff\u00e9rent d\u2019avant\u00a0\u00bb<\/p>\n<p>S\u2019occuper correctement de son jardin demande de la patience, du temps et aussi une certaine connaissance de sa terre. \u00ab\u00a0Oui, il est important d\u2019avoir une bonne connaissance de son sol. Savoir s\u2019il est argileux, sableux\u2026 cela a beaucoup d\u2019importance. \u00c0 Saint-Just-Saint-Rambert, il est tr\u00e8s l\u00e9ger, il ne retient pas l\u2019eau. Alors que mon deuxi\u00e8me jardin \u00e0 Unieux est argileux, il retient l\u2019eau. Donc j\u2019utilise des vari\u00e9t\u00e9s de haricots diff\u00e9rentes selon la composition du sol.\u00a0\u00bb<\/p>\n<p>Au final, le changement climatique qu\u2019il observe aujourd\u2019hui n\u00e9cessite beaucoup de travail dans son jardin et beaucoup plus de manipulations, \u00ab\u00a0quand il fait chaud, tout va tr\u00e8s vite, tout s\u2019acc\u00e9l\u00e8re. Donc il faut ramasser les courgettes tous les jours, les haricots tous les deux jours\u2026 Avec une surveillance accrue, quand il fait plus chaud, les maladies se prolif\u00e8rent et il y a plus d\u2019insectes. Je plante aussi mes pommes de terre plus t\u00f4t afin qu\u2019elles aient le temps de pousser\u00a0\u00bb explique-t-il.<\/p>\n<p>Fataliste, le jardinier conclut\u00a0: \u00ab\u00a0Tout n\u2019est pas noir, mais tout est diff\u00e9rent d\u2019avant.\u00a0\u00bb<\/p>\n","protected":false},"excerpt":{"rendered":"Si la pluie est revenue dans le paysage for\u00e9zien, Michel Celle, le jardinier pontrambertois, d\u00e9clare\u00a0: \u00ab\u00a0Ce n\u2019est pas&hellip;\n","protected":false},"author":2,"featured_media":304858,"comment_status":"","ping_status":"","sticky":false,"template":"","format":"standard","meta":{"footnotes":""},"categories":[9653],"tags":[1111,11,327,2430,6698,33,7359,436,1777,674,1011,27,12,5140,25,4001,20524,20525,12817],"class_list":{"0":"post-304857","1":"post","2":"type-post","3":"status-publish","4":"format-standard","5":"has-post-thumbnail","7":"category-saint-etienne","8":"tag-actu","9":"tag-actualites","10":"tag-agriculture","11":"tag-auvergne-rhone-alpes","12":"tag-canicule","13":"tag-economie","14":"tag-edition-loire-centre","15":"tag-environnement","16":"tag-eu","17":"tag-europe","18":"tag-fr","19":"tag-france","20":"tag-news","21":"tag-rechauffement-climatique","22":"tag-republique-francaise","23":"tag-saint-etienne","24":"tag-saint-just-saint-rambert","25":"tag-saint-just-saint-rambert-ville","26":"tag-secheresse"},"share_on_mastodon":{"url":"https:\/\/pubeurope.com\/@fr\/114992677064037728","error":""},"_links":{"self":[{"href":"https:\/\/www.europesays.com\/fr\/wp-json\/wp\/v2\/posts\/304857","targetHints":{"allow":["GET"]}}],"collection":[{"href":"https:\/\/www.europesays.com\/fr\/wp-json\/wp\/v2\/posts"}],"about":[{"href":"https:\/\/www.europesays.com\/fr\/wp-json\/wp\/v2\/types\/post"}],"author":[{"embeddable":true,"href":"https:\/\/www.europesays.com\/fr\/wp-json\/wp\/v2\/users\/2"}],"replies":[{"embeddable":true,"href":"https:\/\/www.europesays.com\/fr\/wp-json\/wp\/v2\/comments?post=304857"}],"version-history":[{"count":0,"href":"https:\/\/www.europesays.com\/fr\/wp-json\/wp\/v2\/posts\/304857\/revisions"}],"wp:featuredmedia":[{"embeddable":true,"href":"https:\/\/www.europesays.com\/fr\/wp-json\/wp\/v2\/media\/304858"}],"wp:attachment":[{"href":"https:\/\/www.europesays.com\/fr\/wp-json\/wp\/v2\/media?parent=304857"}],"wp:term":[{"taxonomy":"category","embeddable":true,"href":"https:\/\/www.europesays.com\/fr\/wp-json\/wp\/v2\/categories?post=304857"},{"taxonomy":"post_tag","embeddable":true,"href":"https:\/\/www.europesays.com\/fr\/wp-json\/wp\/v2\/tags?post=304857"}],"curies":[{"name":"wp","href":"https:\/\/api.w.org\/{rel}","templated":true}]}}