{"id":304867,"date":"2025-08-08T10:33:15","date_gmt":"2025-08-08T10:33:15","guid":{"rendered":"https:\/\/www.europesays.com\/fr\/304867\/"},"modified":"2025-08-08T10:33:15","modified_gmt":"2025-08-08T10:33:15","slug":"toulon-les-nominations-diocesaines","status":"publish","type":"post","link":"https:\/\/www.europesays.com\/fr\/304867\/","title":{"rendered":"Toulon : les nominations dioc\u00e9saines"},"content":{"rendered":"<p>Voici les nominations du dioc\u00e8se de Toulon pour septembre :<\/p>\n<p><strong>A compter du 1er septembre 2025<\/strong><\/p>\n<p>\u00a0<\/p>\n<p><strong>Dans le doyenn\u00e9 d\u2019Aups<\/strong><\/p>\n<ul>\n<li>Abb\u00e9 Richard BRIOUDE, diacre au service de la paroisse de Lorgues<\/li>\n<\/ul>\n<p>\u00a0<\/p>\n<p><strong>Dans le doyenn\u00e9 de Bandol\u00a0<\/strong><\/p>\n<ul>\n<li>Abb\u00e9 Joseph-Marie SALLE, cur\u00e9 d\u2019Ollioules<\/li>\n<\/ul>\n<p>\u00a0<\/p>\n<p><strong><img loading=\"lazy\" decoding=\"async\" class=\"alignleft size-medium wp-image-204131 lazyload\" src=\"https:\/\/www.europesays.com\/fr\/wp-content\/uploads\/2025\/08\/brignoles-83-st-louis-anjou2-300x300.jpg\" alt=\"\" width=\"300\" height=\"300\" data-  \/>Dans le doyenn\u00e9 de Brignoles\u00a0<\/strong><\/p>\n<ul>\n<li>Abb\u00e9 Elvis CASTILLO ALFARO, vicaire de Brignoles<\/li>\n<li>Abb\u00e9 Alexander GIRON, pr\u00eatre auxiliaire de Brignoles<\/li>\n<li>Abb\u00e9 Gino MENGONI, cur\u00e9 de Camps-la-Source\u00a0et\u00a0de la paroisse rattach\u00e9e Notre-Dame de l\u2019Assomption de La Celle<\/li>\n<li>Abb\u00e9 Gino MENGONI, vicaire de Brignoles<\/li>\n<li>R. P\u00e8re Orlando PERES SALAZAR, cur\u00e9 du Plateau de l\u2019Issole<\/li>\n<li>Abb\u00e9 Simon REBECCA\u00cf, cur\u00e9 de Brignoles<\/li>\n<li>R. P\u00e8re Alfonso TELLEZ FERNANDEZ, vicaire du Plateau de l\u2019Issole<\/li>\n<li>Abb\u00e9 Jean-Paul TREZIERES, cur\u00e9 de Gonfaron<\/li>\n<\/ul>\n<p><strong>Dans le doyenn\u00e9 de Cuers<\/strong><\/p>\n<ul>\n<li>Abb\u00e9 Joan COIFFU, cur\u00e9 de Puget-Ville<\/li>\n<li>R. P\u00e8re Gabriel KOM NOUMBISSIE, cur\u00e9 de Belgentier\u00a0et des paroisses rattach\u00e9es de Saint-Eutrope de M\u00e9ounes, Sainte-Agathe de Riboux et Saint-Pierre de Signes<\/li>\n<li>Abb\u00e9 Matthieu ROUILLE d\u2019ORFEUIL, pr\u00eatre auxiliaire de La Crau<\/li>\n<\/ul>\n<p>\u00a0<\/p>\n<p><strong><img loading=\"lazy\" decoding=\"async\" class=\"alignleft size-medium wp-image-142293 lazyload\" src=\"https:\/\/www.europesays.com\/fr\/wp-content\/uploads\/2025\/08\/draguignan-300x225.jpg\" alt=\"\" width=\"300\" height=\"225\" data-  \/>Dans le doyenn\u00e9 de Draguignan<\/strong><\/p>\n<ul>\n<li>R. P\u00e8re Guillaume COULIBALY, cur\u00e9 de Trans-en-Provence\u00a0et de la paroisse rattach\u00e9e Saint-Romain Saint-Quinis de La Motte<\/li>\n<li>Abb\u00e9 Destin Dhorel KOUNGA, cur\u00e9 de Flayosc et de la paroisse rattach\u00e9e Saint-Michel d\u2019Ampus<\/li>\n<li>Abb\u00e9 Cesar Alexander MUNOZ ARIAS, vicaire de Draguignan et de la paroisse rattach\u00e9e Sainte-Trinit\u00e9 de Rebouillon<\/li>\n<li>Abb\u00e9 Antonio NOTARGIACOMO (Fr\u00e8re Antonio), cur\u00e9 de Bargemon\u00a0et des paroisses rattach\u00e9es de l\u2019Assomption de Callas et Saint-Sylvestre de Claviers<\/li>\n<\/ul>\n<p><strong>Dans le doyenn\u00e9 de Fr\u00e9jus\u00a0<\/strong><\/p>\n<ul>\n<li>Abb\u00e9 Pierre AGUILA, cur\u00e9 des Adrets-de-l\u2019Est\u00e9rel<\/li>\n<li>Abb\u00e9 Ricardo DIAS DA SILVA, vicaire de la Cath\u00e9drale de Fr\u00e9jus<\/li>\n<li>Abb\u00e9 Diederik DUZIJN, cur\u00e9 de Fayence et des paroisses rattach\u00e9es de Bagnols-en-For\u00eat, Callian, Mons, Montauroux, Saint-Paul-en-For\u00eat, Seillans, Tanneron et Tourrettes<\/li>\n<li>Abb\u00e9 Nicolas LELEGARD, vicaire de Fayence\u00a0et des paroisses rattach\u00e9es de Bagnols-en-For\u00eat, Callian, Mons, Montauroux, Saint-Paul-en-For\u00eat, Seillans, Tanneron et Tourrettes<\/li>\n<li>Don Guillaume PLANTY, vicaire de Saint-Rapha\u00ebl\u00a0et des paroisses rattach\u00e9es Notre-Dame du Sacr\u00e9-C\u0153ur d\u2019Agay, Notre-Dame de la Paix de Saint-Rapha\u00ebl, le Sacr\u00e9-C\u0153ur de Boulouris et Sainte-Bernadette de Saint-Rapha\u00ebl<\/li>\n<li>Don Jean-Marcel VEAU, pr\u00eatre auxiliaire de Saint-Rapha\u00ebl\u00a0et des paroisses rattach\u00e9es Notre-Dame du Sacr\u00e9-C\u0153ur d\u2019Agay, Notre-Dame de la Paix de Saint-Rapha\u00ebl, le Sacr\u00e9-C\u0153ur de Boulouris et Sainte-Bernadette de Saint-Rapha\u00ebl<\/li>\n<\/ul>\n<p>\u00a0<\/p>\n<p><strong>Dans le doyenn\u00e9 de Hy\u00e8res<\/strong><\/p>\n<ul>\n<li>R. P\u00e8re J\u00e9r\u00e9my CAUMONT, vicaire de Hy\u00e8res<\/li>\n<li>Abb\u00e9 Pierre POMMERET, cur\u00e9 du Lavandou<\/li>\n<\/ul>\n<p><strong>Dans le doyenn\u00e9 de La Seyne\u00a0<\/strong><\/p>\n<ul>\n<li>Abb\u00e9 Philippe-Marie METAIS FONTENEL, cur\u00e9 de Saint-Mandrier<\/li>\n<li>Abb\u00e9 Jesus David PAZOS BELISARIO, administrateur de Saint-Jean-Baptiste \u00e0 La Seyne-sur-Mer<\/li>\n<\/ul>\n<p>\u00a0<\/p>\n<p><strong><img loading=\"lazy\" decoding=\"async\" class=\"alignleft size-medium wp-image-203928 lazyload\" src=\"https:\/\/www.europesays.com\/fr\/wp-content\/uploads\/2025\/08\/cathedrale-frejus2-300x300.jpg\" alt=\"\" width=\"300\" height=\"300\" data-  \/>Dans le doyenn\u00e9 de Saint-Maximin<\/strong><\/p>\n<ul>\n<li>Abb\u00e9 Didier BOUVET, cur\u00e9 de Brue-Auriac<\/li>\n<li>Abb\u00e9 Louis HOULEGATTE, vicaire de Saint-Maximin et de la paroisse rattach\u00e9e Saint-Andr\u00e9 de Seillons-Source-d\u2019Argens<\/li>\n<li>Dom Bruno LUTZ, administrateur de Vinon-sur-Verdon\u00a0et des paroisses rattach\u00e9es Sainte-Croix de Ginasservis et Sainte-Trinit\u00e9 de Saint-Julien-le-Montagnier<\/li>\n<li>Abb\u00e9 Hippolyte MUAKA LUSAVU, administrateur de Nans-les-Pins<\/li>\n<li>Abb\u00e9 Guilhem WEISER, vicaire de Rians et des paroisses rattach\u00e9e Ste Foy d\u2019Artigues, Sainte Agathe d\u2019Esparron et Notre-Dame de l\u2019Assomption de La Verdi\u00e8re\u00a0et de Vinon-sur-Verdon\u00a0et des paroisses rattach\u00e9es Sainte-Croix de Ginasservis et Sainte-Trinit\u00e9 de Saint-Julien-le-Montagnier<\/li>\n<\/ul>\n<p>\u00a0<\/p>\n<p><strong>Dans le doyenn\u00e9 de Saint-Tropez<\/strong><\/p>\n<ul>\n<li>Abb\u00e9 Antonio ARAQUE BERNAL, cur\u00e9 de La Croix-Valmer\u00a0et des paroisses rattach\u00e9es Notre-Dame de l\u2019Assomption de Ramatuelle<br \/>et Notre-Dame de l\u2019Assomption de Gassin<\/li>\n<li>Abb\u00e9 Tanguy POULIQUEN, vicaire de Sainte-Maxime<\/li>\n<li>Abb\u00e9 Horacio SANTAMARIA ARIAS, cur\u00e9 de Cavalaire-sur-Mer et de la paroisse rattach\u00e9e Sainte-Th\u00e9r\u00e8se de l\u2019Enfant-J\u00e9sus du Rayol-Canadel<\/li>\n<\/ul>\n<p><strong><img loading=\"lazy\" decoding=\"async\" class=\"alignleft size-medium wp-image-178913 lazyload\" src=\"https:\/\/www.europesays.com\/fr\/wp-content\/uploads\/2025\/08\/IMG_20230609_171443_492-300x300.jpg\" alt=\"\" width=\"300\" height=\"300\" data-  \/>Dans le doyenn\u00e9 de Toulon-est\u00a0<\/strong><\/p>\n<ul>\n<li>Monseigneur Lionel DALLE, cur\u00e9 de Sainte-Jeanne d\u2019Arc \u00e0 Toulon<\/li>\n<li>Abb\u00e9 Jean-Michel ROUSSEL, pr\u00eatre auxiliaire de Sainte-Jeanne d\u2019Arc \u00e0 Toulon<\/li>\n<li>Abb\u00e9 Quang Duc Joseph TRAN, vicaire de Sainte-Th\u00e9r\u00e8se \u00e0 Toulon<\/li>\n<\/ul>\n<p>\u00a0<\/p>\n<p><strong>Dans le doyenn\u00e9 de Toulon-ouest<\/strong><\/p>\n<ul>\n<li>Abb\u00e9 Fran\u00e7ois-Regis BLONDEL de JOIGNY, cur\u00e9 de Saint-Antoine-de-Padoue \u00e0 Toulon<\/li>\n<li>Abb\u00e9 Michel DE ASSIS SANCHEZ LOBATO, cur\u00e9 de Sainte-Roseline \u00e0 Toulon<\/li>\n<\/ul>\n<p>\u00a0<\/p>\n<p><strong>Dans le doyenn\u00e9 de Toulon-sud<\/strong><\/p>\n<ul>\n<li>Abb\u00e9 Aymeric FLOURY, vicaire du Mourillon<\/li>\n<\/ul>\n<p>\u00a0<\/p>\n<p><img loading=\"lazy\" decoding=\"async\" class=\"alignleft size-medium wp-image-178918 lazyload\" src=\"https:\/\/www.europesays.com\/fr\/wp-content\/uploads\/2025\/08\/IMG_20230609_172734_827-300x300.jpg\" alt=\"\" width=\"300\" height=\"300\" data-  \/>Autres missions<\/p>\n<p>Abb\u00e9 Baldassare ALAGNA, chapelain-aum\u00f4nier au CHITS Sainte Musse<\/p>\n<p>Abb\u00e9 Antonio ARAQUE BERNAL, chapelain-aum\u00f4nier au P\u00f4le Sant\u00e9 du Golfe de Saint-Tropez \u00e0 Gassin<\/p>\n<p>Abb\u00e9 Christian BLANC, chapelain-aum\u00f4nier des S\u0153urs Dominicaines Notre-Dame de Clart\u00e9<\/p>\n<p>Abb\u00e9 Stephen FAURE, membre du Conseil du S\u00e9minaire de La Castille<\/p>\n<p>Abb\u00e9 Jesus David PAZOS BELISARIO, chapelain-aum\u00f4nier de la Soci\u00e9t\u00e9 Saint-Vincent-de-Paul \u00e0 Toulon<\/p>\n<p>Abb\u00e9 Matthieu ROUILLE d\u2019ORFEUIL, professeur au S\u00e9minaire de La Castille<\/p>\n<p>Abb\u00e9 Matthieu ROUILLE d\u2019ORFEUIL, directeur-adjoint de l\u2019IDFP<\/p>\n<p>\u00a0<\/p>\n<p>\u00a0<\/p>\n<p>\u00a0<\/p>\n","protected":false},"excerpt":{"rendered":"Voici les nominations du dioc\u00e8se de Toulon pour septembre : A compter du 1er septembre 2025 \u00a0 Dans&hellip;\n","protected":false},"author":2,"featured_media":304868,"comment_status":"","ping_status":"","sticky":false,"template":"","format":"standard","meta":{"footnotes":""},"categories":[9619],"tags":[1111,11,38170,1777,674,1011,27,44470,12,9350,882,25,2310],"class_list":{"0":"post-304867","1":"post","2":"type-post","3":"status-publish","4":"format-standard","5":"has-post-thumbnail","7":"category-toulon","8":"tag-actu","9":"tag-actualites","10":"tag-diocese-de-frejus-toulon","11":"tag-eu","12":"tag-europe","13":"tag-fr","14":"tag-france","15":"tag-mgr-touvet","16":"tag-news","17":"tag-nominations","18":"tag-provence-alpes-cote-dazur","19":"tag-republique-francaise","20":"tag-toulon"},"share_on_mastodon":{"url":"https:\/\/pubeurope.com\/@fr\/114992696959745620","error":""},"_links":{"self":[{"href":"https:\/\/www.europesays.com\/fr\/wp-json\/wp\/v2\/posts\/304867","targetHints":{"allow":["GET"]}}],"collection":[{"href":"https:\/\/www.europesays.com\/fr\/wp-json\/wp\/v2\/posts"}],"about":[{"href":"https:\/\/www.europesays.com\/fr\/wp-json\/wp\/v2\/types\/post"}],"author":[{"embeddable":true,"href":"https:\/\/www.europesays.com\/fr\/wp-json\/wp\/v2\/users\/2"}],"replies":[{"embeddable":true,"href":"https:\/\/www.europesays.com\/fr\/wp-json\/wp\/v2\/comments?post=304867"}],"version-history":[{"count":0,"href":"https:\/\/www.europesays.com\/fr\/wp-json\/wp\/v2\/posts\/304867\/revisions"}],"wp:featuredmedia":[{"embeddable":true,"href":"https:\/\/www.europesays.com\/fr\/wp-json\/wp\/v2\/media\/304868"}],"wp:attachment":[{"href":"https:\/\/www.europesays.com\/fr\/wp-json\/wp\/v2\/media?parent=304867"}],"wp:term":[{"taxonomy":"category","embeddable":true,"href":"https:\/\/www.europesays.com\/fr\/wp-json\/wp\/v2\/categories?post=304867"},{"taxonomy":"post_tag","embeddable":true,"href":"https:\/\/www.europesays.com\/fr\/wp-json\/wp\/v2\/tags?post=304867"}],"curies":[{"name":"wp","href":"https:\/\/api.w.org\/{rel}","templated":true}]}}