{"id":304873,"date":"2025-08-08T10:36:09","date_gmt":"2025-08-08T10:36:09","guid":{"rendered":"https:\/\/www.europesays.com\/fr\/304873\/"},"modified":"2025-08-08T10:36:09","modified_gmt":"2025-08-08T10:36:09","slug":"il-a-dit-quil-partait-en-vacances","status":"publish","type":"post","link":"https:\/\/www.europesays.com\/fr\/304873\/","title":{"rendered":"\u00ab Il a dit qu&rsquo;il partait en vacances \u00bb"},"content":{"rendered":"<p>            Par<br \/>\n        <strong><br \/>\n            <a href=\"https:\/\/actu.fr\/auteur\/julien-bouteiller\" title=\"Consulter tous les articles de Julien Bouteiller\" target=\"_blank\" rel=\"noopener\">Julien Bouteiller<\/a><br \/>\n        <\/strong><\/p>\n<p>        Publi\u00e9 le<\/p>\n<p>            8 ao\u00fbt 2025 \u00e0 11h42        <\/p>\n<p>\u00ab\u2009Il a dit qu\u2019il ne savait pas comment il s\u2019\u00e9tait retrouv\u00e9 l\u00e0\u2009\u00bb, nous indique une source polici\u00e8re. Dans la nuit du jeudi\u00a07 au vendredi 8\u00a0ao\u00fbt 2025, un homme s\u2019est pourtant <strong>retrouv\u00e9 \u00e0 contresens<\/strong> sur <a href=\"https:\/\/actu.fr\/tag\/sud-3-rouen\" target=\"_blank\" rel=\"noopener\">la Sud 3 \u00e0 Rouen<\/a> et a fr\u00f4l\u00e9 le drame.<\/p>\n<p>Ivre, \u00e0 contresens sur la Sud 3<\/p>\n<p class=\" wall-content\">Vers 3h20, la police est appel\u00e9e pour se rendre sur les lieux d\u2019un accident de la route sur la Sud 3. Un automobiliste \u00e0 contresens <strong>a percut\u00e9, en face-\u00e0-face, un autre v\u00e9hicule.<\/strong><\/p>\n<p class=\" wall-content\">Les occupants des deux voitures impliqu\u00e9es sont pris en charge par les pompiers. Heureusement, <strong>pas de blessure grave<\/strong>\u00a0n\u00e9cessitant un transport \u00e0 l\u2019h\u00f4pital.<\/p>\n<p class=\" wall-content\">Toutefois, cela aurait pu tr\u00e8s mal finir. En effet, le conducteur \u00e0 contresens est compl\u00e8tement ivre,<strong> \u00e0 plus de 2g d\u2019alcool par litre de sang.<\/strong> \u00ab\u2009Il informe les policiers qu\u2019il partait en vacances et ne sait pas comment il s\u2019est retrouv\u00e9 \u00e0 contresens.\u2009\u00bb<\/p>\n<p class=\" wall-content\">Outre sa conduite dangereuse et sous alcool, il devra aussi s\u2019expliquer sur le fait qu\u2019il conduisait <strong>malgr\u00e9 l\u2019annulation de son permis.<\/strong><\/p>\n<p>Suivez l\u2019actualit\u00e9 de Rouen <a href=\"https:\/\/www.whatsapp.com\/channel\/0029VaKfnf99hXF2ddApFB1D\" target=\"_blank\" rel=\"noopener\">sur notre cha\u00eene WhatsApp<\/a> et <a href=\"https:\/\/www.tiktok.com\/@76actu.fr?lang=fr\" target=\"_blank\" rel=\"noopener\">sur notre compte TikTok<\/a><\/p>\n<p class=\" wall-content\">Suivez toute l\u2019actualit\u00e9 de vos villes et m\u00e9dias favoris en vous inscrivant \u00e0 <a href=\"https:\/\/moncompte.actu.fr\" title=\"D\u00e9couvez Mon Actu\" rel=\"nofollow noopener\" data-trk=\"{&quot;cta&quot;:{&quot;action&quot;:&quot;https:\\\/\\\/moncompte.actu.fr&quot;,&quot;category&quot;:&quot;mon compte&quot;,&quot;from&quot;:&quot;article footer&quot;,&quot;name&quot;:&quot;Mon actu&quot;,&quot;type&quot;:&quot;cta&quot;}}\" target=\"_blank\">Mon Actu<\/a>.<\/p>\n<p>                    <script async src=\"\/\/www.tiktok.com\/embed.js\"><\/script><\/p>\n","protected":false},"excerpt":{"rendered":"Par Julien Bouteiller Publi\u00e9 le 8 ao\u00fbt 2025 \u00e0 11h42 \u00ab\u2009Il a dit qu\u2019il ne savait pas comment&hellip;\n","protected":false},"author":2,"featured_media":304874,"comment_status":"","ping_status":"","sticky":false,"template":"","format":"standard","meta":{"footnotes":""},"categories":[9587],"tags":[119,1111,11,1777,674,118,1011,27,12,5161,25,9590,3941],"class_list":{"0":"post-304873","1":"post","2":"type-post","3":"status-publish","4":"format-standard","5":"has-post-thumbnail","7":"category-rouen","8":"tag-accident","9":"tag-actu","10":"tag-actualites","11":"tag-eu","12":"tag-europe","13":"tag-faits-divers","14":"tag-fr","15":"tag-france","16":"tag-news","17":"tag-normandie","18":"tag-republique-francaise","19":"tag-rouen","20":"tag-sud-3-rouen"},"share_on_mastodon":{"url":"https:\/\/pubeurope.com\/@fr\/114992708602210626","error":""},"_links":{"self":[{"href":"https:\/\/www.europesays.com\/fr\/wp-json\/wp\/v2\/posts\/304873","targetHints":{"allow":["GET"]}}],"collection":[{"href":"https:\/\/www.europesays.com\/fr\/wp-json\/wp\/v2\/posts"}],"about":[{"href":"https:\/\/www.europesays.com\/fr\/wp-json\/wp\/v2\/types\/post"}],"author":[{"embeddable":true,"href":"https:\/\/www.europesays.com\/fr\/wp-json\/wp\/v2\/users\/2"}],"replies":[{"embeddable":true,"href":"https:\/\/www.europesays.com\/fr\/wp-json\/wp\/v2\/comments?post=304873"}],"version-history":[{"count":0,"href":"https:\/\/www.europesays.com\/fr\/wp-json\/wp\/v2\/posts\/304873\/revisions"}],"wp:featuredmedia":[{"embeddable":true,"href":"https:\/\/www.europesays.com\/fr\/wp-json\/wp\/v2\/media\/304874"}],"wp:attachment":[{"href":"https:\/\/www.europesays.com\/fr\/wp-json\/wp\/v2\/media?parent=304873"}],"wp:term":[{"taxonomy":"category","embeddable":true,"href":"https:\/\/www.europesays.com\/fr\/wp-json\/wp\/v2\/categories?post=304873"},{"taxonomy":"post_tag","embeddable":true,"href":"https:\/\/www.europesays.com\/fr\/wp-json\/wp\/v2\/tags?post=304873"}],"curies":[{"name":"wp","href":"https:\/\/api.w.org\/{rel}","templated":true}]}}