{"id":304879,"date":"2025-08-08T10:39:12","date_gmt":"2025-08-08T10:39:12","guid":{"rendered":"https:\/\/www.europesays.com\/fr\/304879\/"},"modified":"2025-08-08T10:39:12","modified_gmt":"2025-08-08T10:39:12","slug":"un-cambrioleur-de-14-ans-recidive-pour-la-quatrieme-fois-en-un-mois","status":"publish","type":"post","link":"https:\/\/www.europesays.com\/fr\/304879\/","title":{"rendered":"un cambrioleur de 14 ans r\u00e9cidive pour la quatri\u00e8me fois en un mois"},"content":{"rendered":"<p itemprop=\"description\"><strong>C\u2019est devenu la terreur des commer\u00e7ants grenoblois.<\/strong><\/p>\n<p>Un adolescent, \u00e2g\u00e9 de seulement 14 ans, a une nouvelle fois \u00e9t\u00e9 surpris par les policiers de la brigade anticriminalit\u00e9 (BAC) en train de r\u00e9aliser un cambriolage. Les faits se sont d\u00e9roul\u00e9s ce jeudi 7 ao\u00fbt, vers 4h du matin. L\u2019individu tentait d\u2019ouvrir un tiroir-caisse qui provenait d\u2019un restaurant de la rue Brocherie.<\/p>\n<p>Ce mineur isol\u00e9 et sans domicile fixe n\u2019en est pas \u00e0 son premier coup d\u2019essai. D\u00e9but juillet, nous vous relations trois cambriolages effectu\u00e9s par cet individu. Le premier, dans un appartement de la rue Edgar-Quinet. Le deuxi\u00e8me, dans le restaurant indien Le Punjab, dans la rue Irvoy. Et le troisi\u00e8me, au sein de la boulangerie Le Chantilly, situ\u00e9e 4 Route de Lyon.<\/p>\n<p>Pour ce nouvel acte, l\u2019adolescent a \u00e9t\u00e9 interpell\u00e9 et plac\u00e9 en garde \u00e0 vue.<\/p>\n","protected":false},"excerpt":{"rendered":"C\u2019est devenu la terreur des commer\u00e7ants grenoblois. Un adolescent, \u00e2g\u00e9 de seulement 14 ans, a une nouvelle fois&hellip;\n","protected":false},"author":2,"featured_media":304880,"comment_status":"","ping_status":"","sticky":false,"template":"","format":"standard","meta":{"footnotes":""},"categories":[9566],"tags":[1111,11,7733,8279,2430,7736,650,7734,2889,2263,1777,674,1011,27,2731,8280,6417,1114,108,4662,12,3725,1825,25,7737],"class_list":{"0":"post-304879","1":"post","2":"type-post","3":"status-publish","4":"format-standard","5":"has-post-thumbnail","7":"category-grenoble","8":"tag-actu","9":"tag-actualites","10":"tag-alpes","11":"tag-alpes1","12":"tag-auvergne-rhone-alpes","13":"tag-cds","14":"tag-cinema","15":"tag-ecoute","16":"tag-emission","17":"tag-equipe","18":"tag-eu","19":"tag-europe","20":"tag-fr","21":"tag-france","22":"tag-grenoble","23":"tag-haute","24":"tag-information","25":"tag-infos","26":"tag-isere","27":"tag-journal","28":"tag-news","29":"tag-podcast","30":"tag-radio","31":"tag-republique-francaise","32":"tag-winamp"},"share_on_mastodon":{"url":"https:\/\/pubeurope.com\/@fr\/114992720401554552","error":""},"_links":{"self":[{"href":"https:\/\/www.europesays.com\/fr\/wp-json\/wp\/v2\/posts\/304879","targetHints":{"allow":["GET"]}}],"collection":[{"href":"https:\/\/www.europesays.com\/fr\/wp-json\/wp\/v2\/posts"}],"about":[{"href":"https:\/\/www.europesays.com\/fr\/wp-json\/wp\/v2\/types\/post"}],"author":[{"embeddable":true,"href":"https:\/\/www.europesays.com\/fr\/wp-json\/wp\/v2\/users\/2"}],"replies":[{"embeddable":true,"href":"https:\/\/www.europesays.com\/fr\/wp-json\/wp\/v2\/comments?post=304879"}],"version-history":[{"count":0,"href":"https:\/\/www.europesays.com\/fr\/wp-json\/wp\/v2\/posts\/304879\/revisions"}],"wp:featuredmedia":[{"embeddable":true,"href":"https:\/\/www.europesays.com\/fr\/wp-json\/wp\/v2\/media\/304880"}],"wp:attachment":[{"href":"https:\/\/www.europesays.com\/fr\/wp-json\/wp\/v2\/media?parent=304879"}],"wp:term":[{"taxonomy":"category","embeddable":true,"href":"https:\/\/www.europesays.com\/fr\/wp-json\/wp\/v2\/categories?post=304879"},{"taxonomy":"post_tag","embeddable":true,"href":"https:\/\/www.europesays.com\/fr\/wp-json\/wp\/v2\/tags?post=304879"}],"curies":[{"name":"wp","href":"https:\/\/api.w.org\/{rel}","templated":true}]}}