{"id":304881,"date":"2025-08-08T10:40:10","date_gmt":"2025-08-08T10:40:10","guid":{"rendered":"https:\/\/www.europesays.com\/fr\/304881\/"},"modified":"2025-08-08T10:40:10","modified_gmt":"2025-08-08T10:40:10","slug":"meteo-en-ille-et-vilaine-des-temperatures-jusqua-38-c-attendues-ces-prochains-jours","status":"publish","type":"post","link":"https:\/\/www.europesays.com\/fr\/304881\/","title":{"rendered":"M\u00e9t\u00e9o en Ille-et-Vilaine\u00a0: des temp\u00e9ratures jusqu\u2019\u00e0 38\u00a0\u00b0C attendues ces prochains jours"},"content":{"rendered":"<p>En <a href=\"https:\/\/www.letelegramme.fr\/ille-et-vilaine\/\" target=\"_blank\" rel=\"noopener\">Ille-et-Vilaine<\/a>, les ao\u00fbtiens ne sont pas en reste : le retour des lunettes de soleil et des shorts est imminent. \u00ab Un gros pic de chaleur est confirm\u00e9 pour lundi 11 ao\u00fbt sur tout d\u00e9partement \u00bb, note J\u00e9r\u00f4me Dr\u00e9ano, m\u00e9t\u00e9orologue \u00e0 <a href=\"https:\/\/www.meteo.bzh\/\" target=\"_blank\" rel=\"noopener\">M\u00e9t\u00e9o Bretagne<\/a>. Les temp\u00e9ratures monteront progressivement tout le week-end avec un d\u00e9grad\u00e9 Nord &#8211; Sud, jusqu\u2019\u00e0 atteindre \u00ab les 38 \u00b0C dans le sud de l\u2019Ille-et-Vilaine \u00bb, en d\u00e9but de semaine.<\/p>\n<p>\u00ab Entre 30 \u00b0C et 35 \u00b0C \u00bb en Ille-et-Vilaine, mardi<\/p>\n<p>Il fera, en revanche, un peu moins chaud le long de la C\u00f4te d\u2018\u00a0\u00c9meraude. De <a href=\"https:\/\/www.letelegramme.fr\/ille-et-vilaine\/dinard-35800\/\" target=\"_blank\" rel=\"noopener\">Dinard<\/a> \u00e0 <a href=\"https:\/\/www.letelegramme.fr\/ille-et-vilaine\/saint-malo-35400\/\" target=\"_blank\" rel=\"noopener\">Saint-Malo<\/a> en passant par <a href=\"https:\/\/www.letelegramme.fr\/ille-et-vilaine\/cancale-35260\/\" target=\"_blank\" rel=\"noopener\">Cancale<\/a>, le thermom\u00e8tre devrait rester en dessous des 30 \u00b0C. \u00ab Quelques nuages orageux pourraient remonter vers le sud en fin de journ\u00e9e \u00bb, ajoute-t-il.<\/p>\n<p>Lundi devrait donc \u00eatre l\u2019une des journ\u00e9es les plus chaudes de l\u2019\u00e9t\u00e9, s\u2019approchant du record du 30 juin, o\u00f9 il avait fait \u00ab au moins 34 \u00b0C sur tout le d\u00e9partement \u00bb, avec un pic \u00e0 37,9 \u00b0C enregistr\u00e9 par la station <a href=\"https:\/\/www.letelegramme.fr\/ille-et-vilaine\/rennes-35000\/\" target=\"_blank\" rel=\"noopener\">Rennes<\/a> Gallet de M\u00e9t\u00e9o France.<\/p>\n<p>Davantage d\u2019incertitudes &#8211; \u00ab autour de la direction des vents \u00bb, notamment &#8211; entourent, toutefois, la journ\u00e9e du mardi 12 ao\u00fbt 2025. Pour le m\u00e9t\u00e9orologue de M\u00e9t\u00e9o Bretagne, J\u00e9r\u00f4me Dr\u00e9ano, \u00ab il n\u2019est pas exclu qu\u2019on ait entre 30 \u00b0C et 35 \u00b0C sur le d\u00e9partement, et notamment sur le bassin rennais \u00bb.<\/p>\n","protected":false},"excerpt":{"rendered":"En Ille-et-Vilaine, les ao\u00fbtiens ne sont pas en reste : le retour des lunettes de soleil et des&hellip;\n","protected":false},"author":2,"featured_media":304882,"comment_status":"","ping_status":"","sticky":false,"template":"","format":"standard","meta":{"footnotes":""},"categories":[2821],"tags":[1111,11,829,27890,24351,1777,674,1011,27,848,2487,21570,12,584,25,3728],"class_list":{"0":"post-304881","1":"post","2":"type-post","3":"status-publish","4":"format-standard","5":"has-post-thumbnail","7":"category-rennes","8":"tag-actu","9":"tag-actualites","10":"tag-bretagne","11":"tag-cancale","12":"tag-dinard","13":"tag-eu","14":"tag-europe","15":"tag-fr","16":"tag-france","17":"tag-ille-et-vilaine","18":"tag-meteo","19":"tag-meteo-en-bretagne","20":"tag-news","21":"tag-rennes","22":"tag-republique-francaise","23":"tag-saint-malo"},"share_on_mastodon":{"url":"https:\/\/pubeurope.com\/@fr\/114992724332265591","error":""},"_links":{"self":[{"href":"https:\/\/www.europesays.com\/fr\/wp-json\/wp\/v2\/posts\/304881","targetHints":{"allow":["GET"]}}],"collection":[{"href":"https:\/\/www.europesays.com\/fr\/wp-json\/wp\/v2\/posts"}],"about":[{"href":"https:\/\/www.europesays.com\/fr\/wp-json\/wp\/v2\/types\/post"}],"author":[{"embeddable":true,"href":"https:\/\/www.europesays.com\/fr\/wp-json\/wp\/v2\/users\/2"}],"replies":[{"embeddable":true,"href":"https:\/\/www.europesays.com\/fr\/wp-json\/wp\/v2\/comments?post=304881"}],"version-history":[{"count":0,"href":"https:\/\/www.europesays.com\/fr\/wp-json\/wp\/v2\/posts\/304881\/revisions"}],"wp:featuredmedia":[{"embeddable":true,"href":"https:\/\/www.europesays.com\/fr\/wp-json\/wp\/v2\/media\/304882"}],"wp:attachment":[{"href":"https:\/\/www.europesays.com\/fr\/wp-json\/wp\/v2\/media?parent=304881"}],"wp:term":[{"taxonomy":"category","embeddable":true,"href":"https:\/\/www.europesays.com\/fr\/wp-json\/wp\/v2\/categories?post=304881"},{"taxonomy":"post_tag","embeddable":true,"href":"https:\/\/www.europesays.com\/fr\/wp-json\/wp\/v2\/tags?post=304881"}],"curies":[{"name":"wp","href":"https:\/\/api.w.org\/{rel}","templated":true}]}}