{"id":304883,"date":"2025-08-08T10:41:09","date_gmt":"2025-08-08T10:41:09","guid":{"rendered":"https:\/\/www.europesays.com\/fr\/304883\/"},"modified":"2025-08-08T10:41:09","modified_gmt":"2025-08-08T10:41:09","slug":"la-reponse-de-lfp-media-a-la-grosse-concurrence-de-canal-face-a-rennes-om-sur-ligue-1","status":"publish","type":"post","link":"https:\/\/www.europesays.com\/fr\/304883\/","title":{"rendered":"la r\u00e9ponse de LFP Media \u00e0 la grosse concurrence de Canal+ face \u00e0 Rennes-OM sur Ligue 1+"},"content":{"rendered":"<p>La cha\u00eene Canal+ diffusera en clair le match d\u2019ouverture de la Premier League, Liverpool-Bournemouth, le vendredi 15 ao\u00fbt. Une rencontrera qui tombera en m\u00eame temps que l\u2019affiche Rennes-Marseille, qui marquera le lancement de la nouvelle plateforme Ligue 1+ et de la saison 2025-2026. Tout sauf un probl\u00e8me pour Nicolas de Tavernost, patron de LFP Media, qui se refuse \u00e0 pol\u00e9miquer sur le sujet.<\/p>\n<p>Coup marketing de g\u00e9nie ou strat\u00e9gie un brin mesquine? Alors que <a href=\"https:\/\/rmcsport.bfmtv.com\/football\/ligue-1\/ligue-1-combien-faudra-t-il-debourser-au-total-pour-regarder-tous-les-matchs-cette-saison_AV-202508080235.html\" title=\"Ligue 1: combien faudra-t-il d\u00e9bourser au total pour regarder tous les matchs cette saison?\" class=\"internal_link\" rel=\"nofollow noopener\" target=\"_blank\">la nouvelle saison de Ligue 1<\/a> s\u2019ouvrira le vendredi 15 ao\u00fbt \u00e0 20h45 avec une affiche Rennes-Marseille propos\u00e9e sur la nouvelle plateforme Ligue 1+, Canal+ diffusera en m\u00eame temps <a href=\"https:\/\/rmcsport.bfmtv.com\/medias\/canal-diffusera-liverpool-bournemouth-en-clair-face-au-1er-match-de-ligue-1-rennes-om_AN-202508030197.html\" title=\"Canal+ diffusera Liverpool-Bournemouth en clair face au 1er match de Ligue 1+, Rennes-OM\" class=\"internal_link\" rel=\"nofollow noopener\" target=\"_blank\">le match de Premier League Liverpool-Bournemouth\u2026 en clair<\/a>.<\/p>\n<p>Un t\u00e9lescopage \u00e9videmment loin d\u2019\u00eatre anodin au regard des relations entre Canal+ et la LFP. Partenaire historique du football fran\u00e7ais, la cha\u00eene crypt\u00e9e a d\u00e9cid\u00e9 au d\u00e9but de l\u2019\u00e9t\u00e9 de ne pas participer \u00e0 la distribution de la Ligue 1 en jetant l\u2019\u00e9ponge en plein c\u0153ur des n\u00e9gociations.<\/p>\n<p>\u00ab\u00a0C\u2019est un rendez-vous manqu\u00e9. Nous avons choisi de renoncer. \u00c0 date, nous consid\u00e9rons que les conditions ne sont pas r\u00e9unies pour que Canal+ distribue la nouvelle plateforme de la Ligue 1\u00a0\u00bb, avait expliqu\u00e9 aupr\u00e8s de L\u2019\u00c9quipe le pr\u00e9sident du groupe Canal+, <a href=\"https:\/\/rmcsport.bfmtv.com\/replay-emissions\/rothen-regale\/video-droits-tv-de-la-ligue-1-maxime-saada-accuse-de-trop-jouer-avec-le-championnat-de-france_VN-202506300643.html\" title=\"Droits TV de la Ligue 1 : Maxime Saada, accus\u00e9 de trop jouer avec le championnat de France !\" class=\"internal_link\" rel=\"nofollow noopener\" target=\"_blank\">Maxime Saada<\/a>, mettant notamment en avant un d\u00e9saccord avec l&rsquo;instance du foot professionnel fran\u00e7ais sur le prix de l&rsquo;abonnement. Sans trop de piti\u00e9, Canal+ a donc d\u00e9cid\u00e9 de diffuser en clair ce Liverpool-Bournemouth, coup d\u2019envoi de la nouvelle saison de Premier League, en concurrence directe avec Rennes-OM sur Ligue 1+.<\/p>\n<p>\u00ab\u00a0Nous ne ferons rien pour alt\u00e9rer les relations avec Canal+\u00a0\u00bb<\/p>\n<p>Interrog\u00e9 \u00e0 ce sujet ce vendredi lors d\u2019un point presse, Nicolas de Tavernost, le directeur g\u00e9n\u00e9ral de LFP Media, n\u2019a pas voulu nourrir la pol\u00e9mique. \u00ab\u00a0Nous ne sommes pas l\u00e0 pour un match, aussi important soit-il. Nous sommes l\u00e0 pour une longue dur\u00e9e. Apr\u00e8s, chacun fait comme bon lui semble sur ses op\u00e9rations. Aujourd\u2019hui, nous avons confiance dans le public de la premi\u00e8re journ\u00e9e de championnat. C\u2019est une \u0153uvre de longue haleine. Je n\u2019ai pas \u00e0 commenter les d\u00e9cisions que fait tel ou tel op\u00e9rateur par rapport \u00e0 \u00e7a\u00a0\u00bb, a insist\u00e9 Nicolas de Tavernost.<\/p>\n<blockquote class=\"embed embed_quote\"><p>\u00ab\u00a0Cela prouve dans tous les cas que c\u2019est une concurrence entre l\u2019Europe et la France donc on peut consid\u00e9rer qu\u2019on est pris au s\u00e9rieux.\u00a0\u00bb<\/p><\/blockquote>\n<p>Le diriegant a exprim\u00e9 le m\u00eame discours d\u2019apaisement dans un entretien accord\u00e9 ce vendredi \u00e0 l\u2019AFP: \u00ab\u00a0On ne veut pas de pol\u00e9mique avec Canal+. On esp\u00e8re que Canal+, qui a \u00e9t\u00e9 un partenaire du football, redevienne un partenaire du football. Il n&rsquo;y a aucune raison que Ligue 1+ ne soit pas distribu\u00e9e par l&rsquo;int\u00e9gralit\u00e9 des plateformes. Aujourd&rsquo;hui, nous faisons avec les grandes plateformes, on verra ce qu&rsquo;il se passera demain. Mais nous ne ferons rien pour alt\u00e9rer les relations avec Canal+.\u00a0\u00bb<\/p>\n<p>En l\u2019absence de Canal+, les amateurs de Ligue 1 devront donc se tourner cette saison vers la plateforme Ligue 1+ pour suivre huit matchs sur neuf par journ\u00e9e, le neuvi\u00e8me restant sur beIN Sports.<\/p>\n","protected":false},"excerpt":{"rendered":"La cha\u00eene Canal+ diffusera en clair le match d\u2019ouverture de la Premier League, Liverpool-Bournemouth, le vendredi 15 ao\u00fbt.&hellip;\n","protected":false},"author":2,"featured_media":304884,"comment_status":"","ping_status":"","sticky":false,"template":"","format":"standard","meta":{"footnotes":""},"categories":[2821],"tags":[1111,11,829,1777,674,1011,27,12,584,25],"class_list":{"0":"post-304883","1":"post","2":"type-post","3":"status-publish","4":"format-standard","5":"has-post-thumbnail","7":"category-rennes","8":"tag-actu","9":"tag-actualites","10":"tag-bretagne","11":"tag-eu","12":"tag-europe","13":"tag-fr","14":"tag-france","15":"tag-news","16":"tag-rennes","17":"tag-republique-francaise"},"share_on_mastodon":{"url":"https:\/\/pubeurope.com\/@fr\/114992728390580487","error":""},"_links":{"self":[{"href":"https:\/\/www.europesays.com\/fr\/wp-json\/wp\/v2\/posts\/304883","targetHints":{"allow":["GET"]}}],"collection":[{"href":"https:\/\/www.europesays.com\/fr\/wp-json\/wp\/v2\/posts"}],"about":[{"href":"https:\/\/www.europesays.com\/fr\/wp-json\/wp\/v2\/types\/post"}],"author":[{"embeddable":true,"href":"https:\/\/www.europesays.com\/fr\/wp-json\/wp\/v2\/users\/2"}],"replies":[{"embeddable":true,"href":"https:\/\/www.europesays.com\/fr\/wp-json\/wp\/v2\/comments?post=304883"}],"version-history":[{"count":0,"href":"https:\/\/www.europesays.com\/fr\/wp-json\/wp\/v2\/posts\/304883\/revisions"}],"wp:featuredmedia":[{"embeddable":true,"href":"https:\/\/www.europesays.com\/fr\/wp-json\/wp\/v2\/media\/304884"}],"wp:attachment":[{"href":"https:\/\/www.europesays.com\/fr\/wp-json\/wp\/v2\/media?parent=304883"}],"wp:term":[{"taxonomy":"category","embeddable":true,"href":"https:\/\/www.europesays.com\/fr\/wp-json\/wp\/v2\/categories?post=304883"},{"taxonomy":"post_tag","embeddable":true,"href":"https:\/\/www.europesays.com\/fr\/wp-json\/wp\/v2\/tags?post=304883"}],"curies":[{"name":"wp","href":"https:\/\/api.w.org\/{rel}","templated":true}]}}