{"id":304885,"date":"2025-08-08T10:42:11","date_gmt":"2025-08-08T10:42:11","guid":{"rendered":"https:\/\/www.europesays.com\/fr\/304885\/"},"modified":"2025-08-08T10:42:11","modified_gmt":"2025-08-08T10:42:11","slug":"bye-bye-la-cathedrale-mais-la-seance-insolite-est-de-retour","status":"publish","type":"post","link":"https:\/\/www.europesays.com\/fr\/304885\/","title":{"rendered":"bye bye la cath\u00e9drale, mais la \u00ab\u00a0s\u00e9ance insolite\u00a0\u00bb est de retour"},"content":{"rendered":"<p>D\u2019abord, une mauvaise nouvelle. Dans un <a href=\"https:\/\/www.dna.fr\/politique\/2025\/07\/15\/nous-sommes-en-danger-gravissime-francois-bayrou-presente-la-douloureuse-aux-francais\" target=\"_blank\" rel=\"nofollow noopener\">contexte budg\u00e9taire national compliqu\u00e9<\/a> et marqu\u00e9 par une <a href=\"https:\/\/www.dna.fr\/culture-loisirs\/2025\/02\/08\/baisses-de-financements-drastiques-le-monde-de-la-culture-sous-le-choc-budgetaire\" target=\"_blank\" rel=\"nofollow noopener\">baisse drastique des financements \u00e0 la culture<\/a> , la r\u00e9duction des subventions accord\u00e9es par la R\u00e9gion Grand Est, la Direction r\u00e9gionale des affaires culturelles et la Collectivit\u00e9 europ\u00e9enne d\u2019Alsace au <a href=\"https:\/\/www.dna.fr\/culture-loisirs\/2021\/08\/13\/zombies-au-bord-de-la-crise-sanitaire\" target=\"_blank\" rel=\"nofollow noopener\">Festival europ\u00e9en du film fantastique de Strasbourg (Feffs)<\/a> ne se fera pas, h\u00e9las, sans un peu de casse.<\/p>\n<p>\u00ab\u00a0Toutes les collectivit\u00e9s locales, \u00e0 l\u2019exception de la Ville de Strasbourg, ont baiss\u00e9 leur aide \u00e0 l\u2019\u00e9v\u00e9nement cette ann\u00e9e, confirme le directeur de la manifestation, Daniel Cohen. Il a donc fallu faire des choix pour pr\u00e9server l\u2019essentiel, \u00e0 savoir consolider notre programmation dans les salles et l\u2019augmentation de la fr\u00e9quentation li\u00e9e. On a fait 5000 entr\u00e9es de plus en deux ans, \u00e0 un moment o\u00f9 les exploitants souffrent d\u2019une baisse de leur activit\u00e9. C\u2019est cette dynamique que nous souhaitons soutenir.\u00a0\u00bb<\/p>\n<p>Grande victime de ce parti pris, la traditionnelle s\u00e9ance en plein air au pied de la cath\u00e9drale, sur la place du Ch\u00e2teau, devra ainsi rendre les armes en 2025 &#8211; apr\u00e8s avoir c\u00e9l\u00e9br\u00e9 <a href=\"https:\/\/www.dna.fr\/culture-loisirs\/2024\/09\/25\/festival-du-film-fantastique-le-piege-de-cristal-s-est-referme-sur-la-cathedrale\" target=\"_blank\" rel=\"nofollow noopener\">le classique Pi\u00e8ge de cristal en compagnie de son r\u00e9alisateur, le g\u00e9nial John McTiernan<\/a> , l\u2019an pass\u00e9. Un choix douloureux mais coh\u00e9rent, d\u2019autant que \u00ab\u00a0ce type de projections anime \u00e0 pr\u00e9sent les soir\u00e9es d\u2019\u00e9t\u00e9\u00a0\u00bb, rel\u00e8ve le directeur du Feffs, qui pr\u00e9f\u00e8re privil\u00e9gier la venue d\u2019\u00e9quipes de tournage et les rendez-vous forts \u00e0 l\u2019int\u00e9rieur des salles de cin\u00e9, \u00e0 nouveau tr\u00e8s largement mobilis\u00e9es.<\/p>\n<p>  La promesse d\u2019un rendez-vous \u00ab\u00a0insolite\u00a0\u00bb<\/p>\n<p>La contrepartie de ce sacrifice, ce sera le grand retour de la \u00ab\u00a0s\u00e9ance insolite\u00a0\u00bb, ce rendez-vous qui installait la projection de classiques du cin\u00e9ma de genre dans des espaces inattendus de la capitale alsacienne. Blair Witch Project en lisi\u00e8re d\u2019un bois au port du Rhin, Les Dents de la mer dans les bassins des bains municipaux, Les Blues Brothers fa\u00e7on drive-in sur le toit du parking Wilson, L\u2019Exorciste dans les murs de l\u2019\u00e9glise Saint-Guillaume\u2026 Autant de bons souvenirs et de coups m\u00e9diatiques qui avaient pos\u00e9 l\u2019identit\u00e9 du festival strasbourgeois face aux autres rendez-vous europ\u00e9ens du cin\u00e9ma de genre.<\/p>\n<p>Il faudra n\u00e9anmoins faire preuve d\u2019un peu de patience pour savoir ce que les organisateurs des Films du Spectre ont concoct\u00e9 cette ann\u00e9e, le secret restant bien gard\u00e9. Quelques indices\u00a0? La pellicule sera en noir et blanc et la s\u00e9ance accompagn\u00e9e d\u2019un v\u00e9ritable show d\u2019artistes, dans un environnement que le Feffs n\u2019avait encore jamais mis en sc\u00e8ne. Plus d\u2019informations, sur ce dossier, d\u00e8s la rentr\u00e9e. En m\u00eame temps que le nom de l\u2019invit\u00e9 d\u2019honneur de l\u2019\u00e9dition, peut-on pr\u00e9ciser\u2026<\/p>\n<p>  La programmation partiellement r\u00e9v\u00e9l\u00e9e<\/p>\n<p><a href=\"https:\/\/www.dna.fr\/culture-loisirs\/2025\/07\/23\/antifasciste-et-dystopique-le-festival-du-film-fantastique-revele-l-affiche-de-sa-18-e-edition\" target=\"_blank\" rel=\"nofollow noopener\">Apr\u00e8s avoir lev\u00e9 le voile sur son affiche et sa principale r\u00e9trospective<\/a> , \u00ab\u00a0FasciFiction\u00a0\u00bb, au d\u00e9but de l\u2019\u00e9t\u00e9 (https:\/\/c.dna.fr\/culture-loisirs\/2025\/07\/23\/antifasciste-et-dystopique-le-festival-du-film-fantastique-revele-l-affiche-de-sa-18-e-edition), le Feffs vient par ailleurs de pr\u00e9senter une premi\u00e8re salve de longs-m\u00e9trages qui nourriront sa programmation fin septembre. S\u2019y d\u00e9voilent une quinzaine de pellicules conformes \u00e0 l\u2019ADN de l\u2019\u00e9v\u00e9nement, r\u00e9solument universel et curieux.<\/p>\n<p>Au menu, entre autres, une d\u00e9couverte de la derni\u00e8re Berlinale, Honey Bunch de Madeleine Sims-Fewer et Dusty Mancinelli, une p\u00e9pite de la Quinzaine des cin\u00e9astes \u00e0 Cannes ( Que ma volont\u00e9 soit faite , de Julia Kowalski), des incursions asiatiques prometteuses ( New Group du Japonais Yuta Shimotsu ou Old Woman with a knife du Cor\u00e9en Min Kyu-dong), une pinc\u00e9e de thriller ib\u00e9rique ( Luger , de l\u2019Espagnol Bruno Martin), mais aussi pas mal d\u2019animation ( Dog of God , de Raitis et Lauris Abele, ou Plan\u00e8tes , de Momoko Seto\u2026) et quelques propositions plus extr\u00eames de la section \u00ab\u00a0Midnight Movies\u00a0\u00bb. Les fans de barbares et de n\u00e9cromanciens se jetteront, ainsi, sur le Deathstalker de Steven Kostanki tandis que les adeptes de cin\u00e9ma no limite et d\u00e9jant\u00e9 devraient \u00eatre combl\u00e9s avec Fuck My Son\u00a0!  de Todd Rohal. Une belle histoire d\u2019amour maternel fa\u00e7on control freak \u00e0 d\u00e9couvrir sur les \u00e9crans strasbourgeois du 26\u00a0septembre au 5\u00a0octobre\u00a0!<\/p>\n","protected":false},"excerpt":{"rendered":"D\u2019abord, une mauvaise nouvelle. Dans un contexte budg\u00e9taire national compliqu\u00e9 et marqu\u00e9 par une baisse drastique des financements&hellip;\n","protected":false},"author":2,"featured_media":304886,"comment_status":"","ping_status":"","sticky":false,"template":"","format":"standard","meta":{"footnotes":""},"categories":[2820],"tags":[1111,11,650,1687,2880,1777,674,107,1011,27,775,1757,12,25,640,2879],"class_list":{"0":"post-304885","1":"post","2":"type-post","3":"status-publish","4":"format-standard","5":"has-post-thumbnail","7":"category-strasbourg","8":"tag-actu","9":"tag-actualites","10":"tag-cinema","11":"tag-culture-loisirs","12":"tag-edition-strasbourg","13":"tag-eu","14":"tag-europe","15":"tag-fil-info","16":"tag-fr","17":"tag-france","18":"tag-grand-est","19":"tag-insolite","20":"tag-news","21":"tag-republique-francaise","22":"tag-strasbourg","23":"tag-strasbourg-ville"},"share_on_mastodon":{"url":"https:\/\/pubeurope.com\/@fr\/114992732265658818","error":""},"_links":{"self":[{"href":"https:\/\/www.europesays.com\/fr\/wp-json\/wp\/v2\/posts\/304885","targetHints":{"allow":["GET"]}}],"collection":[{"href":"https:\/\/www.europesays.com\/fr\/wp-json\/wp\/v2\/posts"}],"about":[{"href":"https:\/\/www.europesays.com\/fr\/wp-json\/wp\/v2\/types\/post"}],"author":[{"embeddable":true,"href":"https:\/\/www.europesays.com\/fr\/wp-json\/wp\/v2\/users\/2"}],"replies":[{"embeddable":true,"href":"https:\/\/www.europesays.com\/fr\/wp-json\/wp\/v2\/comments?post=304885"}],"version-history":[{"count":0,"href":"https:\/\/www.europesays.com\/fr\/wp-json\/wp\/v2\/posts\/304885\/revisions"}],"wp:featuredmedia":[{"embeddable":true,"href":"https:\/\/www.europesays.com\/fr\/wp-json\/wp\/v2\/media\/304886"}],"wp:attachment":[{"href":"https:\/\/www.europesays.com\/fr\/wp-json\/wp\/v2\/media?parent=304885"}],"wp:term":[{"taxonomy":"category","embeddable":true,"href":"https:\/\/www.europesays.com\/fr\/wp-json\/wp\/v2\/categories?post=304885"},{"taxonomy":"post_tag","embeddable":true,"href":"https:\/\/www.europesays.com\/fr\/wp-json\/wp\/v2\/tags?post=304885"}],"curies":[{"name":"wp","href":"https:\/\/api.w.org\/{rel}","templated":true}]}}