{"id":304893,"date":"2025-08-08T10:46:28","date_gmt":"2025-08-08T10:46:28","guid":{"rendered":"https:\/\/www.europesays.com\/fr\/304893\/"},"modified":"2025-08-08T10:46:28","modified_gmt":"2025-08-08T10:46:28","slug":"son-usine-a-reze-fait-trop-de-bruit-la-societe-alva-a-du-verser-14-200-e-a-letat","status":"publish","type":"post","link":"https:\/\/www.europesays.com\/fr\/304893\/","title":{"rendered":"Son usine \u00e0 Rez\u00e9 fait trop de bruit, la soci\u00e9t\u00e9 Alva a d\u00fb verser 14\u00a0200\u00a0\u20ac \u00e0 l\u2019\u00c9tat"},"content":{"rendered":"<p>Les mois passent et le contentieux entre l\u2019\u00c9tat et le groupe Alva se poursuit. Sp\u00e9cialis\u00e9e dans la transformation des graisses animales et v\u00e9g\u00e9tales, l\u2019entreprise poss\u00e8de une usine \u00e0 Rez\u00e9, dans le quartier Haute-\u00cele. Depuis des ann\u00e9es, les riverains se plaignent des odeurs qui s\u2019en d\u00e9gagent ou des bruits qu\u2019elle \u00e9met. En avril\u00a02024, apr\u00e8s avoir constat\u00e9 des <strong>\u00ab\u00a0d\u00e9passements sonores importants\u00a0\u00bb, <\/strong>la pr\u00e9fecture avait exig\u00e9 \u00e0 la soci\u00e9t\u00e9 de lui fournir un plan d\u2019actions permettant de r\u00e9duire ses nuisances.<\/p>\n<p>Un plan toujours incomplet<\/p>\n<p>En janvier\u00a02025, jugeant <strong>\u00ab\u00a0incomplet\u00a0\u00bb<\/strong> le document transmis, <a href=\"https:\/\/nantes.maville.com\/actu\/actudet_-accuse-de-nuisances-sonores-a-reze-le-groupe-alva-doit-payer-100-e-d-amende-par-jour-a-l-etat-_52716-6623771_actu.Htm\" target=\"_blank\" rel=\"nofollow noopener\">la pr\u00e9fecture \u00e9tait mont\u00e9e d\u2019un cran, astreignant la soci\u00e9t\u00e9 Alva \u00e0 payer 100\u00a0\u20ac par jour d\u2019amende, <strong>\u00ab\u00a0jusqu\u2019\u00e0 satisfaction compl\u00e8te\u00a0\u00bb<\/strong> des demandes formul\u00e9es en avril, \u00e0 savoir une \u00e9tude du bruit compl\u00e8te et un plan d\u2019actions \u00e0 mettre en place<\/a>.<\/p>\n<p>En ao\u00fbt, l\u2019heure est \u00e0 un premier bilan. Et visiblement, le groupe Alva n\u2019a toujours pas r\u00e9pondu aux attentes de l\u2019\u00c9tat. Selon lui, au 30\u00a0juin, le plan d\u2019actions reste incomplet. D\u2019o\u00f9 la d\u00e9cision de l\u2019\u00c9tat de <strong>\u00ab\u00a0proc\u00e9der \u00e0 une liquidation\u00a0\u00bb<\/strong> de la somme de 14\u00a0200\u00a0\u20ac, <strong>\u00ab\u00a0qui ne pourra \u00eatre restitu\u00e9e\u00a0\u00bb.<\/strong> Le groupe Alva n\u2019a pas r\u00e9pondu aux sollicitations d\u2019Ouest-France.<\/p>\n<p>\u00a0<\/p>\n","protected":false},"excerpt":{"rendered":"Les mois passent et le contentieux entre l\u2019\u00c9tat et le groupe Alva se poursuit. Sp\u00e9cialis\u00e9e dans la transformation&hellip;\n","protected":false},"author":2,"featured_media":304894,"comment_status":"","ping_status":"","sticky":false,"template":"","format":"standard","meta":{"footnotes":""},"categories":[2818],"tags":[5659,10546,1111,11,44471,9372,3029,16309,1777,674,21,1011,27,766,12,2636,25,3740,104,8029,2103,44472],"class_list":{"0":"post-304893","1":"post","2":"type-post","3":"status-publish","4":"format-standard","5":"has-post-thumbnail","7":"category-nantes","8":"tag-5659","9":"tag-10546","10":"tag-actu","11":"tag-actualites","12":"tag-alva","13":"tag-bruit","14":"tag-du","15":"tag-etat","16":"tag-eu","17":"tag-europe","18":"tag-fait","19":"tag-fr","20":"tag-france","21":"tag-nantes","22":"tag-news","23":"tag-pays-de-la-loire","24":"tag-republique-francaise","25":"tag-reze","26":"tag-societe","27":"tag-trop","28":"tag-usine","29":"tag-verser"},"share_on_mastodon":{"url":"https:\/\/pubeurope.com\/@fr\/114992747897817504","error":""},"_links":{"self":[{"href":"https:\/\/www.europesays.com\/fr\/wp-json\/wp\/v2\/posts\/304893","targetHints":{"allow":["GET"]}}],"collection":[{"href":"https:\/\/www.europesays.com\/fr\/wp-json\/wp\/v2\/posts"}],"about":[{"href":"https:\/\/www.europesays.com\/fr\/wp-json\/wp\/v2\/types\/post"}],"author":[{"embeddable":true,"href":"https:\/\/www.europesays.com\/fr\/wp-json\/wp\/v2\/users\/2"}],"replies":[{"embeddable":true,"href":"https:\/\/www.europesays.com\/fr\/wp-json\/wp\/v2\/comments?post=304893"}],"version-history":[{"count":0,"href":"https:\/\/www.europesays.com\/fr\/wp-json\/wp\/v2\/posts\/304893\/revisions"}],"wp:featuredmedia":[{"embeddable":true,"href":"https:\/\/www.europesays.com\/fr\/wp-json\/wp\/v2\/media\/304894"}],"wp:attachment":[{"href":"https:\/\/www.europesays.com\/fr\/wp-json\/wp\/v2\/media?parent=304893"}],"wp:term":[{"taxonomy":"category","embeddable":true,"href":"https:\/\/www.europesays.com\/fr\/wp-json\/wp\/v2\/categories?post=304893"},{"taxonomy":"post_tag","embeddable":true,"href":"https:\/\/www.europesays.com\/fr\/wp-json\/wp\/v2\/tags?post=304893"}],"curies":[{"name":"wp","href":"https:\/\/api.w.org\/{rel}","templated":true}]}}