{"id":304895,"date":"2025-08-08T10:47:15","date_gmt":"2025-08-08T10:47:15","guid":{"rendered":"https:\/\/www.europesays.com\/fr\/304895\/"},"modified":"2025-08-08T10:47:15","modified_gmt":"2025-08-08T10:47:15","slug":"un-homme-chute-du-4eme-etage-en-plein-centre-ville","status":"publish","type":"post","link":"https:\/\/www.europesays.com\/fr\/304895\/","title":{"rendered":"un homme chute du 4\u00e8me \u00e9tage en plein centre-ville"},"content":{"rendered":"\n<p><strong>Un homme est tomb\u00e9 de la fen\u00eatre d&rsquo;un appartement situ\u00e9 cours des 50 otages \u00e0 Nantes. Il a atterri sur la terrasse d&rsquo;un restaurant et est d\u00e9c\u00e9d\u00e9 sur le coup. <\/strong><\/p>\n<p>Que s&rsquo;est-il pass\u00e9 ce jeudi 7 ao\u00fbt vers 19h20 \u00e0 Nantes ? C&rsquo;est la question \u00e0 laquelle doivent r\u00e9pondre les policiers qui ont <strong>ouvert une enqu\u00eate<\/strong> apr\u00e8s la mort de cet homme de 34 ans. Il est tomb\u00e9 du 4\u00e8me \u00e9tage d&rsquo;un appartement situ\u00e9 au 2 cours des 50 otages. Il a <strong>atterri sur la t\u00eate, sur la terrasse du Mac Burger<\/strong>. Parmi la dizaine de t\u00e9moins pr\u00e9sents sur place, 3 ont \u00e9t\u00e9 choqu\u00e9es et pris en charge par les secours avant d&rsquo;\u00eatre transport\u00e9s au CHU.\u00a0<\/p>\n<p>\u00a0<\/p>\n<p>Une autopsie doit \u00eatre r\u00e9alis\u00e9e<\/p>\n<p>Une<strong> enqu\u00eate a \u00e9t\u00e9 ouverte pour d\u00e9terminer les circonstances du drame<\/strong>, et comprendre si la chute de cet homme est volontaire ou non. Une autopsie doit \u00e9galement \u00eatre r\u00e9alis\u00e9e. <strong>Sa compagne, pr\u00e9sente sur place a \u00e9t\u00e9 hospitalis\u00e9e<\/strong>. Elle sera entendue par les enqu\u00eateurs d\u00e8s que son \u00e9tat de sant\u00e9 le permettra indique Ouest France.\u00a0<\/p>\n","protected":false},"excerpt":{"rendered":"Un homme est tomb\u00e9 de la fen\u00eatre d&rsquo;un appartement situ\u00e9 cours des 50 otages \u00e0 Nantes. Il a&hellip;\n","protected":false},"author":2,"featured_media":304896,"comment_status":"","ping_status":"","sticky":false,"template":"","format":"standard","meta":{"footnotes":""},"categories":[2818],"tags":[44474,44475,119,1111,11,9071,837,3983,1067,1777,674,1011,27,5480,44473,44476,18,766,12,2636,1072,25,1340,16963,470],"class_list":{"0":"post-304895","1":"post","2":"type-post","3":"status-publish","4":"format-standard","5":"has-post-thumbnail","7":"category-nantes","8":"tag-4eme-etage","9":"tag-50-otages","10":"tag-accident","11":"tag-actu","12":"tag-actualites","13":"tag-appartement","14":"tag-chute","15":"tag-deces","16":"tag-enquete","17":"tag-eu","18":"tag-europe","19":"tag-fr","20":"tag-france","21":"tag-immeuble","22":"tag-liore-atlantique","23":"tag-mac-burger","24":"tag-mort","25":"tag-nantes","26":"tag-news","27":"tag-pays-de-la-loire","28":"tag-police","29":"tag-republique-francaise","30":"tag-restaurant","31":"tag-terrasse","32":"tag-tomber"},"share_on_mastodon":{"url":"https:\/\/pubeurope.com\/@fr\/114992751796519059","error":""},"_links":{"self":[{"href":"https:\/\/www.europesays.com\/fr\/wp-json\/wp\/v2\/posts\/304895","targetHints":{"allow":["GET"]}}],"collection":[{"href":"https:\/\/www.europesays.com\/fr\/wp-json\/wp\/v2\/posts"}],"about":[{"href":"https:\/\/www.europesays.com\/fr\/wp-json\/wp\/v2\/types\/post"}],"author":[{"embeddable":true,"href":"https:\/\/www.europesays.com\/fr\/wp-json\/wp\/v2\/users\/2"}],"replies":[{"embeddable":true,"href":"https:\/\/www.europesays.com\/fr\/wp-json\/wp\/v2\/comments?post=304895"}],"version-history":[{"count":0,"href":"https:\/\/www.europesays.com\/fr\/wp-json\/wp\/v2\/posts\/304895\/revisions"}],"wp:featuredmedia":[{"embeddable":true,"href":"https:\/\/www.europesays.com\/fr\/wp-json\/wp\/v2\/media\/304896"}],"wp:attachment":[{"href":"https:\/\/www.europesays.com\/fr\/wp-json\/wp\/v2\/media?parent=304895"}],"wp:term":[{"taxonomy":"category","embeddable":true,"href":"https:\/\/www.europesays.com\/fr\/wp-json\/wp\/v2\/categories?post=304895"},{"taxonomy":"post_tag","embeddable":true,"href":"https:\/\/www.europesays.com\/fr\/wp-json\/wp\/v2\/tags?post=304895"}],"curies":[{"name":"wp","href":"https:\/\/api.w.org\/{rel}","templated":true}]}}