{"id":304904,"date":"2025-08-08T10:53:19","date_gmt":"2025-08-08T10:53:19","guid":{"rendered":"https:\/\/www.europesays.com\/fr\/304904\/"},"modified":"2025-08-08T10:53:19","modified_gmt":"2025-08-08T10:53:19","slug":"football-accord-entre-lille-et-le-psg-pour-le-transfert-du-gardien-francais-lucas-chevalier","status":"publish","type":"post","link":"https:\/\/www.europesays.com\/fr\/304904\/","title":{"rendered":"Football. Accord entre Lille et le PSG pour le transfert du gardien fran\u00e7ais Lucas Chevalier"},"content":{"rendered":"<p>Lille et le Paris Saint-Germain sont tomb\u00e9s d&rsquo;accord pour le transfert du gardien de but fran\u00e7ais Lucas Chevalier, 23 ans, a-t-on appris vendredi de source proche des discussions. Le jeune portier, dont le transfert porterait sur cinq saisons et se chiffrerait \u00e0 40 millions d&rsquo;euros, selon la m\u00eame source, doit passer sa visite m\u00e9dicale dans la journ\u00e9e avant de parapher son contrat avec les champions d&rsquo;Europe.<\/p>\n<p>Il aura fallu, pour le PSG, formuler trois offres successives pour faire infl\u00e9chir Lille dans ce dossier, <a href=\"https:\/\/www.lequipe.fr\/Football\/Article\/Pres-de-55-millions-d-euros-avec-les-bonus-les-dessous-de-l-accord-entre-le-psg-et-lille-pour-le-transfert-de-lucas-chevalier\/1583770\" target=\"_blank\" rel=\"noopener\">selon le journal L&rsquo;\u00c9quipe<\/a> qui a r\u00e9v\u00e9l\u00e9 l&rsquo;information jeudi. Mais le PSG, toujours selon la presse, souhaitait disposer de Lucas Chevalier, r\u00e9guli\u00e8rement appel\u00e9 en \u00e9quipe de France mais qui n&rsquo;a pas encore jou\u00e9 pour les A, d\u00e8s mercredi prochain pour affronter Tottenham en Supercoupe d&rsquo;Europe \u00e0 Udine (Italie).<\/p>\n<p>Des belles performances en Ligue des champions<\/p>\n<p>Gar\u00e7on pos\u00e9, dosant bien modestie du jeune premier et ambition l\u00e9gitime de l&rsquo;acteur en devenir, Chevalier a tap\u00e9 dans l&rsquo;oeil des recruteurs parisiens lors des dix rencontres qu&rsquo;il a disput\u00e9es en Ligue des champions la saison derni\u00e8re. Il a notamment brill\u00e9 lors des grandes affiches <a href=\"https:\/\/www.ledauphine.com\/sport\/2024\/10\/02\/ligue-des-champions-exploit-de-lille-qui-fait-tomber-le-real-madrid\" target=\"_blank\" rel=\"noopener\">contre le Real (1-0)<\/a> et <a href=\"https:\/\/www.ledauphine.com\/sport\/2024\/10\/23\/ligue-des-champions-lille-s-offre-un-nouveau-succes-de-prestige-a-madrid-face-a-l-atletico\" target=\"_blank\" rel=\"noopener\">l&rsquo;Atl\u00e9tico Madrid (3-1)<\/a>, o\u00f9 il a largement contribu\u00e9 \u00e0 la victoire des siens.<\/p>\n<p>L&rsquo;arriv\u00e9e du natif de Calais, lors d&rsquo;une intersaison durant laquelle le PSG a \u00e9t\u00e9 particuli\u00e8rement sage sur le march\u00e9 des transferts, soul\u00e8ve de nombreuses questions, alors que Gianluigi Donnarumma vient d&rsquo;achever une saison historique dans les cages des champions de France et d&rsquo;Europe, <a href=\"https:\/\/www.ledauphine.com\/sport\/2025\/07\/13\/chelsea-sacre-champion-du-monde-des-clubs-en-battant-le-psg-en-finale\" target=\"_blank\" rel=\"noopener\">finalistes de la Coupe du monde des clubs cet \u00e9t\u00e9<\/a>.<\/p>\n<p>Paris a repris l&rsquo;entra\u00eenement le 6 ao\u00fbt, une petite semaine avant son premier match officiel cette saison, et comptera avec Chevalier, cinq gardiens, Matvey Safonov, Arnau Tenas et le nouveau venu Renato Marin. Si Luis Enrique, l&rsquo;entra\u00eeneur parisien, ne fait pas exception des gardiens dans la concurrence qu&rsquo;il instaure dans son groupe, Chevalier aurait re\u00e7u des garanties du directeur sportif Luis Campos sur le statut qui lui sera r\u00e9serv\u00e9 \u00e0 Paris.<\/p>\n<p>Gianluigi Donnarumma sur le d\u00e9part ?<\/p>\n<p>Le Nordiste, dont les qualit\u00e9s techniques sont compatibles avec les principes de jeu de Luis Enrique, serait num\u00e9ro 1 et Donnarumma, 26 ans, sa doublure. Ironie de l&rsquo;histoire, les deux gardiens vont \u00e9galement se disputer le prix Lev Yachine du meilleur portier de la saison et dont les nomm\u00e9s ont \u00e9t\u00e9 r\u00e9v\u00e9l\u00e9s jeudi.<\/p>\n<p>Longtemps critiqu\u00e9 pour ses sorties a\u00e9riennes hasardeuses, pas forc\u00e9ment tr\u00e8s \u00e0 l&rsquo;aise dans le jeu au pied, l&rsquo;Italien paie surtout l&rsquo;\u00e9chec de sa prolongation de contrat. \u00c0 un an de son \u00e9ch\u00e9ance en juin 2026, des n\u00e9gociations pour une prolongation ont tra\u00een\u00e9 tout au long de la saison sans aboutir, se heurtant notamment sur la politique salariale que le PSG souhaite changer : plus de primes aux r\u00e9sultats et moins de fixes.<\/p>\n<p>\u00c0 une semaine de la reprise de la Ligue 1 et malgr\u00e9 les services rendus, Gianluigi Donnarumma\u00a0doit d\u00e9sormais trouver une porte de sortie. Le PSG, lui, mise d\u00e9sormais sur Lucas Chevalier.<\/p>\n","protected":false},"excerpt":{"rendered":"Lille et le Paris Saint-Germain sont tomb\u00e9s d&rsquo;accord pour le transfert du gardien de but fran\u00e7ais Lucas Chevalier,&hellip;\n","protected":false},"author":2,"featured_media":304905,"comment_status":"","ping_status":"","sticky":false,"template":"","format":"standard","meta":{"footnotes":""},"categories":[2815],"tags":[1111,11,1777,674,107,63,1011,27,811,1307,23100,12,25,517,1947],"class_list":{"0":"post-304904","1":"post","2":"type-post","3":"status-publish","4":"format-standard","5":"has-post-thumbnail","7":"category-lille","8":"tag-actu","9":"tag-actualites","10":"tag-eu","11":"tag-europe","12":"tag-fil-info","13":"tag-football","14":"tag-fr","15":"tag-france","16":"tag-hauts-de-france","17":"tag-lille","18":"tag-mercato-football","19":"tag-news","20":"tag-republique-francaise","21":"tag-sport","22":"tag-sport-national"},"share_on_mastodon":{"url":"https:\/\/pubeurope.com\/@fr\/114992775467569783","error":""},"_links":{"self":[{"href":"https:\/\/www.europesays.com\/fr\/wp-json\/wp\/v2\/posts\/304904","targetHints":{"allow":["GET"]}}],"collection":[{"href":"https:\/\/www.europesays.com\/fr\/wp-json\/wp\/v2\/posts"}],"about":[{"href":"https:\/\/www.europesays.com\/fr\/wp-json\/wp\/v2\/types\/post"}],"author":[{"embeddable":true,"href":"https:\/\/www.europesays.com\/fr\/wp-json\/wp\/v2\/users\/2"}],"replies":[{"embeddable":true,"href":"https:\/\/www.europesays.com\/fr\/wp-json\/wp\/v2\/comments?post=304904"}],"version-history":[{"count":0,"href":"https:\/\/www.europesays.com\/fr\/wp-json\/wp\/v2\/posts\/304904\/revisions"}],"wp:featuredmedia":[{"embeddable":true,"href":"https:\/\/www.europesays.com\/fr\/wp-json\/wp\/v2\/media\/304905"}],"wp:attachment":[{"href":"https:\/\/www.europesays.com\/fr\/wp-json\/wp\/v2\/media?parent=304904"}],"wp:term":[{"taxonomy":"category","embeddable":true,"href":"https:\/\/www.europesays.com\/fr\/wp-json\/wp\/v2\/categories?post=304904"},{"taxonomy":"post_tag","embeddable":true,"href":"https:\/\/www.europesays.com\/fr\/wp-json\/wp\/v2\/tags?post=304904"}],"curies":[{"name":"wp","href":"https:\/\/api.w.org\/{rel}","templated":true}]}}