{"id":304916,"date":"2025-08-08T11:00:12","date_gmt":"2025-08-08T11:00:12","guid":{"rendered":"https:\/\/www.europesays.com\/fr\/304916\/"},"modified":"2025-08-08T11:00:12","modified_gmt":"2025-08-08T11:00:12","slug":"lallemagne-annonce-suspendre-les-exportations-darmes-quisrael-pourrait-utiliser-a-gaza","status":"publish","type":"post","link":"https:\/\/www.europesays.com\/fr\/304916\/","title":{"rendered":"l\u2019Allemagne annonce suspendre les exportations d\u2019armes qu\u2019Isra\u00ebl pourrait utiliser \u00e0 Gaza"},"content":{"rendered":"<p>  Gaza bombard\u00e9e, Gaza affam\u00e9e, Gaza occup\u00e9e. Benyamin N\u00e9tanyahou a annonc\u00e9, jeudi 7\u00a0ao\u00fbt, une nouvelle \u00e9tape dans la guerre contre l\u2019enclave palestinienne o\u00f9 survivent, dans des conditions extr\u00eamement difficiles, 2,1\u00a0millions de personnes. Apr\u00e8s vingt-deux\u00a0mois d\u2019une guerre au bilan humain terrible, comptant plus de 61\u00a0000\u00a0morts et 146\u00a0000\u00a0bless\u00e9s, le chef du gouvernement isra\u00e9lien entend d\u00e9sormais <a href=\"https:\/\/www.lemonde.fr\/international\/video\/2025\/08\/07\/benyamin-netanyahou-annonce-vouloir-prendre-le-controle-de-la-bande-de-gaza_6627327_3210.html\" rel=\"nofollow noopener\" target=\"_blank\">occuper l\u2019int\u00e9gralit\u00e9 du territoire gazaoui<\/a>. Au prix de nouvelles offensives militaires meurtri\u00e8res. Au prix du d\u00e9placement forc\u00e9 de centaines de milliers d\u2019habitants de la bande de Gaza. Au risque d\u2019ouvrir une crise politique en Isra\u00ebl. Au\u00a0risque aussi d\u2019isoler plus encore l\u2019Etat h\u00e9breu, sur le plan diplomatique, dans ses relations avec les pays arabes comme avec le reste du monde.  <\/p>\n","protected":false},"excerpt":{"rendered":"Gaza bombard\u00e9e, Gaza affam\u00e9e, Gaza occup\u00e9e. Benyamin N\u00e9tanyahou a annonc\u00e9, jeudi 7\u00a0ao\u00fbt, une nouvelle \u00e9tape dans la guerre&hellip;\n","protected":false},"author":2,"featured_media":304917,"comment_status":"","ping_status":"","sticky":false,"template":"","format":"standard","meta":{"footnotes":""},"categories":[1888],"tags":[1111,1928,11,1927,1777,674,1011,27,12,1926,626,1925,25],"class_list":{"0":"post-304916","1":"post","2":"type-post","3":"status-publish","4":"format-standard","5":"has-post-thumbnail","7":"category-paris","8":"tag-actu","9":"tag-actu-paris","10":"tag-actualites","11":"tag-actualites-paris","12":"tag-eu","13":"tag-europe","14":"tag-fr","15":"tag-france","16":"tag-news","17":"tag-news-paris","18":"tag-paris","19":"tag-paris-news","20":"tag-republique-francaise"},"share_on_mastodon":{"url":"https:\/\/pubeurope.com\/@fr\/114992802984192705","error":""},"_links":{"self":[{"href":"https:\/\/www.europesays.com\/fr\/wp-json\/wp\/v2\/posts\/304916","targetHints":{"allow":["GET"]}}],"collection":[{"href":"https:\/\/www.europesays.com\/fr\/wp-json\/wp\/v2\/posts"}],"about":[{"href":"https:\/\/www.europesays.com\/fr\/wp-json\/wp\/v2\/types\/post"}],"author":[{"embeddable":true,"href":"https:\/\/www.europesays.com\/fr\/wp-json\/wp\/v2\/users\/2"}],"replies":[{"embeddable":true,"href":"https:\/\/www.europesays.com\/fr\/wp-json\/wp\/v2\/comments?post=304916"}],"version-history":[{"count":0,"href":"https:\/\/www.europesays.com\/fr\/wp-json\/wp\/v2\/posts\/304916\/revisions"}],"wp:featuredmedia":[{"embeddable":true,"href":"https:\/\/www.europesays.com\/fr\/wp-json\/wp\/v2\/media\/304917"}],"wp:attachment":[{"href":"https:\/\/www.europesays.com\/fr\/wp-json\/wp\/v2\/media?parent=304916"}],"wp:term":[{"taxonomy":"category","embeddable":true,"href":"https:\/\/www.europesays.com\/fr\/wp-json\/wp\/v2\/categories?post=304916"},{"taxonomy":"post_tag","embeddable":true,"href":"https:\/\/www.europesays.com\/fr\/wp-json\/wp\/v2\/tags?post=304916"}],"curies":[{"name":"wp","href":"https:\/\/api.w.org\/{rel}","templated":true}]}}