{"id":304918,"date":"2025-08-08T11:01:27","date_gmt":"2025-08-08T11:01:27","guid":{"rendered":"https:\/\/www.europesays.com\/fr\/304918\/"},"modified":"2025-08-08T11:01:27","modified_gmt":"2025-08-08T11:01:27","slug":"alger-accuse-paris-de-sexonerer-de-ses-responsabilites","status":"publish","type":"post","link":"https:\/\/www.europesays.com\/fr\/304918\/","title":{"rendered":"Alger accuse Paris de s&rsquo;exon\u00e9rer \u00ab\u00a0de ses responsabilit\u00e9s\u00a0\u00bb"},"content":{"rendered":"<p class=\"c-chapo \">\n  Le pr\u00e9sident fran\u00e7ais a demand\u00e9 \u00e0 son gouvernement d&rsquo;agir avec \u00ab\u00a0plus de fermet\u00e9 et de d\u00e9termination\u00a0\u00bb vis-\u00e0-vis d&rsquo;Alger, dans une lettre adress\u00e9e \u00e0 Fran\u00e7ois Bayrou hier.\n<\/p>\n<p>            lire plus tard<\/p>\n<p id=\"dialog__title\" class=\"dialog__title\">Pour sauvegarder cet article, connectez-vous ou cr\u00e9ez un compte franceinfo<\/p>\n<p class=\"dialog__description\">Sans paiement. Sans abonnement.<\/p>\n<p>        Fermer la fen\u00eatre d\u2019activation des notifications France Info<\/p>\n<p>            cr\u00e9er votre compte<\/p>\n<p>            se connecter<\/p>\n<p>        Fermer la fen\u00eatre de pr\u00e9sentation<\/p>\n<p>    <img loading=\"lazy\" decoding=\"async\" class=\"signature__image lazyload\" width=\"100\" height=\"100\" data- alt=\"\" src=\"https:\/\/www.europesays.com\/fr\/wp-content\/uploads\/2025\/05\/64a68815cd1a7_placeholder-36b69ec8.png\"\/><\/p>\n<p>    Publi\u00e9 le 07\/08\/2025 16:34<\/p>\n<p>        Temps de lecture : 2min<\/p>\n<p>    <img decoding=\"async\"  alt=\"L'ambassade d'Alg\u00e9rie \u00e0 Paris, le 14 mai 2025. (KIRAN RIDLEY \/ AFP)\" width=\"432\" height=\"243\" src=\"https:\/\/www.europesays.com\/fr\/wp-content\/uploads\/2025\/08\/000-68wz4g3-6894b91b0c42b336922767.jpg\" fetchpriority=\"high\"\/><\/p>\n<p>      L&rsquo;ambassade d&rsquo;Alg\u00e9rie \u00e0 Paris, le 14 mai 2025. (KIRAN RIDLEY \/ AFP)<\/p>\n<p>Les tensions ne sont pas pr\u00e8s de s&rsquo;apaiser. L&rsquo;Alg\u00e9rie a accus\u00e9, jeudi 7\u00a0ao\u00fbt, la France de s&rsquo;exon\u00e9rer \u00ab\u00a0de ses responsabilit\u00e9s\u00a0\u00bb dans la crise bilat\u00e9rale qui s\u00e9vit <a href=\"https:\/\/www.franceinfo.fr\/monde\/afrique\/algerie\/on-vous-explique-les-raisons-de-la-crise-diplomatique-entre-la-france-et-l-algerie_7006019.html\" rel=\"nofollow noopener\" target=\"_blank\">depuis plusieurs mois entre les deux pays<\/a>. Dans un communiqu\u00e9, la diplomatie alg\u00e9rienne d\u00e9nonce \u00e9galement l&rsquo;accord sur l&rsquo;exemption des visas au profit des titulaires de passeports diplomatiques et de service, <a href=\"https:\/\/www.franceinfo.fr\/politique\/emmanuel-macron-demande-au-gouvernement-la-suspension-formelle-de-l-exemption-de-visa-pour-les-passeports-officiels-et-diplomatiques-algeriens_7421437.html\" rel=\"nofollow noopener\" target=\"_blank\">dont Emmanuel Macron a demand\u00e9 la suspension mercredi<\/a>.<\/p>\n<p>La lettre, o\u00f9 le pr\u00e9sident fran\u00e7ais Emmanuel Macron fait cette annonce, \u00ab\u00a0exon\u00e8re la France de l&rsquo;int\u00e9gralit\u00e9 de ses responsabilit\u00e9s et fait porter tous les torts \u00e0 la partie alg\u00e9rienne. Rien n&rsquo;est plus loin de la v\u00e9rit\u00e9 et de la r\u00e9alit\u00e9\u00a0\u00bb, estime ainsi le minist\u00e8re des Affaires \u00e9trang\u00e8res alg\u00e9rien. Concernant l&rsquo;accord d&rsquo;exemption de visas, Alger rappelle que \u00ab\u00a0c&rsquo;est la France, et elle seule, qui a \u00e9t\u00e9 \u00e0 l&rsquo;origine d&rsquo;une telle demande. En d\u00e9cidant la suspension de cet accord, la France offre \u00e0 l&rsquo;Alg\u00e9rie l&rsquo;opportunit\u00e9 idoine d&rsquo;annoncer, quant \u00e0 elle, la d\u00e9nonciation pure et simple de ce m\u00eame accord\u00a0\u00bb.<\/p>\n<p>Dans sa missive, le pr\u00e9sident fran\u00e7ais demande au gouvernement \u00ab\u00a0la suspension formelle\u00a0\u00bb d&rsquo;un accord de 2013 \u00ab\u00a0concernant les exemptions de visa sur les passeports officiels et diplomatiques\u00a0\u00bb alg\u00e9riens. La France doit agir \u00ab\u00a0avec plus de fermet\u00e9 et de d\u00e9termination\u00a0\u00bb et le gouvernement doit prendre \u00ab\u00a0des d\u00e9cisions suppl\u00e9mentaires\u00a0\u00bb vis-\u00e0-vis de l&rsquo;Alg\u00e9rie, exhorte-t-il, invoquant notamment le \u00ab\u00a0sort r\u00e9serv\u00e9\u00a0\u00bb \u00e0 l&rsquo;\u00e9crivain <a href=\"https:\/\/www.franceinfo.fr\/monde\/afrique\/algerie\/algerie-boualem-sansal-condamne-a-5-ans-de-prison_7350447.html\" rel=\"nofollow noopener\" target=\"_blank\">Boualem Sansal<\/a> et au journaliste <a href=\"https:\/\/www.franceinfo.fr\/monde\/afrique\/algerie\/christophe-gleizes-detenu-en-algerie-les-dernieres-nouvelles-sont-satisfaisantes-confient-les-parents-du-journaliste-qui-veulent-aller-le-voir-en-aout_7407616.html\" rel=\"nofollow noopener\" target=\"_blank\">Christophe Gleizes<\/a>, emprisonn\u00e9s en Alg\u00e9rie. Il fait \u00e9galement r\u00e9f\u00e9rence au \u00ab\u00a0non-respect par l&rsquo;Alg\u00e9rie de ses obligations\u00a0\u00bb en mati\u00e8re migratoire, ainsi que \u00ab\u00a0la cessation de la coop\u00e9ration des 18 consulats alg\u00e9riens pr\u00e9sents sur notre sol avec les services de l&rsquo;Etat\u00a0\u00bb.<\/p>\n<p class=\"related-tags__title\" role=\"heading\" aria-level=\"2\">les mots-cl\u00e9s associ\u00e9s \u00e0 cet article\n    <\/p>\n","protected":false},"excerpt":{"rendered":"Le pr\u00e9sident fran\u00e7ais a demand\u00e9 \u00e0 son gouvernement d&rsquo;agir avec \u00ab\u00a0plus de fermet\u00e9 et de d\u00e9termination\u00a0\u00bb vis-\u00e0-vis d&rsquo;Alger,&hellip;\n","protected":false},"author":2,"featured_media":304919,"comment_status":"","ping_status":"","sticky":false,"template":"","format":"standard","meta":{"footnotes":""},"categories":[1888],"tags":[1111,1928,11,1927,1777,674,1011,27,12,1926,626,1925,25],"class_list":{"0":"post-304918","1":"post","2":"type-post","3":"status-publish","4":"format-standard","5":"has-post-thumbnail","7":"category-paris","8":"tag-actu","9":"tag-actu-paris","10":"tag-actualites","11":"tag-actualites-paris","12":"tag-eu","13":"tag-europe","14":"tag-fr","15":"tag-france","16":"tag-news","17":"tag-news-paris","18":"tag-paris","19":"tag-paris-news","20":"tag-republique-francaise"},"share_on_mastodon":{"url":"https:\/\/pubeurope.com\/@fr\/114992806991629137","error":""},"_links":{"self":[{"href":"https:\/\/www.europesays.com\/fr\/wp-json\/wp\/v2\/posts\/304918","targetHints":{"allow":["GET"]}}],"collection":[{"href":"https:\/\/www.europesays.com\/fr\/wp-json\/wp\/v2\/posts"}],"about":[{"href":"https:\/\/www.europesays.com\/fr\/wp-json\/wp\/v2\/types\/post"}],"author":[{"embeddable":true,"href":"https:\/\/www.europesays.com\/fr\/wp-json\/wp\/v2\/users\/2"}],"replies":[{"embeddable":true,"href":"https:\/\/www.europesays.com\/fr\/wp-json\/wp\/v2\/comments?post=304918"}],"version-history":[{"count":0,"href":"https:\/\/www.europesays.com\/fr\/wp-json\/wp\/v2\/posts\/304918\/revisions"}],"wp:featuredmedia":[{"embeddable":true,"href":"https:\/\/www.europesays.com\/fr\/wp-json\/wp\/v2\/media\/304919"}],"wp:attachment":[{"href":"https:\/\/www.europesays.com\/fr\/wp-json\/wp\/v2\/media?parent=304918"}],"wp:term":[{"taxonomy":"category","embeddable":true,"href":"https:\/\/www.europesays.com\/fr\/wp-json\/wp\/v2\/categories?post=304918"},{"taxonomy":"post_tag","embeddable":true,"href":"https:\/\/www.europesays.com\/fr\/wp-json\/wp\/v2\/tags?post=304918"}],"curies":[{"name":"wp","href":"https:\/\/api.w.org\/{rel}","templated":true}]}}