{"id":304924,"date":"2025-08-08T11:04:11","date_gmt":"2025-08-08T11:04:11","guid":{"rendered":"https:\/\/www.europesays.com\/fr\/304924\/"},"modified":"2025-08-08T11:04:11","modified_gmt":"2025-08-08T11:04:11","slug":"pourquoi-la-syrie-retombe-dans-le-giron-de-vladimir-poutine-par-omar-youssef-souleimane-lexpress","status":"publish","type":"post","link":"https:\/\/www.europesays.com\/fr\/304924\/","title":{"rendered":"Pourquoi la Syrie retombe dans le giron de Vladimir Poutine, par Omar Youssef Souleimane \u2013 L&rsquo;Express"},"content":{"rendered":"<p class=\"paragraph article-body-paragraph article__item   article-body-paragraph--first \">Le 8 d\u00e9cembre 2024, <a href=\"https:\/\/www.lexpress.fr\/monde\/proche-moyen-orient\/villas-russes-et-comptes-offshore-les-derniers-secrets-de-la-fortune-de-bachar-el-assad-Q5OUMMXE65GJ7HRDCPQPK2G47Y\/\" target=\"_self\" rel=\"noopener\" title=\"https:\/\/www.lexpress.fr\/monde\/proche-moyen-orient\/villas-russes-et-comptes-offshore-les-derniers-secrets-de-la-fortune-de-bachar-el-assad-Q5OUMMXE65GJ7HRDCPQPK2G47Y\/\">Bachar el-Assad<\/a> a embarqu\u00e9 \u00e0 bord d\u2019un avion russe depuis la base militaire de Hmeimim, sur la c\u00f4te syrienne, escort\u00e9 par plusieurs officiers, pour s\u2019envoler vers Moscou. C\u2019\u00e9tait la fin d\u2019une dictature qui, depuis cinquante-quatre ans, maintenait <a href=\"https:\/\/www.lexpress.fr\/monde\/proche-moyen-orient\/en-syrie-ahmed-el-charaa-face-au-risque-de-chaos-des-tetes-devraient-bientot-tomber-CKP2E2SMVBCDLNONLGPZZCICRY\/\" target=\"_self\" rel=\"noopener\" title=\"https:\/\/www.lexpress.fr\/monde\/proche-moyen-orient\/en-syrie-ahmed-el-charaa-face-au-risque-de-chaos-des-tetes-devraient-bientot-tomber-CKP2E2SMVBCDLNONLGPZZCICRY\/\">la Syrie<\/a> sous sa f\u00e9rule. Cette nuit-l\u00e0, il semblait impensable que le nouveau r\u00e9gime syrien puisse un jour renouer avec la Russie : l\u2019intervention militaire de Moscou en Syrie avait provoqu\u00e9 des bombardements massifs, ras\u00e9 des quartiers entiers et d\u00e9plac\u00e9 des centaines de milliers de civils, contraints \u00e0 l\u2019exil ou tu\u00e9s. <\/p>\n<p><strong class=\"article-body-link-list__item text-gray-800 article-body-link-list__item--one-item\">LIRE AUSSI : <a class=\"article-body-link-list__item-link\" href=\"https:\/\/www.lexpress.fr\/idees-et-debats\/peter-rough-ex-conseiller-de-bush-des-decisions-vraiment-douloureuses-se-profilent-pour-poutine-A6STI55EUZEYVC4MJT5T2KJ3RQ\/\" target=\"_blank\" rel=\"noreferrer noopener\">\u00ab\u00a0Poutine aurait tort de se moquer des ultimatums de Trump\u00a0\u00bb : l&rsquo;analyse de Peter Rough, ex-conseiller de Bush<\/a><\/strong><\/p>\n<p class=\"paragraph article-body-paragraph article__item   \">Et pourtant, sept mois plus tard, le 31 juillet, une d\u00e9l\u00e9gation politique du nouveau pouvoir de Damas s\u2019est rendue <a href=\"https:\/\/www.lexpress.fr\/monde\/europe\/guerre-en-ukraine-une-rencontre-trump-poutine-est-prevue-dans-les-prochains-jours-selon-moscou-GGFP5E3WX5BYXGWTQHCN4QEZC4\/\" target=\"_self\" rel=\"noopener\" title=\"https:\/\/www.lexpress.fr\/monde\/europe\/guerre-en-ukraine-une-rencontre-trump-poutine-est-prevue-dans-les-prochains-jours-selon-moscou-GGFP5E3WX5BYXGWTQHCN4QEZC4\/\">\u00e0 Moscou<\/a> pour annoncer la reprise des relations bilat\u00e9rales. Une visite surprenante pour de nombreux Syriens, mais explicable \u00e0 la lumi\u00e8re des int\u00e9r\u00eats communs qui unissent d\u00e9sormais les deux r\u00e9gimes autoritaires.<\/p>\n<p class=\"paragraph article-body-paragraph article__item   \">Cr\u00e9\u00e9e en 1971 dans le cadre d\u2019un accord entre Hafez el-Assad et l\u2019Union sovi\u00e9tique, la base a\u00e9rienne de Hmeimim constitue le c\u0153ur battant de la pr\u00e9sence militaire russe en Syrie. Ses 1 700 soldats et ses infrastructures en font un point n\u00e9vralgique pour Moscou, qui contr\u00f4le \u00e9galement la base navale de Tartous. Sans ces deux positions, la Russie perdrait tout acc\u00e8s strat\u00e9gique \u00e0 la M\u00e9diterran\u00e9e, un sc\u00e9nario que Vladimir Poutine entend \u00e9viter \u00e0 tout prix. Selon le R\u00e9seau syrien pour les droits de l\u2019homme, Moscou a exerc\u00e9 \u00e0 seize reprises son droit de veto au Conseil de s\u00e9curit\u00e9 de l\u2019ONU sur des r\u00e9solutions concernant <a href=\"https:\/\/www.lexpress.fr\/monde\/proche-moyen-orient\/entre-la-syrie-et-israel-un-scenario-du-chaos-qui-ne-beneficierait-a-personne-RSANKF5G4JD6RPNYF42BNWZGXQ\/\" target=\"_self\" rel=\"noopener\" title=\"https:\/\/www.lexpress.fr\/monde\/proche-moyen-orient\/entre-la-syrie-et-israel-un-scenario-du-chaos-qui-ne-beneficierait-a-personne-RSANKF5G4JD6RPNYF42BNWZGXQ\/\">la Syrie,<\/a> bloquant notamment celles visant \u00e0 sanctionner Bachar el-Assad. Encore aujourd\u2019hui, la Russie reste pr\u00eate \u00e0 tout pour maintenir son implantation sur la c\u00f4te syrienne. Il y a quelques ann\u00e9es, Assad al-Chaibani, islamiste syrien membre de Hayat Tahrir al-Cham (HTC), menait le djihad contre les forces russes. Devenu, apr\u00e8s la chute de Bachar el-Assad, ministre des Affaires \u00e9trang\u00e8res, il serre d\u00e9sormais la main de son homologue russe, Sergue\u00ef Lavrov.<\/p>\n<p>Protection face \u00e0 Isra\u00ebl<\/p>\n<p class=\"paragraph article-body-paragraph article__item   \">Le deuxi\u00e8me int\u00e9r\u00eat qui pousse Moscou vers le nouveau pouvoir syrien est \u00e9conomique. En 2020, lors de sa visite \u00e0 Damas, <a href=\"https:\/\/www.lexpress.fr\/monde\/enquete-comment-vladimir-poutine-enleve-et-russifie-les-enfants-ukrainiens-7NH4ZLRDENFXRCCA75H467BVUY\/\" target=\"_self\" rel=\"noopener\" title=\"https:\/\/www.lexpress.fr\/monde\/enquete-comment-vladimir-poutine-enleve-et-russifie-les-enfants-ukrainiens-7NH4ZLRDENFXRCCA75H467BVUY\/\">Vladimir Poutine<\/a> avait sign\u00e9 avec l\u2019ancien r\u00e9gime plusieurs contrats d\u2019investissements russes dans les secteurs du gaz, de l\u2019exploration mini\u00e8re et p\u00e9troli\u00e8re. La Russie avait d\u00e9j\u00e0 engag\u00e9 plusieurs milliards de dollars pour prot\u00e9ger Bachar el-Assad et consolider sa pr\u00e9sence en Syrie. Apr\u00e8s la fuite de ce dernier en 2024, ces investissements sont rest\u00e9s en suspens. Al-Chaibani a annonc\u00e9 qu\u2019un accord avait \u00e9t\u00e9 conclu avec Moscou pour r\u00e9examiner toutes les ententes pr\u00e9c\u00e9dentes.<\/p>\n<p><strong class=\"article-body-link-list__item text-gray-800 article-body-link-list__item--one-item\">LIRE AUSSI : <a class=\"article-body-link-list__item-link\" href=\"https:\/\/www.lexpress.fr\/idees-et-debats\/de-gaza-au-yemen-cette-immonde-hierarchisation-de-la-souffrance-par-omar-youssef-souleimane-W2XH7YDUUBDXHOYMAA4GTZEJXY\/\" target=\"_blank\" rel=\"noreferrer noopener\">De Gaza au Y\u00e9men, cette immonde hi\u00e9rarchisation de la souffrance, par Omar Youssef Souleimane<\/a><\/strong><\/p>\n<p class=\"paragraph article-body-paragraph article__item   \">Le nouveau pr\u00e9sident syrien, Ahmed el-Charaa, a, en mars, r\u00e9clam\u00e9 \u00e0 la Russie 400 milliards de dollars pour compenser les destructions qu\u2019elle a inflig\u00e9es \u00e0 <a href=\"https:\/\/www.lexpress.fr\/monde\/proche-moyen-orient\/violences-en-syrie-si-ahmed-el-charaa-depasse-les-lignes-rouges-disrael-il-peut-etre-elimine-ZPDIOMNEARCQJLO2FLVBZ7CSFY\/\" target=\"_self\" rel=\"noopener\" title=\"https:\/\/www.lexpress.fr\/monde\/proche-moyen-orient\/violences-en-syrie-si-ahmed-el-charaa-depasse-les-lignes-rouges-disrael-il-peut-etre-elimine-ZPDIOMNEARCQJLO2FLVBZ7CSFY\/\">la Syrie. <\/a>Le porte-parole du Kremlin, Dmitri Peskov, d\u00e9clarait alors : \u00ab\u00a0Nous poursuivons nos contacts avec les autorit\u00e9s syriennes. Disons simplement que le processus de travail est en cours.\u00a0\u00bb Lors de la r\u00e9cente visite \u00e0 Moscou, rien n\u2019a progress\u00e9 sur ce dossier. En revanche, les Russes se sont montr\u00e9s plus r\u00e9ceptifs \u00e0 une autre requ\u00eate d\u2019el-Charaa : obtenir leur protection face aux frappes isra\u00e9liennes. Juste apr\u00e8s cette rencontre, Poutine a appel\u00e9 <a href=\"https:\/\/www.lexpress.fr\/monde\/proche-moyen-orient\/cest-son-moment-churchillien-benyamin-netanyahou-triomphant-en-iran-mais-humilie-a-gaza-KVH5JQDA3JESPAGQ7KBRV6KQKE\/\" target=\"_self\" rel=\"noopener\" title=\"https:\/\/www.lexpress.fr\/monde\/proche-moyen-orient\/cest-son-moment-churchillien-benyamin-netanyahou-triomphant-en-iran-mais-humilie-a-gaza-KVH5JQDA3JESPAGQ7KBRV6KQKE\/\">Benyamin Netanyahou, <\/a>affirmant sa volont\u00e9 de \u00ab\u00a0renforcer la stabilit\u00e9 politique interne de la Syrie en tenant compte des droits et des int\u00e9r\u00eats l\u00e9gitimes de toutes les communaut\u00e9s ethniques et religieuses\u00a0\u00bb. Pour tenter de convaincre Isra\u00ebl de cesser ses frappes, Poutine a exprim\u00e9 sa volont\u00e9 de tout faire pour faciliter la recherche de solutions n\u00e9goci\u00e9es sur le programme nucl\u00e9aire iranien.<\/p>\n<p class=\"paragraph article-body-paragraph article__item   \">Le nouveau r\u00e9gime syrien a un besoin vital du soutien russe, notamment apr\u00e8s <a href=\"https:\/\/www.lexpress.fr\/monde\/proche-moyen-orient\/syrie-tout-comprendre-a-la-flambee-de-violences-dans-le-sud-du-pays-W2R4TKWZQBA5ZPE2XWCA5PCYMQ\/\" target=\"_self\" rel=\"noopener\" title=\"https:\/\/www.lexpress.fr\/monde\/proche-moyen-orient\/syrie-tout-comprendre-a-la-flambee-de-violences-dans-le-sud-du-pays-W2R4TKWZQBA5ZPE2XWCA5PCYMQ\/\">le soul\u00e8vement de Soue\u00efda.<\/a> Cette ville majoritairement druze, soutenue par Tsahal, \u00e9chappe d\u00e9sormais au contr\u00f4le d\u2019el-Charaa. Plusieurs appels \u00e0 son ind\u00e9pendance ont \u00e9t\u00e9 lanc\u00e9s \u00e0 la suite des massacres commis par les forces au pouvoir, qui ont co\u00fbt\u00e9 la vie \u00e0 720 habitants, selon le R\u00e9seau syrien pour les droits de l\u2019homme. La fracture entre druzes et sunnites est aujourd\u2019hui si profonde que le retour de Soue\u00efda sous l\u2019autorit\u00e9 de Damas semble illusoire sans intervention militaire. Seule la pr\u00e9sence militaire russe dans la r\u00e9gion peut encadrer les avions isra\u00e9liens qui survolent le ciel syrien pour prot\u00e9ger les druzes.<\/p>\n<\/p>\n<p>Moscou, refuge des dictateurs d\u00e9chus<\/p>\n<p class=\"paragraph article-body-paragraph article__item   \">En 2013, Viktor Ianoukovytch, alors pr\u00e9sident <a href=\"https:\/\/www.lexpress.fr\/monde\/europe\/l-ukraine-hesite-entre-est-et-ouest_1302698.html\" target=\"_self\" rel=\"noopener\" title=\"https:\/\/www.lexpress.fr\/monde\/europe\/l-ukraine-hesite-entre-est-et-ouest_1302698.html\">de l\u2019Ukraine,<\/a> a refus\u00e9 de signer un accord d\u2019association avec l\u2019Union europ\u00e9enne, d\u00e9clenchant de vastes manifestations dans tout le pays. Ce mouvement, v\u00e9ritable r\u00e9volution citoyenne, s\u2019est sold\u00e9 par la chute du r\u00e9gime. La r\u00e9pression fit 108 morts parmi les manifestants. L\u2019ann\u00e9e suivante, alert\u00e9 par le Kremlin de l\u2019impossibilit\u00e9 de se maintenir au pouvoir, l\u2019ancien pr\u00e9sident ukrainien a fui en pleine nuit vers la Russie, une \u00e9chapp\u00e9e qui rappelle celle de Bachar el-Assad. Plus tard, Ianoukovytch a \u00e9t\u00e9 jug\u00e9 en Ukraine pour haute trahison, puis condamn\u00e9 par contumace \u00e0 treize ans de prison en janvier 2019. Malgr\u00e9 les demandes formul\u00e9es par Kiev, Moscou a refus\u00e9 de le livrer.<\/p>\n<p><strong class=\"article-body-link-list__item text-gray-800 article-body-link-list__item--one-item\">LIRE AUSSI : <a class=\"article-body-link-list__item-link\" href=\"https:\/\/www.lexpress.fr\/idees-et-debats\/quand-laffaire-de-letudiante-de-gaza-ravive-le-spectre-de-la-collaboration-entre-nationalisme-BFLLFKZK5VDH3ADD566Z7BLZO4\/\" target=\"_blank\" rel=\"noreferrer noopener\">Quand l\u2019affaire de l\u2019\u00e9tudiante de Gaza ravive le spectre de la collaboration entre nationalisme palestinien et nazisme<\/a><\/strong><\/p>\n<p class=\"paragraph article-body-paragraph article__item   \">Cette protection accord\u00e9e aux dirigeants d\u00e9chus est une constante de la politique russe : offrir un refuge s\u00fbr aux anciens chefs d\u2019\u00c9tat alli\u00e9s. La Russie a ainsi accueilli Erich Honecker, ancien dirigeant de l\u2019Allemagne de l\u2019Est (1971-1989), Askar Aka\u00efev, premier pr\u00e9sident du Kirghizistan (1990-2005), et Aslan Abachidze, dirigeant de la R\u00e9publique autonome d\u2019Adjarie, dans le sud-ouest de la G\u00e9orgie (1991-2004).<\/p>\n<p class=\"paragraph article-body-paragraph article__item   \">Dans ce contexte, l\u2019extradition de <a href=\"https:\/\/www.lexpress.fr\/monde\/proche-moyen-orient\/syrie-le-pari-fou-de-recep-tayyip-erdogan-apres-la-chute-de-bachar-el-assad-SZXIW6H6BNCP3O5KYX6FJMV7A4\/\" target=\"_self\" rel=\"noopener\" title=\"https:\/\/www.lexpress.fr\/monde\/proche-moyen-orient\/syrie-le-pari-fou-de-recep-tayyip-erdogan-apres-la-chute-de-bachar-el-assad-SZXIW6H6BNCP3O5KYX6FJMV7A4\/\">Bachar el-Assad<\/a> vers la Syrie appara\u00eet improbable, malgr\u00e9 les appels r\u00e9p\u00e9t\u00e9s des nouvelles autorit\u00e9s de Damas. Moscou n\u2019a offert qu\u2019une seule garantie : Assad ne r\u00e9appara\u00eetra jamais dans les m\u00e9dias et ne jouera plus aucun r\u00f4le politique \u00e0 l\u2019avenir, condition impos\u00e9e durant son s\u00e9jour en tant que r\u00e9fugi\u00e9 en Russie.<\/p>\n<p class=\"paragraph article-body-paragraph article__item   \">\u00c0 l\u2019issue de la rencontre \u00e0 Moscou, le nouveau drapeau syrien a \u00e9t\u00e9 hiss\u00e9 \u00e0 Hmeimim, symbole d\u2019une nouvelle page s\u2019ouvrant entre les deux pays. Pourtant, pour des millions de Syriens, il reste impossible d\u2019oublier les massacres perp\u00e9tr\u00e9s par les forces russes, les bombardements ciblant h\u00f4pitaux et \u00e9coles, ou encore les v\u00e9tos r\u00e9p\u00e9t\u00e9s qui ont assur\u00e9 la survie du \u00ab\u00a0boucher de Damas\u00a0\u00bb Bachar el-Assad. Quoi qu\u2019il en soit, la relation entre el-Charaa et Poutine ne r\u00e9pond pas aux aspirations du peuple syrien, mais aux int\u00e9r\u00eats d\u2019un pouvoir autoritaire. \u00c9loign\u00e9 de toute perspective d\u00e9mocratique, le nouveau r\u00e9gime poursuit inlassablement la strat\u00e9gie h\u00e9rit\u00e9e de Bachar el-Assad : s\u2019appuyer sur Moscou pour assurer sa protection et se maintenir au pouvoir, au prix de la douleur et du sacrifice de ses propres citoyens. Cette alliance scelle une r\u00e9alit\u00e9 tragique et implacable : en Syrie, le pouvoir l\u2019emporte sur le peuple, et la libert\u00e9 reste l\u2019ultime victime d\u2019une coalition d\u00e9vastatrice.<\/p>\n<p class=\"paragraph article-body-paragraph article__item    article__text__endpicto\">*Ecrivain et po\u00e8te n\u00e9 pr\u00e8s de Damas en 1987, <a href=\"https:\/\/www.lexpress.fr\/idees-et-debats\/les-chretiens-sont-en-voie-de-disparition-en-syrie-par-omar-youssef-souleimane-RSGP44UINREODFNEDCL4ADNZPY\/\" rel=\"noopener\" title=\"https:\/\/www.lexpress.fr\/idees-et-debats\/les-chretiens-sont-en-voie-de-disparition-en-syrie-par-omar-youssef-souleimane-RSGP44UINREODFNEDCL4ADNZPY\/\" target=\"_blank\">Omar Youssef Souleimane<\/a> a particip\u00e9 aux manifestations contre le r\u00e9gime de Bachar el-Assad, mais a d\u00fb fuir la Syrie en 2012. Il a r\u00e9cemment publi\u00e9 L\u2019Arabe qui sourit (Flammarion).<\/p>\n<p>.<\/p>\n","protected":false},"excerpt":{"rendered":"Le 8 d\u00e9cembre 2024, Bachar el-Assad a embarqu\u00e9 \u00e0 bord d\u2019un avion russe depuis la base militaire de&hellip;\n","protected":false},"author":2,"featured_media":304925,"comment_status":"","ping_status":"","sticky":false,"template":"","format":"standard","meta":{"footnotes":""},"categories":[1591],"tags":[11,1887,5951,12,1885,1886,132],"class_list":{"0":"post-304924","1":"post","2":"type-post","3":"status-publish","4":"format-standard","5":"has-post-thumbnail","7":"category-russie","8":"tag-actualites","9":"tag-federation-de-russie","10":"tag-idees-et-debats","11":"tag-news","12":"tag-russia","13":"tag-russian-federation","14":"tag-russie"},"share_on_mastodon":{"url":"https:\/\/pubeurope.com\/@fr\/114992818686800785","error":""},"_links":{"self":[{"href":"https:\/\/www.europesays.com\/fr\/wp-json\/wp\/v2\/posts\/304924","targetHints":{"allow":["GET"]}}],"collection":[{"href":"https:\/\/www.europesays.com\/fr\/wp-json\/wp\/v2\/posts"}],"about":[{"href":"https:\/\/www.europesays.com\/fr\/wp-json\/wp\/v2\/types\/post"}],"author":[{"embeddable":true,"href":"https:\/\/www.europesays.com\/fr\/wp-json\/wp\/v2\/users\/2"}],"replies":[{"embeddable":true,"href":"https:\/\/www.europesays.com\/fr\/wp-json\/wp\/v2\/comments?post=304924"}],"version-history":[{"count":0,"href":"https:\/\/www.europesays.com\/fr\/wp-json\/wp\/v2\/posts\/304924\/revisions"}],"wp:featuredmedia":[{"embeddable":true,"href":"https:\/\/www.europesays.com\/fr\/wp-json\/wp\/v2\/media\/304925"}],"wp:attachment":[{"href":"https:\/\/www.europesays.com\/fr\/wp-json\/wp\/v2\/media?parent=304924"}],"wp:term":[{"taxonomy":"category","embeddable":true,"href":"https:\/\/www.europesays.com\/fr\/wp-json\/wp\/v2\/categories?post=304924"},{"taxonomy":"post_tag","embeddable":true,"href":"https:\/\/www.europesays.com\/fr\/wp-json\/wp\/v2\/tags?post=304924"}],"curies":[{"name":"wp","href":"https:\/\/api.w.org\/{rel}","templated":true}]}}