{"id":304926,"date":"2025-08-08T11:05:12","date_gmt":"2025-08-08T11:05:12","guid":{"rendered":"https:\/\/www.europesays.com\/fr\/304926\/"},"modified":"2025-08-08T11:05:12","modified_gmt":"2025-08-08T11:05:12","slug":"une-pause-dans-la-guerre-en-ukraine-pourrait-etre-proche-estime-tusk-08-08-2025-a-1226","status":"publish","type":"post","link":"https:\/\/www.europesays.com\/fr\/304926\/","title":{"rendered":"Une pause dans la guerre en Ukraine pourrait \u00eatre proche, estime Tusk &#8211; 08\/08\/2025 \u00e0 12:26"},"content":{"rendered":"<p>\n Une pause dans le conflit<br \/>\nen Ukraine pourrait \u00eatre proche, a d\u00e9clar\u00e9 vendredi le Premier<br \/>\nministre polonais Donald Tusk apr\u00e8s s&rsquo;\u00eatre entretenu avec le<br \/>\npr\u00e9sident ukrainien Volodimir Zelensky.\n<\/p>\n<p>\n \u00ab\u00a0Il y a certains signes, et nous avons \u00e9galement<br \/>\nl&rsquo;intuition, que peut-\u00eatre un gel du conflit &#8211; je ne veux pas<br \/>\ndire la fin, mais un gel du conflit &#8211; est plus proche que<br \/>\nlointain\u00a0\u00bb, a-t-il d\u00e9clar\u00e9 lors d&rsquo;une conf\u00e9rence de presse.\n<\/p>\n<p>\n \u00ab\u00a0Il y a des espoirs \u00e0 cet \u00e9gard\u00a0\u00bb, a-t-il affirm\u00e9.\n<\/p>\n<p>\n Le Kremlin a fait savoir jeudi qu&rsquo;un accord avait \u00e9t\u00e9 trouv\u00e9<br \/>\npour une rencontre la semaine prochaine entre le pr\u00e9sident<br \/>\nam\u00e9ricain Donald Trump et son homologue russe Vladimir Poutine.\n<\/p>\n<p>\n Volodimir Zelensky est \u00ab\u00a0tr\u00e8s prudent, mais optimiste\u00a0\u00bb et<br \/>\nsouhaite que la Pologne et d&rsquo;autres pays europ\u00e9ens jouent un<br \/>\nr\u00f4le dans la planification d&rsquo;un cessez-le-feu puis ensuite d&rsquo;une<br \/>\npaix, a ajout\u00e9 Donald Tusk.\n<\/p>\n<p>\n De son c\u00f4t\u00e9, le pr\u00e9sident ukrainien a d\u00e9clar\u00e9 sur le r\u00e9seau<br \/>\nsocial X avoir discut\u00e9 avec Donald Tusk des \u00ab\u00a0options<br \/>\ndiplomatiques disponibles et sont convenus de coordonner et de<br \/>\ntravailler ensemble pour nos int\u00e9r\u00eats europ\u00e9ens communs\u00a0\u00bb.\n<\/p>\n<p>\n Il dit \u00e9galement avoir inform\u00e9 le Premier ministre polonais<br \/>\nde ses conversations avec Donald Trump et les dirigeants<br \/>\neurop\u00e9ens.\n<\/p>\n<p>\n \u00ab\u00a0L&rsquo;Ukraine, la Pologne et les autres nations europ\u00e9ennes ont<br \/>\nbesoin de bases solides pour leur s\u00e9curit\u00e9 et leur<br \/>\nind\u00e9pendance\u00a0\u00bb, a d\u00e9clar\u00e9 Volodimir Zelensky.\n<\/p>\n<p>\n \u00ab\u00a0Une paix durable est essentielle pour tous, et je suis<br \/>\nreconnaissant de votre volont\u00e9 de contribuer \u00e0 cette voie\u00a0\u00bb,<br \/>\na-t-il ajout\u00e9.\n<\/p>\n<p>\n (R\u00e9dig\u00e9 par Alan Charlish, Pawel Florkiewicz et Yuliia Dysa ;<br \/>\nversion fran\u00e7aise Kate Entringer, \u00e9dit\u00e9 par Blandine H\u00e9nault)<\/p>\n","protected":false},"excerpt":{"rendered":"Une pause dans le conflit en Ukraine pourrait \u00eatre proche, a d\u00e9clar\u00e9 vendredi le Premier ministre polonais Donald&hellip;\n","protected":false},"author":2,"featured_media":2486,"comment_status":"","ping_status":"","sticky":false,"template":"","format":"standard","meta":{"footnotes":""},"categories":[1590],"tags":[400,11,398,408,405,1777,674,403,402,399,404,12,401,406,220,407],"class_list":{"0":"post-304926","1":"post","2":"type-post","3":"status-publish","4":"format-standard","5":"has-post-thumbnail","7":"category-ukraine","8":"tag-action-cac-40","9":"tag-actualites","10":"tag-bourse-de-paris","11":"tag-boursorama","12":"tag-cotations","13":"tag-eu","14":"tag-europe","15":"tag-indices-devises","16":"tag-investir","17":"tag-investissement","18":"tag-marche-boursier","19":"tag-news","20":"tag-sicav","21":"tag-trackers","22":"tag-ukraine","23":"tag-warrants"},"share_on_mastodon":{"url":"https:\/\/pubeurope.com\/@fr\/114992822587827603","error":""},"_links":{"self":[{"href":"https:\/\/www.europesays.com\/fr\/wp-json\/wp\/v2\/posts\/304926","targetHints":{"allow":["GET"]}}],"collection":[{"href":"https:\/\/www.europesays.com\/fr\/wp-json\/wp\/v2\/posts"}],"about":[{"href":"https:\/\/www.europesays.com\/fr\/wp-json\/wp\/v2\/types\/post"}],"author":[{"embeddable":true,"href":"https:\/\/www.europesays.com\/fr\/wp-json\/wp\/v2\/users\/2"}],"replies":[{"embeddable":true,"href":"https:\/\/www.europesays.com\/fr\/wp-json\/wp\/v2\/comments?post=304926"}],"version-history":[{"count":0,"href":"https:\/\/www.europesays.com\/fr\/wp-json\/wp\/v2\/posts\/304926\/revisions"}],"wp:featuredmedia":[{"embeddable":true,"href":"https:\/\/www.europesays.com\/fr\/wp-json\/wp\/v2\/media\/2486"}],"wp:attachment":[{"href":"https:\/\/www.europesays.com\/fr\/wp-json\/wp\/v2\/media?parent=304926"}],"wp:term":[{"taxonomy":"category","embeddable":true,"href":"https:\/\/www.europesays.com\/fr\/wp-json\/wp\/v2\/categories?post=304926"},{"taxonomy":"post_tag","embeddable":true,"href":"https:\/\/www.europesays.com\/fr\/wp-json\/wp\/v2\/tags?post=304926"}],"curies":[{"name":"wp","href":"https:\/\/api.w.org\/{rel}","templated":true}]}}