{"id":304927,"date":"2025-08-08T11:06:25","date_gmt":"2025-08-08T11:06:25","guid":{"rendered":"https:\/\/www.europesays.com\/fr\/304927\/"},"modified":"2025-08-08T11:06:25","modified_gmt":"2025-08-08T11:06:25","slug":"lincroyable-prime-promise-par-les-etats-unis-pour-larrestation-du-president-venezuelien","status":"publish","type":"post","link":"https:\/\/www.europesays.com\/fr\/304927\/","title":{"rendered":"L&rsquo;incroyable prime promise par les Etats-Unis pour l&rsquo;arrestation du pr\u00e9sident v\u00e9n\u00e9zu\u00e9lien"},"content":{"rendered":"<p>Les \u00c9tats-Unis ont doubl\u00e9 la prime pour la capture de Nicol\u00e1s Maduro, pr\u00e9sident du Venezuela, la faisant passer \u00e0<strong> 50 millions de dollars.<\/strong> Comme le rapporte<a href=\"https:\/\/actu.fr\/monde\/les-etats-unis-offrent-une-prime-de-50-millions-pour-l-arrestation-du-president-du-venezuela-nicolas-maduro_63012881.html\" rel=\"nofollow noopener\" target=\"_blank\"> Actu.fr,<\/a> la ministre am\u00e9ricaine de la Justice, Pam Bondi, a annonc\u00e9 la mesure sur X, pr\u00e9cisant qu&rsquo;il s\u2019agissait de <strong>la plus importante<\/strong> jamais propos\u00e9e par Washington, \u00able DOUBLE du montant offert pour Oussama Ben Laden\u00bb a rench\u00e9ri Christopher Landau, num\u00e9ro deux de la diplomatie am\u00e9ricaine. Pour rappel, Nicol\u00e1s Maduro, <strong>r\u00e9\u00e9lu en 2024<\/strong> dans un scrutin jug\u00e9 ill\u00e9gitime par Washington, est inculp\u00e9 de trafic de drogue par la justice am\u00e9ricaine depuis 2020.<\/p>\n<p>En r\u00e9ponse, le ministre v\u00e9n\u00e9zu\u00e9lien des Affaires \u00e9trang\u00e8res, Yvan Gil, a qualifi\u00e9 la d\u00e9cision am\u00e9ricaine de \u00abpath\u00e9tique\u00bb et de \u00abgrossi\u00e8re op\u00e9ration de <strong>propagande politique<\/strong>\u00bb. Mais Washington maintient ses accusations. Pour le secr\u00e9taire d&rsquo;Etat Marco Rubio, \u00abdepuis 2020, Nicol\u00e1s Maduro a \u00e9trangl\u00e9 la d\u00e9mocratie et s&rsquo;est accroch\u00e9 au pouvoir au Venezuela\u00bb. Selon la Maison Blanche, le chef d&rsquo;Etat aurait pilot\u00e9 <strong>un r\u00e9seau criminel<\/strong> en lien avec les Farc colombiennes, le cartel mexicain de Sinaloa et le gang v\u00e9n\u00e9zu\u00e9lien Tren de Aragua, responsables de l&rsquo;exportation de centaines de tonnes de drogue vers le territoire am\u00e9ricain.<\/p>\n<p>Un climat diplomatique d\u00e9j\u00e0 explosif<\/p>\n<p>Depuis son retour \u00e0 la Maison Blanche, <a href=\"https:\/\/www.capital.fr\/economie-politique\/donald-trump-veut-placer-un-proche-conseiller-comme-gouverneur-interimaire-a-la-fed-1517034\" rel=\"nofollow noopener\" target=\"_blank\">Donald Trump<\/a> a durci les<strong> sanctions \u00e9conomiques <\/strong>contre Caracas, renfor\u00e7ant <a href=\"https:\/\/www.capital.fr\/economie-politique\/lembargo-americain-sur-le-petrole-venezuelien-entre-en-vigueur-1336525\" rel=\"nofollow noopener\" target=\"_blank\">l&rsquo;<strong>embargo p\u00e9trolier<\/strong><\/a> mais tout en laissant une marge de man\u0153uvre limit\u00e9e au g\u00e9ant du secteur, Chevron, pour op\u00e9rer dans le pays&#8230; et en n\u00e9gociant la lib\u00e9ration d&rsquo;Am\u00e9ricains d\u00e9tenus dans le pays. L&rsquo;objectif de Washington semble n\u00e9anmoins clair : <strong>asphyxier \u00e9conomiquement <\/strong>le r\u00e9gime et pousser Nicol\u00e1s Maduro vers la sortie. L&rsquo;opposition v\u00e9n\u00e9zu\u00e9lienne, qui revendique la victoire \u00e0 la pr\u00e9sidentielle, avait qualifi\u00e9 son investiture de \u00abcoup d&rsquo;Etat\u00bb.<\/p>\n<p>Les autorit\u00e9s v\u00e9n\u00e9zu\u00e9liennes d\u00e9noncent de longue date une <strong>ing\u00e9rence am\u00e9ricaine<\/strong> dans leurs affaires internes. Yvan Gil a fustig\u00e9 Pam Bondi en d\u00e9clarant : \u00abPendant que nous d\u00e9mantelons les complots terroristes orchestr\u00e9s depuis son pays, cette dame sort avec un cirque m\u00e9diatique pour plaire \u00e0 <strong>l&rsquo;extr\u00eame droite vaincue<\/strong> du Venezuela.\u00bb Malgr\u00e9 ces attaques verbales, Washington reste ferme : la r\u00e9compense de 50 millions de dollars couvre toujours toute information conduisant \u00e0 l\u2019arrestation de Nicol\u00e1s Maduro et de son ministre de l&rsquo;Int\u00e9rieur, afin qu&rsquo;ils soient jug\u00e9s pour \u00abtrafic de drogue et <a href=\"https:\/\/www.capital.fr\/economie-politique\/corruption-definition-types-et-effets-1433643\" rel=\"nofollow noopener\" target=\"_blank\">corruption<\/a>\u00bb.<\/p>\n","protected":false},"excerpt":{"rendered":"Les \u00c9tats-Unis ont doubl\u00e9 la prime pour la capture de Nicol\u00e1s Maduro, pr\u00e9sident du Venezuela, la faisant passer&hellip;\n","protected":false},"author":2,"featured_media":304928,"comment_status":"","ping_status":"","sticky":false,"template":"","format":"standard","meta":{"footnotes":""},"categories":[1589],"tags":[11,73,1866,12,1864,1865,1863,308],"class_list":{"0":"post-304927","1":"post","2":"type-post","3":"status-publish","4":"format-standard","5":"has-post-thumbnail","7":"category-etats-unis","8":"tag-actualites","9":"tag-etats-unis","10":"tag-etats-unis-damerique","11":"tag-news","12":"tag-united-states","13":"tag-united-states-of-america","14":"tag-us","15":"tag-usa"},"share_on_mastodon":{"url":"https:\/\/pubeurope.com\/@fr\/114992826590248330","error":""},"_links":{"self":[{"href":"https:\/\/www.europesays.com\/fr\/wp-json\/wp\/v2\/posts\/304927","targetHints":{"allow":["GET"]}}],"collection":[{"href":"https:\/\/www.europesays.com\/fr\/wp-json\/wp\/v2\/posts"}],"about":[{"href":"https:\/\/www.europesays.com\/fr\/wp-json\/wp\/v2\/types\/post"}],"author":[{"embeddable":true,"href":"https:\/\/www.europesays.com\/fr\/wp-json\/wp\/v2\/users\/2"}],"replies":[{"embeddable":true,"href":"https:\/\/www.europesays.com\/fr\/wp-json\/wp\/v2\/comments?post=304927"}],"version-history":[{"count":0,"href":"https:\/\/www.europesays.com\/fr\/wp-json\/wp\/v2\/posts\/304927\/revisions"}],"wp:featuredmedia":[{"embeddable":true,"href":"https:\/\/www.europesays.com\/fr\/wp-json\/wp\/v2\/media\/304928"}],"wp:attachment":[{"href":"https:\/\/www.europesays.com\/fr\/wp-json\/wp\/v2\/media?parent=304927"}],"wp:term":[{"taxonomy":"category","embeddable":true,"href":"https:\/\/www.europesays.com\/fr\/wp-json\/wp\/v2\/categories?post=304927"},{"taxonomy":"post_tag","embeddable":true,"href":"https:\/\/www.europesays.com\/fr\/wp-json\/wp\/v2\/tags?post=304927"}],"curies":[{"name":"wp","href":"https:\/\/api.w.org\/{rel}","templated":true}]}}