{"id":304929,"date":"2025-08-08T11:07:18","date_gmt":"2025-08-08T11:07:18","guid":{"rendered":"https:\/\/www.europesays.com\/fr\/304929\/"},"modified":"2025-08-08T11:07:18","modified_gmt":"2025-08-08T11:07:18","slug":"le-royaume-uni-annonce-avoir-arrete-les-premieres-personnes-sous-le-coup-du-traite-franco-britannique","status":"publish","type":"post","link":"https:\/\/www.europesays.com\/fr\/304929\/","title":{"rendered":"le Royaume-Uni annonce avoir arr\u00eat\u00e9 les premi\u00e8res personnes sous le coup du trait\u00e9 franco-britannique"},"content":{"rendered":"<p>                          <img loading=\"lazy\" decoding=\"async\" src=\"https:\/\/www.europesays.com\/fr\/wp-content\/uploads\/2025\/08\/056cb1b_ftp-import-images-1-ss7k0zkuksh9-5572875-01-06.jpg\" alt=\"Des migrants intercept\u00e9s en mer en tentant de traverser la Manche \u00e0 partir de la France d\u00e9barquent du navire des douanes \u00ab Ranger \u00bb au port de Douvres, sud-est de l\u2019Angleterre, le 21\u00a0mai 2025.\"   width=\"664\" height=\"443\"\/>    Des migrants intercept\u00e9s en mer en tentant de traverser la Manche \u00e0 partir de la France d\u00e9barquent du navire des douanes \u00ab Ranger \u00bb au port de Douvres, sud-est de l\u2019Angleterre, le 21\u00a0mai 2025.  BEN STANSALL \/ AFP                   <\/p>\n<p class=\"article__paragraph  \">Le minist\u00e8re de l\u2019int\u00e9rieur britannique a annonc\u00e9 jeudi 7\u00a0ao\u00fbt avoir plac\u00e9 en d\u00e9tention les premiers migrants arriv\u00e9s au Royaume-Uni sur des petits bateaux et ayant vocation \u00e0 \u00eatre renvoy\u00e9s en France <a href=\"https:\/\/www.lemonde.fr\/international\/article\/2025\/08\/05\/immigration-l-accord-pilote-entre-le-royaume-uni-et-la-france-prendra-effet-mercredi-annonce-le-ministere-de-l-interieur-francais_6626836_3210.html\" rel=\"nofollow noopener\" target=\"_blank\">dans le cadre du trait\u00e9 franco-britannique entr\u00e9 en vigueur mercredi.<\/a><\/p>\n<p class=\"article__paragraph  \">\u00ab\u00a0Les personnes arriv\u00e9es au Royaume-Uni sur un bateau hier midi ont \u00e9t\u00e9 mises en d\u00e9tention. Elles seront plac\u00e9es dans des centres de r\u00e9tention administrative en attendant leur expulsion\u00a0\u00bb, a indiqu\u00e9 le Home Office dans un communiqu\u00e9, sans pr\u00e9ciser combien de migrants avaient \u00e9t\u00e9 arr\u00eat\u00e9s. Selon Londres, les premi\u00e8res expulsions vers la France devraient avoir lieu \u00ab\u00a0dans les prochaines semaines\u00a0\u00bb.<\/p>\n<p class=\"article__paragraph  \">Le Royaume-Uni va transmettre \u00e0 la France, dans un d\u00e9lai de trois jours, les noms des migrants arr\u00eat\u00e9s qu\u2019elle souhaite expulser, et les autorit\u00e9s fran\u00e7aises auront quatorze jours pour r\u00e9pondre, d\u00e9taille le Home Office.<\/p>\n<p class=\"article__paragraph  \">\u00ab\u00a0Quand j\u2019ai promis que je ne reculerai devant rien pour s\u00e9curiser nos fronti\u00e8res, j\u2019\u00e9tais s\u00e9rieux\u00a0\u00bb, s\u2019est f\u00e9licit\u00e9 sur X le Premier ministre Keir Starmer, qui est sous pression pour endiguer ces arriv\u00e9es de migrants.<\/p>\n<p>                                Lire aussi |  Article r\u00e9serv\u00e9 \u00e0 nos abonn\u00e9s  <a href=\"https:\/\/www.lemonde.fr\/international\/article\/2025\/07\/11\/migration-la-france-accepte-un-accord-de-retour-avec-le-royaume-uni_6620583_3210.html\" class=\"js-article-read-also catcher--favoris__link\" data-premium=\"1\" id=\"article-title-3431068\" rel=\"nofollow noopener\" target=\"_blank\">Migration\u00a0: la France accepte un accord de retour avec le Royaume-Uni<\/a>    <\/p>\n<p>   Lire plus tard  <\/p>\n<p>                   Principe \u00ab\u00a0d\u2019un pour un\u00a0\u00bb             <\/p>\n<p class=\"article__paragraph  \">L\u2019accord, valable jusqu\u2019en juin\u00a02026 et dont les d\u00e9tails de mise en \u0153uvre n\u2019ont pas \u00e9t\u00e9 pr\u00e9cis\u00e9s, vise \u00e0 dissuader les personnes souhaitant traverser la Manche sur des embarcations pr\u00e9caires de le faire. Depuis le d\u00e9but de l\u2019ann\u00e9e, 18 personnes sont\u00a0<a href=\"https:\/\/www.lemonde.fr\/international\/article\/2025\/07\/31\/dans-la-manche-94-migrants-secourus-en-moins-de-vingt-quatre-heures_6625725_3210.html\" rel=\"nofollow noopener\" target=\"_blank\">mortes en tentant de rallier l\u2019Angleterre clandestinement<\/a>\u00a0sur ces\u00a0small boats, selon des donn\u00e9es du minist\u00e8re de l\u2019int\u00e9rieur fran\u00e7ais.<\/p>\n<p class=\"article__paragraph  \">Le trait\u00e9 est fond\u00e9 sur un principe d\u2019\u00ab\u00a0un pour un\u00a0\u00bb. La France reprendra des migrants arriv\u00e9s au Royaume-Uni par small boat et dont la demande d\u2019asile ne sera pas jug\u00e9e admissible. Dans l\u2019autre sens, Londres acceptera des personnes se trouvant en France et ayant fait une demande sur une plateforme en ligne, en donnant la priorit\u00e9 \u00e0 celles ayant des liens avec le Royaume-Uni. Aucune indication officielle n\u2019a \u00e9t\u00e9 donn\u00e9e sur le nombre de migrants concern\u00e9s. Cette plateforme est op\u00e9rationnelle jeudi sur le site Internet du gouvernement britannique.<\/p>\n<p class=\"article__paragraph  \">Un nombre record de plus de 25\u00a0400\u00a0personnes sont entr\u00e9es au Royaume-Uni par ce biais depuis le d\u00e9but de l\u2019ann\u00e9e, en hausse de 49\u00a0% sur un an.<\/p>\n<p>                                Lire aussi |  Article r\u00e9serv\u00e9 \u00e0 nos abonn\u00e9s  <a href=\"https:\/\/www.lemonde.fr\/societe\/article\/2025\/07\/09\/naufrage-de-migrants-en-2021-l-enquete-met-au-jour-une-organisation-tayloriste-du-reseau-de-passeurs_6620129_3224.html\" class=\"js-article-read-also catcher--favoris__link\" data-premium=\"1\" id=\"article-title-3430589\" rel=\"nofollow noopener\" target=\"_blank\">Naufrage de migrants dans la Manche en 2021\u00a0: l\u2019enqu\u00eate r\u00e9v\u00e8le une organisation tayloriste du r\u00e9seau de passeurs<\/a>    <\/p>\n<p>   Lire plus tard  <\/p>\n<p class=\"author__detail\">  Le Monde avec AFP  <\/p>\n<p>                  <a href=\"https:\/\/www.lemonde.fr\/syndication\/\" class=\"reuse__content\" title=\"R\u00e9utiliser ce contenu\" target=\"_blank\" rel=\"nofollow noopener\">R\u00e9utiliser ce contenu<\/a>      <\/p>\n","protected":false},"excerpt":{"rendered":"Des migrants intercept\u00e9s en mer en tentant de traverser la Manche \u00e0 partir de la France d\u00e9barquent du&hellip;\n","protected":false},"author":2,"featured_media":304930,"comment_status":"","ping_status":"","sticky":false,"template":"","format":"standard","meta":{"footnotes":""},"categories":[1588],"tags":[11,1777,674,12,473,1853,1851,1850,1852],"class_list":{"0":"post-304929","1":"post","2":"type-post","3":"status-publish","4":"format-standard","5":"has-post-thumbnail","7":"category-royaume-uni","8":"tag-actualites","9":"tag-eu","10":"tag-europe","11":"tag-news","12":"tag-royaume-uni","13":"tag-royaume-uni-de-grande-bretagne-et-dirlande-du-nord","14":"tag-uk","15":"tag-united-kingdom","16":"tag-united-kingdom-of-great-britain-and-northern-ireland"},"share_on_mastodon":{"url":"https:\/\/pubeurope.com\/@fr\/114992830560267566","error":""},"_links":{"self":[{"href":"https:\/\/www.europesays.com\/fr\/wp-json\/wp\/v2\/posts\/304929","targetHints":{"allow":["GET"]}}],"collection":[{"href":"https:\/\/www.europesays.com\/fr\/wp-json\/wp\/v2\/posts"}],"about":[{"href":"https:\/\/www.europesays.com\/fr\/wp-json\/wp\/v2\/types\/post"}],"author":[{"embeddable":true,"href":"https:\/\/www.europesays.com\/fr\/wp-json\/wp\/v2\/users\/2"}],"replies":[{"embeddable":true,"href":"https:\/\/www.europesays.com\/fr\/wp-json\/wp\/v2\/comments?post=304929"}],"version-history":[{"count":0,"href":"https:\/\/www.europesays.com\/fr\/wp-json\/wp\/v2\/posts\/304929\/revisions"}],"wp:featuredmedia":[{"embeddable":true,"href":"https:\/\/www.europesays.com\/fr\/wp-json\/wp\/v2\/media\/304930"}],"wp:attachment":[{"href":"https:\/\/www.europesays.com\/fr\/wp-json\/wp\/v2\/media?parent=304929"}],"wp:term":[{"taxonomy":"category","embeddable":true,"href":"https:\/\/www.europesays.com\/fr\/wp-json\/wp\/v2\/categories?post=304929"},{"taxonomy":"post_tag","embeddable":true,"href":"https:\/\/www.europesays.com\/fr\/wp-json\/wp\/v2\/tags?post=304929"}],"curies":[{"name":"wp","href":"https:\/\/api.w.org\/{rel}","templated":true}]}}