{"id":304931,"date":"2025-08-08T11:08:11","date_gmt":"2025-08-08T11:08:11","guid":{"rendered":"https:\/\/www.europesays.com\/fr\/304931\/"},"modified":"2025-08-08T11:08:11","modified_gmt":"2025-08-08T11:08:11","slug":"lallemagne-va-suspendre-les-exportations-des-armes-quisrael-pourrait-utiliser-a-gaza","status":"publish","type":"post","link":"https:\/\/www.europesays.com\/fr\/304931\/","title":{"rendered":"l&rsquo;Allemagne va suspendre les exportations des armes qu&rsquo;Isra\u00ebl pourrait utiliser \u00e0 Gaza"},"content":{"rendered":"<p>Le chancelier allemand a annonc\u00e9 vendredi que l&rsquo;Allemagne allait suspendre les exportations des armes qu&rsquo;Isra\u00ebl pourrait utiliser \u00e0 Gaza.<\/p>\n<p>Le chancelier allemand Friedrich Merz a annonc\u00e9 vendredi la suspension des exportations d&rsquo;armes qu&rsquo;Isra\u00ebl pourrait utiliser \u00e0 Gaza, apr\u00e8s l&rsquo;annonce du plan isra\u00e9lien pour le contr\u00f4le de la ville palestinienne.<\/p>\n<p>Il devient \u00ab\u00a0de plus en plus difficile de comprendre\u00a0\u00bb en quoi le plan militaire isra\u00e9lien permettrait d&rsquo;atteindre ses objectifs dans la bande de Gaza et, \u00ab\u00a0dans ces circonstances, le gouvernement allemand n&rsquo;autorise pas, jusqu&rsquo;\u00e0 nouvel ordre, les exportations d&rsquo;\u00e9quipements militaires susceptibles d&rsquo;\u00eatre utilis\u00e9s dans la bande de Gaza\u00a0\u00bb, a d\u00e9clar\u00e9 Friedrich Merz, cit\u00e9 dans un communiqu\u00e9.<\/p>\n<p><img decoding=\"async\" src=\"https:\/\/www.europesays.com\/fr\/wp-content\/uploads\/2025\/04\/principale-128_1.jpg\"  alt=\"Caroline Loyer : Isra\u00ebl veut &quot;prendre le contr\u00f4le&quot; de Gaza - 08\/08\" title=\"Caroline Loyer : Isra\u00ebl veut &quot;prendre le contr\u00f4le&quot; de Gaza - 08\/08\"\/>Caroline Loyer : Isra\u00ebl veut \u00ab\u00a0prendre le contr\u00f4le\u00a0\u00bb de Gaza &#8211; 08\/08<\/p>\n<p>Cette d\u00e9cision marque un changement de cap majeur de la part du gouvernement allemand, l&rsquo;un des plus fid\u00e8les alli\u00e9s, avec les \u00c9tats-Unis, d&rsquo;Isra\u00ebl en raison de la responsabilit\u00e9 historique de l&rsquo;Allemagne dans la Shoah. \u00ab\u00a0Le gouvernement allemand reste profond\u00e9ment inquiet de la souffrance continue de la population civile dans la bande de Gaza\u00a0\u00bb, a ajout\u00e9 Friedrich Merz.<\/p>\n<p>\u00ab\u00a0Une responsabilit\u00e9 encore plus grande\u00a0\u00bb<\/p>\n<p>\u00ab\u00a0Avec l&rsquo;offensive pr\u00e9vue, le gouvernement isra\u00e9lien porte une responsabilit\u00e9 encore plus grande\u00a0\u00bb en ce qui concerne l&rsquo;aide aux civils dans le territoire palestinien, a-t-il continu\u00e9, r\u00e9it\u00e9rant son appel en faveur d&rsquo;un acc\u00e8s complet pour \u00ab\u00a0les organisations de l&rsquo;ONU et d&rsquo;autres institutions non gouvernementales\u00a0\u00bb.<\/p>\n<p>La communaut\u00e9 internationale s&rsquo;inqui\u00e8te de plus en plus des souffrances des Palestiniens \u00e0 Gaza, o\u00f9 une \u00e9valuation soutenue par les Nations unies a mis en garde contre la famine. \u00ab\u00a0Le gouvernement allemand demande instamment au gouvernement isra\u00e9lien de ne pas prendre de nouvelles mesures en vue d&rsquo;annexer la Cisjordanie\u00a0\u00bb, a ajout\u00e9 le chancelier allemand.<\/p>\n","protected":false},"excerpt":{"rendered":"Le chancelier allemand a annonc\u00e9 vendredi que l&rsquo;Allemagne allait suspendre les exportations des armes qu&rsquo;Isra\u00ebl pourrait utiliser \u00e0&hellip;\n","protected":false},"author":2,"featured_media":56955,"comment_status":"","ping_status":"","sticky":false,"template":"","format":"standard","meta":{"footnotes":""},"categories":[1587],"tags":[11,672,1804,1805,1803,1777,674,1801,12,1802],"class_list":{"0":"post-304931","1":"post","2":"type-post","3":"status-publish","4":"format-standard","5":"has-post-thumbnail","7":"category-allemagne","8":"tag-actualites","9":"tag-allemagne","10":"tag-bundesrepublik-deutschland","11":"tag-de","12":"tag-deutschland","13":"tag-eu","14":"tag-europe","15":"tag-germany","16":"tag-news","17":"tag-republique-federale-dallemagne"},"share_on_mastodon":{"url":"https:\/\/pubeurope.com\/@fr\/114992834473705182","error":""},"_links":{"self":[{"href":"https:\/\/www.europesays.com\/fr\/wp-json\/wp\/v2\/posts\/304931","targetHints":{"allow":["GET"]}}],"collection":[{"href":"https:\/\/www.europesays.com\/fr\/wp-json\/wp\/v2\/posts"}],"about":[{"href":"https:\/\/www.europesays.com\/fr\/wp-json\/wp\/v2\/types\/post"}],"author":[{"embeddable":true,"href":"https:\/\/www.europesays.com\/fr\/wp-json\/wp\/v2\/users\/2"}],"replies":[{"embeddable":true,"href":"https:\/\/www.europesays.com\/fr\/wp-json\/wp\/v2\/comments?post=304931"}],"version-history":[{"count":0,"href":"https:\/\/www.europesays.com\/fr\/wp-json\/wp\/v2\/posts\/304931\/revisions"}],"wp:featuredmedia":[{"embeddable":true,"href":"https:\/\/www.europesays.com\/fr\/wp-json\/wp\/v2\/media\/56955"}],"wp:attachment":[{"href":"https:\/\/www.europesays.com\/fr\/wp-json\/wp\/v2\/media?parent=304931"}],"wp:term":[{"taxonomy":"category","embeddable":true,"href":"https:\/\/www.europesays.com\/fr\/wp-json\/wp\/v2\/categories?post=304931"},{"taxonomy":"post_tag","embeddable":true,"href":"https:\/\/www.europesays.com\/fr\/wp-json\/wp\/v2\/tags?post=304931"}],"curies":[{"name":"wp","href":"https:\/\/api.w.org\/{rel}","templated":true}]}}