{"id":304934,"date":"2025-08-08T11:10:20","date_gmt":"2025-08-08T11:10:20","guid":{"rendered":"https:\/\/www.europesays.com\/fr\/304934\/"},"modified":"2025-08-08T11:10:20","modified_gmt":"2025-08-08T11:10:20","slug":"comment-donald-trump-rapproche-la-suisse-de-lunion-europeenne","status":"publish","type":"post","link":"https:\/\/www.europesays.com\/fr\/304934\/","title":{"rendered":"Comment Donald Trump rapproche la Suisse de l\u2019Union europ\u00e9enne"},"content":{"rendered":"<p>    <img src=\"https:\/\/www.europesays.com\/fr\/wp-content\/uploads\/2025\/08\/653894225_highres.jpg\" width=\"1300\" height=\"867\" alt=\"Donald Trump pr\u00e9sentant ses droits de douane lors du Jour de la lib\u00e9ration.\" loading=\"eager\" decoding=\"sync\" fetchpriority=\"high\"\/><\/p>\n<p>                La Suisse reste sous la pression \u00e9conomique des Etats-Unis depuis l\u2019annonce du fameux \u00abLiberation Day\u00bb.            <\/p>\n<p>            Keystone        <\/p>\n<p>        La mise en \u0153uvre de droits de douane am\u00e9ricains punitifs a provoqu\u00e9 un choc en Suisse. Elle donne un nouvel \u00e9lan \u00e0 celles et ceux qui plaident pour un rapprochement avec l\u2019Union europ\u00e9enne et renforce la tendance \u00e0 l\u2019alignement international en mati\u00e8re de s\u00e9curit\u00e9. Analyse.\n<\/p>\n<p>        Ce contenu a \u00e9t\u00e9 publi\u00e9 sur    <\/p>\n<p>        08 ao\u00fbt 2025 &#8211; 12:30\n<\/p>\n<p>La votation populaire sur les \u00abBilat\u00e9rales III\u00bb, le nouveau paquet d\u2019accords avec l\u2019Union europ\u00e9enne (UE), s\u2019annonce comme l\u2019un des scrutins les plus importants pour le futur de la politique \u00e9trang\u00e8re suisse. Le Parlement ne s\u2019en saisira qu\u2019en 2026 et le vote n\u2019interviendra pas avant, mais les d\u00e9bats sont d\u00e9j\u00e0 vifs.<\/p>\n<p>L\u2019annonce am\u00e9ricaine de l\u2019imposition de nouveaux droits de douane le 1er ao\u00fbt \u2013 jour de la f\u00eate nationale suisse, ironie du calendrier \u2013 a encore attis\u00e9 les discussions politiques. Et elle donne du poids aux partisanes et aux partisans d\u2019un rapprochement europ\u00e9en.<\/p>\n<p>\n    Plus<\/p>\n<p>    <img src=\"https:\/\/www.europesays.com\/fr\/wp-content\/uploads\/2025\/08\/640146095_highres_84f934.jpg\" width=\"1083\" height=\"761\" alt=\"C\u2019est fait: la pr\u00e9sidente de la Conf\u00e9d\u00e9ration suisse Viola Amherd (\u00e0 droite) accueille la pr\u00e9sidente de la Commission europ\u00e9enne Ursula von der Leyen \u00e0 Berne fin d\u00e9cembre.\" loading=\"lazy\" decoding=\"async\" fetchpriority=\"auto\"\/><\/p>\n<p>        Plus    <\/p>\n<p>        Suisse-UE: o\u00f9 en sont aujourd\u2019hui les accords bilat\u00e9raux?    <\/p>\n<p class=\"teaser-wide-card__excerpt\">\n<p>                        Ce contenu a \u00e9t\u00e9 publi\u00e9 sur                    <\/p>\n<p>                        14 jan. 2025                    <\/p>\n<p>                La Suisse a un nouveau paquet d\u2019accords bilat\u00e9raux. Il marque un nouveau chapitre dans la longue histoire d\u2019une relation compliqu\u00e9e avec l\u2019UE.            <\/p>\n<p>    <a class=\"teaser-wide-card__link\" href=\"https:\/\/www.swissinfo.ch\/fre\/politique-suisse\/suisse-ue-o%c3%b9-en-sont-aujourdhui-les-accords-bilat%c3%a9raux\/88718356\" target=\"_self\" rel=\"noopener\"><\/p>\n<p>            lire plus Suisse-UE: o\u00f9 en sont aujourd\u2019hui les accords bilat\u00e9raux?<br \/>\n    <\/a><\/p>\n<p>Depuis le 7 ao\u00fbt, des droits de douane punitifs de 39% frappent les exportations suisses \u00e0 destination des \u00c9tats-Unis. Ce taux d\u2019imposition a fait l\u2019effet d\u2019une bombe dans l\u2019opinion publique. Pour l\u2019industrie helv\u00e9tique, largement tourn\u00e9e vers l\u2019exportation, c\u2019est un v\u00e9ritable s\u00e9isme. Le pr\u00e9sident de la fa\u00eeti\u00e8re de l\u2019industrie suisse des machines, un secteur cl\u00e9, a parl\u00e9 sans d\u00e9tour d\u2019une \u00abattaque contre la Suisse\u00bb. Le monde de l\u2019industrie et celui de la politique redoutent d\u00e9sormais une vague de suppressions d\u2019emplois alors que certaines entreprises ont d\u00e9j\u00e0 recouru au ch\u00f4mage partiel.<\/p>\n<p>Mais ce choc tarifaire est aussi politique. La Suisse avait pourtant \u00e9t\u00e9 l\u2019un des premiers pays \u00e0 engager des discussions avec le pr\u00e9sident am\u00e9ricain Donald Trump apr\u00e8s l\u2019annonce, d\u00e9but avril, de tarifs douaniers massifs dans le cadre de son \u00abLiberation Day\u00bb. \u00c0 l\u2019\u00e9poque, Berne faisait face \u00e0 une menace de 31% de droits de douane.<\/p>\n<p>Le gouvernement avait rapidement r\u00e9agi et \u00e9voqu\u00e9 une d\u00e9claration d\u2019intention concernant un projet d\u2019accord fixant des droits de douane de 10% sur les produits suisses.<\/p>\n<p>\n    Plus<\/p>\n<p>    <img src=\"https:\/\/www.europesays.com\/fr\/wp-content\/uploads\/2025\/08\/Bundesverfassung_1848_nur_Bild.jpg\" width=\"3500\" height=\"2334\" alt=\"lithographie\" loading=\"lazy\" decoding=\"async\" fetchpriority=\"auto\"\/><\/p>\n<p>        Plus    <\/p>\n<p>        Les r\u00e9publiques s\u0153urs: ce qui lie les \u00c9tats-Unis et la Suisse\u00a0    <\/p>\n<p class=\"teaser-wide-card__excerpt\">\n<p>                        Ce contenu a \u00e9t\u00e9 publi\u00e9 sur                    <\/p>\n<p>                        06 mar. 2024                    <\/p>\n<p>                La Suisse et les Etats-Unis sont souvent consid\u00e9r\u00e9es comme des r\u00e9publiques s\u0153urs, car les deux pays se sont mutuellement influenc\u00e9s.            <\/p>\n<p>    <a class=\"teaser-wide-card__link\" href=\"https:\/\/www.swissinfo.ch\/fre\/democratie\/les-r%c3%a9publiques-s%c5%93urs-ce-qui-lie-les-%c3%a9tats-unis-et-la-suisse\/73364753\" target=\"_self\" rel=\"noopener\"><\/p>\n<p>            lire plus Les r\u00e9publiques s\u0153urs: ce qui lie les \u00c9tats-Unis et la Suisse\u00a0<br \/>\n    <\/a><\/p>\n<p>Ce compromis s\u2019accordait bien avec l\u2019image que la Suisse aime cultiver d\u2019elle-m\u00eame: soit celle d\u2019une \u00abr\u00e9publique s\u0153ur\u00bb des \u00c9tats-Unis. Et lorsque la pr\u00e9sidente de la Conf\u00e9d\u00e9ration Karin Keller-Sutter affirmait avoir \u00ab\u00e9tabli un contact\u00bb avec le pr\u00e9sident am\u00e9ricain Donald Trump, cela semblait confirmer le statut privil\u00e9gi\u00e9 du pays.<\/p>\n<p>Tout autre sc\u00e9nario aurait \u00e9t\u00e9 difficile \u00e0 accepter pour une Suisse profond\u00e9ment attach\u00e9e \u00e0 son \u00abexception helv\u00e9tique\u00bb. Ce sentiment, enracin\u00e9 depuis le XIXe si\u00e8cle, a justifi\u00e9 la neutralit\u00e9 pendant les deux guerres mondiales et aliment\u00e9 la d\u00e9fense spirituelle du pays durant la guerre froide \u2013 au point de conduire \u00e0 la surveillance des opposants politiques.<\/p>\n<p>Depuis les ann\u00e9es 1990, cette id\u00e9e de \u00abcas particulier suisse\u00bb est devenue le mot d\u2019ordre politique de celles et ceux qui ne souhaitent pas d\u2019une int\u00e9gration europ\u00e9enne.<\/p>\n<p>Un dilemme pour la droite conservatrice<\/p>\n<p>Les droits de douane plongent surtout l\u2019Union d\u00e9mocratique du centre (UDC), premier parti du pays, dans l\u2019embarras. Plusieurs de ses figures de proue ont exprim\u00e9 par le pass\u00e9 leur admiration pour Donald Trump et plaid\u00e9 pour un rapprochement \u00e9conomique avec les \u00c9tats-Unis, dans le but de r\u00e9duire la d\u00e9pendance commerciale de la Suisse vis-\u00e0-vis de l\u2019UE. Cette derni\u00e8re absorbe environ la moiti\u00e9 des exportations suisses, contre quelque 18% pour les \u00c9tats-Unis.<\/p>\n<p>Le m\u00e9dia de droite lib\u00e9rale Nebelspalter a imm\u00e9diatement d\u00e9sign\u00e9 les coupables de l\u2019\u00e9chec des n\u00e9gociations avec Washington. Selon lui, des \u00abEuroturbos\u00bb de gauche au sein du gouvernement et de l\u2019administration auraient sabot\u00e9 les pourparlers, afin d\u2019imposer les Bilat\u00e9rales III au peuple. Une accusation qui repose sur l\u2019existence suppos\u00e9e d\u2019un \u00abgroupe influent de diplomates et de fonctionnaires\u00bb \u2013 sans qu\u2019aucune preuve ne vienne l\u2019\u00e9tayer.<\/p>\n<p>Karin Keller-Sutter a pour sa part livr\u00e9 une autre version. Lors d\u2019une conf\u00e9rence de presse le 7 ao\u00fbt, elle a indiqu\u00e9 que Donald Trump, avec qui elle s\u2019\u00e9tait entretenue par t\u00e9l\u00e9phone fin juillet, lui avait tr\u00e8s vite fait comprendre son intention d\u2019imposer des droits \u00e9lev\u00e9s, \u00e9voquant le d\u00e9ficit commercial de son pays avec la Suisse.<\/p>\n<p>Les explications de la pr\u00e9sidente de la Conf\u00e9d\u00e9ration n\u2019ont pas suffi \u00e0 faire taire les critiques. Mais une chose est s\u00fbre: les Bilat\u00e9rales III, elles, gagnent en popularit\u00e9; du moins temporairement.<\/p>\n<p>La relation avec l\u2019UE, une question cruciale<\/p>\n<p>Aussi important que soit le march\u00e9 am\u00e9ricain pour certains secteurs, l\u2019avenir de la Suisse se joue dans sa relation avec l\u2019Union europ\u00e9enne. Et la fa\u00e7on de d\u00e9finir les liens entre Berne et Bruxelles constitue l\u2019une des principales lignes de fracture de la politique suisse.<\/p>\n<p>\n    Plus<\/p>\n<p>    <img src=\"https:\/\/www.europesays.com\/fr\/wp-content\/uploads\/2025\/08\/118034227_highres.jpg\" width=\"1300\" height=\"867\" alt=\"euro franc suisse\" loading=\"lazy\" decoding=\"async\" fetchpriority=\"auto\"\/><\/p>\n<p>        More    <\/p>\n<p>        Huit graphiques pour comprendre les relations \u00e9conomiques entre la Suisse et l\u2019UE\u00a0    <\/p>\n<p class=\"teaser-wide-card__excerpt\">\n<p>                        This content was published on                    <\/p>\n<p>                        19 mar. 2025                    <\/p>\n<p>                La Suisse et l\u2019UE viennent de conclure un nouveau paquet d\u2019accords bilat\u00e9raux. L\u2019occasion de passer en revue, chiffres \u00e0 l\u2019appui, les liens \u00e9conomiques qui les unissent.            <\/p>\n<p>    <a class=\"teaser-wide-card__link\" href=\"https:\/\/www.swissinfo.ch\/fre\/position-suisse\/huit-graphiques-pour-comprendre-les-relations-economiques-entre-la-suisse-et-l-ue\/88854001\" target=\"_self\" rel=\"noopener\"><\/p>\n<p>            Read more: Huit graphiques pour comprendre les relations \u00e9conomiques entre la Suisse et l\u2019UE\u00a0<br \/>\n    <\/a><\/p>\n<p>Une adh\u00e9sion \u00e0 l\u2019UE n\u2019est pas s\u00e9rieusement envisag\u00e9e, une large majorit\u00e9 de la population y restant oppos\u00e9e, selon les sondages. Le d\u00e9bat porte plut\u00f4t sur le degr\u00e9 de rapprochement avec le march\u00e9 int\u00e9rieur europ\u00e9en, ses institutions et ses infrastructures. Une majorit\u00e9 de partis soutiennent les accords n\u00e9goci\u00e9s; \u00e0 droite, l\u2019approche reste isolationniste et vise \u00e0 maintenir la plus grande distance possible avec Bruxelles.<\/p>\n<p>Une chose est s\u00fbre: la gauche suisse, traditionnellement favorable \u00e0 l\u2019UE, b\u00e9n\u00e9ficie du choc tarifaire actuel. Mais d\u2019autres acteurs, jusque-l\u00e0 rest\u00e9s plus r\u00e9serv\u00e9s, se prononcent d\u00e9sormais pour un rapprochement; notamment dans les milieux \u00e9conomiques et les partis du centre.<\/p>\n<p>S\u00e9curit\u00e9: des initiatives europ\u00e9ennes en cours<\/p>\n<p>Ce mouvement de rapprochement avec l\u2019UE se manifeste aussi dans le domaine de la s\u00e9curit\u00e9. D\u2019abord en raison de l\u2019invasion de l\u2019Ukraine par la Russie, qui a profond\u00e9ment \u00e9branl\u00e9 le sentiment de s\u00e9curit\u00e9 en Europe, y compris en Suisse.<\/p>\n<p>\n    Plus<\/p>\n<p>    <img src=\"https:\/\/www.europesays.com\/fr\/wp-content\/uploads\/2025\/08\/b2d59d15ce8554aef64977d52a9d62ee-526792205_highres-data.jpg\" width=\"1300\" height=\"867\" alt=\"Une route bloqu\u00e9e\" loading=\"lazy\" decoding=\"async\" fetchpriority=\"auto\"\/><\/p>\n<p>        Plus    <\/p>\n<p>        L\u2019invasion russe de l\u2019Ukraine rapproche des pays neutres de l\u2019OTAN    <\/p>\n<p class=\"teaser-wide-card__excerpt\">\n<p>                        Ce contenu a \u00e9t\u00e9 publi\u00e9 sur                    <\/p>\n<p>                        08 ao\u00fbt. 2023                    <\/p>\n<p>                Alors que la Suisse veut coop\u00e9rer plus \u00e9troitement avec l\u2019OTAN, d\u2019autres pays neutres en Europe cherchent \u00e0 se rapprocher de l\u2019Alliance. Analyse.            <\/p>\n<p>    <a class=\"teaser-wide-card__link\" href=\"https:\/\/www.swissinfo.ch\/fre\/economie\/l-invasion-russe-de-l-ukraine-rapproche-des-pays-neutres-de-l-otan\/48687026\" target=\"_self\" rel=\"noopener\"><\/p>\n<p>            lire plus L\u2019invasion russe de l\u2019Ukraine rapproche des pays neutres de l\u2019OTAN<br \/>\n    <\/a><\/p>\n<p>Ensuite, \u00e0 cause de Donald Trump. Son impr\u00e9visibilit\u00e9 dans ce conflit alimente les inqui\u00e9tudes, d\u2019autant qu\u2019il a lui-m\u00eame sem\u00e9 le doute sur l\u2019engagement des \u00c9tats-Unis envers les alli\u00e9s de l\u2019OTAN en cas d\u2019attaque.<\/p>\n<p>Face \u00e0 cela, les initiatives de s\u00e9curit\u00e9 europ\u00e9ennes ont \u00e9t\u00e9 renforc\u00e9es ces derni\u00e8res ann\u00e9es, et la Suisse y prend part. Elle participe notamment \u00e0 plusieurs projets de coop\u00e9ration militaire dans le cadre de la Pesco (coop\u00e9ration structur\u00e9e permanente de l\u2019UE), ainsi qu\u2019\u00e0 l\u2019initiative \u00abEuropean Sky Shield\u00bb. Elle \u00e9tudie \u00e9galement la possibilit\u00e9 de rejoindre le vaste programme de r\u00e9armement europ\u00e9en \u00abReArm Europe\u00bb.<\/p>\n<p>Entre le gouvernement, l\u2019administration et la plupart des partis, un consensus s\u2019est d\u00e9gag\u00e9: la Suisse doit se rapprocher militairement de l\u2019UE, comme elle le fait d\u00e9j\u00e0 avec l\u2019OTAN \u2013 tout en respectant sa neutralit\u00e9. Les sondages montrent que cette ligne b\u00e9n\u00e9ficie d\u2019un large soutien dans la population.<\/p>\n<p>\n    Plus<\/p>\n<p>    <img src=\"https:\/\/www.europesays.com\/fr\/wp-content\/uploads\/2025\/08\/443952631_highres.jpg\" width=\"1300\" height=\"867\" alt=\"Des curieux photographient un chasseur F-35 lors d'une d\u00e9monstration en Suisse.\" loading=\"lazy\" decoding=\"async\" fetchpriority=\"auto\"\/><\/p>\n<p>        Plus    <\/p>\n<p>        Les pays europ\u00e9ens se rapprochent militairement et la Suisse suit (un peu) le mouvement    <\/p>\n<p class=\"teaser-wide-card__excerpt\">\n<p>                        Ce contenu a \u00e9t\u00e9 publi\u00e9 sur                    <\/p>\n<p>                        28 ao\u00fbt. 2024                    <\/p>\n<p>                Le gouvernement suisse a d\u00e9cid\u00e9 de participer aux projets militaires de l\u2019UE. Qu\u2019est-ce que cela signifie pour la neutralit\u00e9 du pays?            <\/p>\n<p>    <a class=\"teaser-wide-card__link\" href=\"https:\/\/www.swissinfo.ch\/fre\/affaires-etrangeres\/les-pays-europ%c3%a9ens-se-rapprochent-militairement-et-la-suisse-suit-un-peu-le-mouvement\/87450166\" target=\"_self\" rel=\"noopener\"><\/p>\n<p>            lire plus Les pays europ\u00e9ens se rapprochent militairement et la Suisse suit (un peu) le mouvement<br \/>\n    <\/a><\/p>\n<p>Et plus encore que dans le domaine \u00e9conomique, les questions de s\u00e9curit\u00e9 exigent de la confiance et de la fiabilit\u00e9. Compar\u00e9s aux \u00c9tats-Unis, les partenaires europ\u00e9ens apparaissent comme des p\u00f4les de stabilit\u00e9 et de bon sens.<\/p>\n<p>Le gouvernement suisse a d\u00e9j\u00e0 annonc\u00e9 qu\u2019il continuerait \u00e0 plaider \u00e0 Washington pour une baisse des droits de douane, tout en prenant des mesures de soutien \u00e0 l\u2019\u00e9conomie nationale. Mais aucune solution rapide n\u2019est en vue. La pr\u00e9sidente de la Conf\u00e9d\u00e9ration Keller-Sutter l\u2019a r\u00e9sum\u00e9 en conf\u00e9rence de presse: \u00abNous voulons une relation encadr\u00e9e avec les \u00c9tats-Unis. C\u2019est un partenaire commercial important. Mais pas \u00e0 n\u2019importe quel prix.\u00bb<\/p>\n<p>Texte relu et v\u00e9rifi\u00e9 par Benjamin von Wyl, traduit de l\u2019allemand \u00e0 l\u2019aide d\u2019un traducteur automatique\/dbu<\/p>\n<p>\n    Plus<\/p>\n<p>    <img src=\"https:\/\/www.europesays.com\/fr\/wp-content\/uploads\/2025\/08\/newsletter_teaser_foreign_affairs.jpg\" width=\"880\" height=\"587\" alt=\"Notre newsletter sur la politique ext\u00e9rieure de la Suisse\" loading=\"lazy\" decoding=\"async\" fetchpriority=\"auto\"\/><\/p>\n<p>        Plus    <\/p>\n<p>        Notre newsletter sur la politique ext\u00e9rieure de la Suisse    <\/p>\n<p class=\"teaser-wide-card__excerpt\">\n<p>                La Suisse dans un monde qui bouge. Observez avec nous la politique ext\u00e9rieure suisse et ses \u00e9volutions. Nous vous fournissons les approfondissements parfaits pour cela.            <\/p>\n<p>    <a class=\"teaser-wide-card__link\" href=\"https:\/\/www.swissinfo.ch\/fre\/affaires-etrangeres\/notre-newsletter-sur-la-politique-ext%c3%a9rieure-de-la-suisse\/79022629\" target=\"_self\" rel=\"noopener\"><\/p>\n<p>            lire plus Notre newsletter sur la politique ext\u00e9rieure de la Suisse<br \/>\n    <\/a><\/p>\n<p>        Articles mentionn\u00e9s    <\/p>\n","protected":false},"excerpt":{"rendered":"La Suisse reste sous la pression \u00e9conomique des Etats-Unis depuis l\u2019annonce du fameux \u00abLiberation Day\u00bb. Keystone La mise&hellip;\n","protected":false},"author":2,"featured_media":304935,"comment_status":"","ping_status":"","sticky":false,"template":"","format":"standard","meta":{"footnotes":""},"categories":[1586],"tags":[11,2813,44477,44480,44481,35,21332,1777,674,1779,24313,1011,27,44478,44479,12,9024,25,1778,364],"class_list":{"0":"post-304934","1":"post","2":"type-post","3":"status-publish","4":"format-standard","5":"has-post-thumbnail","7":"category-europe","8":"tag-actualites","9":"tag-article","10":"tag-beat-foreign-affairs","11":"tag-beat-swiss-diplomacy","12":"tag-beat-trade-policy","13":"tag-business","14":"tag-diplomacy","15":"tag-eu","16":"tag-europe","17":"tag-european-union","18":"tag-foreign-affairs","19":"tag-fr","20":"tag-france","21":"tag-give-me-perspective","22":"tag-multi","23":"tag-news","24":"tag-politics","25":"tag-republique-francaise","26":"tag-ue","27":"tag-union-europeenne"},"share_on_mastodon":{"url":"https:\/\/pubeurope.com\/@fr\/114992842537195845","error":""},"_links":{"self":[{"href":"https:\/\/www.europesays.com\/fr\/wp-json\/wp\/v2\/posts\/304934","targetHints":{"allow":["GET"]}}],"collection":[{"href":"https:\/\/www.europesays.com\/fr\/wp-json\/wp\/v2\/posts"}],"about":[{"href":"https:\/\/www.europesays.com\/fr\/wp-json\/wp\/v2\/types\/post"}],"author":[{"embeddable":true,"href":"https:\/\/www.europesays.com\/fr\/wp-json\/wp\/v2\/users\/2"}],"replies":[{"embeddable":true,"href":"https:\/\/www.europesays.com\/fr\/wp-json\/wp\/v2\/comments?post=304934"}],"version-history":[{"count":0,"href":"https:\/\/www.europesays.com\/fr\/wp-json\/wp\/v2\/posts\/304934\/revisions"}],"wp:featuredmedia":[{"embeddable":true,"href":"https:\/\/www.europesays.com\/fr\/wp-json\/wp\/v2\/media\/304935"}],"wp:attachment":[{"href":"https:\/\/www.europesays.com\/fr\/wp-json\/wp\/v2\/media?parent=304934"}],"wp:term":[{"taxonomy":"category","embeddable":true,"href":"https:\/\/www.europesays.com\/fr\/wp-json\/wp\/v2\/categories?post=304934"},{"taxonomy":"post_tag","embeddable":true,"href":"https:\/\/www.europesays.com\/fr\/wp-json\/wp\/v2\/tags?post=304934"}],"curies":[{"name":"wp","href":"https:\/\/api.w.org\/{rel}","templated":true}]}}