{"id":304942,"date":"2025-08-08T11:14:19","date_gmt":"2025-08-08T11:14:19","guid":{"rendered":"https:\/\/www.europesays.com\/fr\/304942\/"},"modified":"2025-08-08T11:14:19","modified_gmt":"2025-08-08T11:14:19","slug":"charley-hull-forfait-de-derniere-minute-devant-son-public","status":"publish","type":"post","link":"https:\/\/www.europesays.com\/fr\/304942\/","title":{"rendered":"Charley Hull forfait de derni\u00e8re minute devant son public"},"content":{"rendered":"<p>\t\t\t\t\t\t<img width=\"770\" height=\"556\" src=\"https:\/\/www.europesays.com\/fr\/wp-content\/uploads\/2025\/08\/hulllondonpif-770x556.jpg\" class=\"img-responsive wp-post-image\" alt=\"HullLondonPIF X-LET\" decoding=\"async\" fetchpriority=\"high\"  \/>\t\t\t\t\t<\/p>\n<p>\t\t\t\t\t\t Partager cet article <\/p>\n<p class=\"screen-reader-text juiz_sps_maybe_hidden_text\">Partager la publication \u00ab\u00a0Charley Hull forfait de derni\u00e8re minute devant son public\u00a0\u00bb<\/p>\n<p><strong>La num\u00e9ro 10 mondiale Charley Hull a d\u00fb d\u00e9clarer forfait la veille du PIF London Championship (8-10 ao\u00fbt) devant son public anglais, suite \u00e0 un souci \u00e0 la cheville. C\u2019est C\u00e9line Boutier qui est maintenant la mieux plac\u00e9e au classement mondial dans cette comp\u00e9tition individuelle et par \u00e9quipes.<\/strong><\/p>\n<p>\t\t\t\t\t<a id=\"174987\" href=\"https:\/\/www.sudfrancegolf.com\/fr\/\" target=\"_blank\" rel=\"sponsorised nofollow noopener\"><img decoding=\"async\" src=\"data:image\/svg+xml,%3Csvg%20xmlns=\" http:=\"\" class=\"img-responsive\" alt=\"\" data-lazy-src=\"https:\/\/www.europesays.com\/fr\/wp-content\/uploads\/2025\/06\/giesudfrancegolf-e02-egolf-pass-2025-v2-1170x275-1.gif\"\/><\/a><\/p>\n<p>\nCoup de tonnerre \u00e0 Londres ! Star annonc\u00e9e devant son public anglais, la dixi\u00e8me joueuse mondiale <strong>Charley Hull<\/strong> a d\u00e9clar\u00e9 forfait la veille du <strong>PIF London Championship<\/strong> (8-10 ao\u00fbt) suite \u00e0 une blessure \u00e0 la cheville d\u00e9cel\u00e9e apr\u00e8s une IRM jeudi en fin d\u2019apr\u00e8s-midi. Un d\u00e9chirement pour la Britannique de 29 ans. \u00ab Je suis extr\u00eamement triste de ne pas pouvoir jouer devant mon public, confessait-elle. Mais je vais rester pour soutenir l\u2019\u00e9v\u00e9nement et passer du temps avec les supporters. \u00bb<\/p>\n<p>\t\t\t\t\t<a id=\"181417\" href=\"https:\/\/cabotbordeaux.com\/fr\/booking\/training-golf\" target=\"_blank\" rel=\"sponsorised nofollow noopener\"><img decoding=\"async\" src=\"data:image\/svg+xml,%3Csvg%20xmlns=\" http:=\"\" class=\"img-responsive\" alt=\"\" data-lazy-src=\"https:\/\/www.europesays.com\/fr\/wp-content\/uploads\/2025\/08\/cabot-e04-stage-septembre-1170x275-1.gif\"\/><\/a><\/p>\n<blockquote class=\"twitter-tweet\">\n<p dir=\"ltr\" lang=\"en\">World No.10 Charley Hull has withdrawn from the PIF London Championship on medical advice following an MRI scan on her ankle conducted on Thursday afternoon. <a href=\"https:\/\/t.co\/Qz7KfIFzJ5\" rel=\"nofollow\">pic.twitter.com\/Qz7KfIFzJ5<\/a><\/p>\n<p>\u2014 Ladies European Tour (@LETgolf) <a href=\"https:\/\/twitter.com\/LETgolf\/status\/1953576998007411011?ref_src=twsrc%5Etfw\" rel=\"nofollow noopener\" target=\"_blank\">August 7, 2025<\/a><\/p>\n<\/blockquote>\n<p>\u00a0<\/p>\n<p>\u00a0<\/p>\n<p>C\u00e9line Boutier prend le flambeau<\/p>\n<p>C\u2019est la Sud-Africaine <strong>Danielle Du Toit<\/strong> qui remplace la star britannique \u00e0 la t\u00eate d\u2019une \u00e9quipe de quatre dans cette comp\u00e9tition atypique individuelle et par \u00e9quipes. C\u2019est maintenant <strong>C\u00e9line Boutier<\/strong> (17e joueuse mondiale) qui est la mieux plac\u00e9e au <strong>Rolex Ranking<\/strong> au d\u00e9part de ce tournoi richement dot\u00e9 (1,3 million d\u2019euros), avec huit Fran\u00e7aises en lice.<\/p>\n<p>Photo : X (LET)<\/p>\n<p>\t\t\t<script async src=\"https:\/\/platform.twitter.com\/widgets.js\" charset=\"utf-8\"><\/script><\/p>\n","protected":false},"excerpt":{"rendered":"Partager cet article Partager la publication \u00ab\u00a0Charley Hull forfait de derni\u00e8re minute devant son public\u00a0\u00bb La num\u00e9ro 10&hellip;\n","protected":false},"author":2,"featured_media":304943,"comment_status":"","ping_status":"","sticky":false,"template":"","format":"standard","meta":{"footnotes":""},"categories":[1418],"tags":[1011,27,1472,60],"class_list":{"0":"post-304942","1":"post","2":"type-post","3":"status-publish","4":"format-standard","5":"has-post-thumbnail","7":"category-golf","8":"tag-fr","9":"tag-france","10":"tag-golf","11":"tag-sports"},"share_on_mastodon":{"url":"https:\/\/pubeurope.com\/@fr\/114992857993737458","error":""},"_links":{"self":[{"href":"https:\/\/www.europesays.com\/fr\/wp-json\/wp\/v2\/posts\/304942","targetHints":{"allow":["GET"]}}],"collection":[{"href":"https:\/\/www.europesays.com\/fr\/wp-json\/wp\/v2\/posts"}],"about":[{"href":"https:\/\/www.europesays.com\/fr\/wp-json\/wp\/v2\/types\/post"}],"author":[{"embeddable":true,"href":"https:\/\/www.europesays.com\/fr\/wp-json\/wp\/v2\/users\/2"}],"replies":[{"embeddable":true,"href":"https:\/\/www.europesays.com\/fr\/wp-json\/wp\/v2\/comments?post=304942"}],"version-history":[{"count":0,"href":"https:\/\/www.europesays.com\/fr\/wp-json\/wp\/v2\/posts\/304942\/revisions"}],"wp:featuredmedia":[{"embeddable":true,"href":"https:\/\/www.europesays.com\/fr\/wp-json\/wp\/v2\/media\/304943"}],"wp:attachment":[{"href":"https:\/\/www.europesays.com\/fr\/wp-json\/wp\/v2\/media?parent=304942"}],"wp:term":[{"taxonomy":"category","embeddable":true,"href":"https:\/\/www.europesays.com\/fr\/wp-json\/wp\/v2\/categories?post=304942"},{"taxonomy":"post_tag","embeddable":true,"href":"https:\/\/www.europesays.com\/fr\/wp-json\/wp\/v2\/tags?post=304942"}],"curies":[{"name":"wp","href":"https:\/\/api.w.org\/{rel}","templated":true}]}}