{"id":304944,"date":"2025-08-08T11:16:16","date_gmt":"2025-08-08T11:16:16","guid":{"rendered":"https:\/\/www.europesays.com\/fr\/304944\/"},"modified":"2025-08-08T11:16:16","modified_gmt":"2025-08-08T11:16:16","slug":"rugby-incroyable-cet-ouvreur-anglais-iconique-signe-en-roumanie-pour-une-belle-raison","status":"publish","type":"post","link":"https:\/\/www.europesays.com\/fr\/304944\/","title":{"rendered":"RUGBY. Incroyable, cet ouvreur anglais iconique signe en Roumanie (pour une belle raison\u2026)"},"content":{"rendered":"<p>En <a href=\"https:\/\/www.lerugbynistere.fr\/equipes-nationales\/xv-de-france.php\" ui-sref=\"app.team({teamId: 65})\" alt=\"France\" data-route=\"app.team\" data-param=\"teamId\" data-id=\"65\" rel=\"nofollow noopener\" target=\"_blank\">France<\/a>, on a observ\u00e9 <a href=\"https:\/\/www.lerugbynistere.fr\/fiches-joueurs\/jonathan-wisniewski.php\" ui-sref=\"app.player({playerId: 494})\" alt=\"Jonathan Wisniewski\" data-route=\"app.player\" data-param=\"playerId\" data-id=\"494\" rel=\"nofollow noopener\" target=\"_blank\">Jonathan Wisniewski<\/a>, <a href=\"https:\/\/www.lerugbynistere.fr\/fiches-joueurs\/lionel-beauxis.php\" ui-sref=\"app.player({playerId: 612})\" alt=\"Lionel Beauxis\" data-route=\"app.player\" data-param=\"playerId\" data-id=\"612\" rel=\"nofollow noopener\" target=\"_blank\">Lionel Beauxis<\/a>, Benjam\u00edn Urdapilleta et d\u2019autres. De l\u2019autre c\u00f4t\u00e9 de la Manche, <strong>les amateurs de <a href=\"https:\/\/www.lerugbynistere.fr\/championnats\/premiership\" ui-sref=\"app.competition({competitionId: 7})\" alt=\"Premiership\" data-route=\"app.competition\" data-param=\"competitionId\" data-id=\"7\" rel=\"nofollow noopener\" target=\"_blank\">Premiership<\/a> connaissent bien le nom de <a href=\"https:\/\/www.lerugbynistere.fr\/fiches-joueurs\/freddie-burns.php\" ui-sref=\"app.player({playerId: 7540})\" alt=\"Freddie Burns\" data-route=\"app.player\" data-param=\"playerId\" data-id=\"7540\" rel=\"nofollow noopener\" target=\"_blank\">Freddie Burns<\/a><\/strong>, demi d\u2019ouverture polyvalent iconique du championnat. Apr\u00e8s plus de 200 matchs dans l\u2019\u00e9lite anglaise, le joueur de 35 ans s\u2019offre une fin de carri\u00e8re exotique, qui l&rsquo;am\u00e8ne en <a href=\"https:\/\/www.lerugbynistere.fr\/equipes-nationales\/roumanie.php\" ui-sref=\"app.team({teamId: 72})\" alt=\"Roumanie\" data-route=\"app.team\" data-param=\"teamId\" data-id=\"72\" rel=\"nofollow noopener\" target=\"_blank\">Roumanie<\/a> pour la saison 2025, voire plus si affinit\u00e9s.<\/p>\n<\/p>\n<p><a class=\"inserer_lien_article\" href=\"https:\/\/www.lerugbynistere.fr\/news\/rugby-david-gerard-en-roumanie-une-aventure-a-la-rocky-4-entre-passion-et-coup-de-gueule-190324930.php\" data-id=\"40697\" data-route=\"app.article\" data-param=\"articleId\" ui-sref=\"app.article({articleId: 40697})\" alt=\"RUGBY. David G\u00e9rard en Roumanie, &#039;&#039;une aventure \u00e0 la Rocky 4&#039;&#039; entre passion et coup de gueule\" title=\"RUGBY. David G\u00e9rard en Roumanie, &#039;&#039;une aventure \u00e0 la Rocky 4&#039;&#039; entre passion et coup de gueule\" rel=\"nofollow noopener\" target=\"_blank\"><img decoding=\"async\" src=\"https:\/\/www.europesays.com\/fr\/wp-content\/uploads\/2025\/08\/david-gerard-roumanie-19-03-24-2163.jpg\" alt=\"RUGBY. David G\u00e9rard en Roumanie, ''une aventure \u00e0 la Rocky 4'' entre passion et coup de gueule\"\/>RUGBY. David G\u00e9rard en Roumanie, \u00a0\u00bbune aventure \u00e0 la Rocky 4\u00a0\u00bb entre passion et coup de gueule<\/a><\/p>\n<p>En effet, <strong>l\u2019ancien de <a href=\"https:\/\/www.lerugbynistere.fr\/clubs\/gloucester.php\" ui-sref=\"app.team({teamId: 80})\" alt=\"Gloucester\" data-route=\"app.team\" data-param=\"teamId\" data-id=\"80\" rel=\"nofollow noopener\" target=\"_blank\">Gloucester<\/a> a accept\u00e9 de rejoindre le Dinamo Bucarest pour la saison en cours<\/strong> de Liga Nationala, le championnat semi-professionnel du pays latin d\u2019Europe de l\u2019Est. En Roumanie, un exercice de premi\u00e8re division se joue sur une ann\u00e9e civile, de l\u2019hiver \u00e0 la fin de l\u2019\u00e9t\u00e9. Actuellement, il reste deux rencontres \u00e0 jouer sur la saison r\u00e9guli\u00e8re, avant que la phase finale ne commence.<\/p>\n<p>Figurant parmi les \u00e9quipes les plus solides du championnat, la section rugby du club multisport du Dinamo Bucarest \u00e9volue au Stade Arcul de Triumf (8 207 places), fief historique du rugby roumain. Pr\u00e9sentement,<strong> ils sont premiers de la Liga Na\u021bional\u0103 de Rugby, au coude \u00e0 coude avec le CSM Baia Mare.<\/strong> Par ailleurs, un choc entre les deux \u00e9quipes aura lieu lors de la derni\u00e8re journ\u00e9e du championnat, le 23 ao\u00fbt prochain.<\/p>\n<p>Ainsi, <strong>Freddie Burns vient en Roumanie pour y disputer au maximum quatre matchs<\/strong>, soit deux de saison r\u00e9guli\u00e8re, une demi-finale et une finale. Dans une d\u00e9claration officielle du club, il a comment\u00e9 son arriv\u00e9e ainsi : \u201cJe suis ravi de faire partie d&rsquo;un club avec une telle histoire et cette passion. J&rsquo;ai trouv\u00e9 un groupe uni, ambitieux et professionnel. J&rsquo;ai h\u00e2te de commencer les matchs et de montrer aux fans quelque chose dont ils pourront \u00eatre fiers !\u201d<\/p>\n<\/p>\n<p><a class=\"inserer_lien_article\" href=\"https:\/\/www.lerugbynistere.fr\/news\/la-france-peut-elle-aider-leurope-latine-a-devenir-un-geant-du-rugby-loin-des-bleus-pres-du-coeur-5-2307241818.php\" data-id=\"41972\" data-route=\"app.article\" data-param=\"articleId\" ui-sref=\"app.article({articleId: 41972})\" alt=\"La France peut-elle aider l&#039;Europe latine \u00e0 devenir un grand du rugby ? - Loin des Bleus, pr\u00e8s du c\u0153ur #5\" title=\"La France peut-elle aider l&#039;Europe latine \u00e0 devenir un grand du rugby ? - Loin des Bleus, pr\u00e8s du c\u0153ur #5\" rel=\"nofollow noopener\" target=\"_blank\"><img decoding=\"async\" src=\"https:\/\/www.europesays.com\/fr\/wp-content\/uploads\/2025\/08\/ital-uru-23-07-24-6601.jpg\" alt=\"La France peut-elle aider l'Europe latine \u00e0 devenir un grand du rugby ? - Loin des Bleus, pr\u00e8s du c\u0153ur #5\"\/>La France peut-elle aider l&rsquo;Europe latine \u00e0 devenir un grand du rugby ? &#8211; Loin des Bleus, pr\u00e8s du c\u0153ur #5<\/a><\/p>\n<p>Cependant, Freddie Burns n\u2019arrive pas uniquement pour les ambitions d\u2019un dernier sacre en carri\u00e8re ou pour l\u2019exotisme d\u2019un championnat m\u00e9connu. Non, l\u2019ancien international du XV de la Rose vient aussi rendre la pareille \u00e0 l\u2019un des principaux artisans de sa carri\u00e8re. Selon <a href=\"https:\/\/www.rugbypass.com\/news\/ex-england-fly-half-freddie-burns-lands-new-club-in-romania\/\" rel=\"nofollow noopener\" target=\"_blank\">Rugby Pass<\/a>, le directeur du rugby du Dinamo Bucarest est l\u2019\u00c9cossais Carl Hogg. Ce dernier a \u00e9t\u00e9 <strong>le coach de l\u2019ouvreur anglais au centre de formation de Gloucester<\/strong>, lui ayant inculqu\u00e9 les pr\u00e9ceptes du rugby.<\/p>\n<p>Ainsi, c\u2019est une belle histoire qui s\u2019\u00e9crira dans les semaines \u00e0 venir en Roumanie, entre Freddie Burns et son coach de jeunesse. De plus, <strong>le champion de la Premiership 2022 a d\u00e9j\u00e0 l\u2019habitude des championnats atypiques.<\/strong> Il fait partie des rares joueurs europ\u00e9ens \u00e0 avoir \u00e9volu\u00e9 au <a href=\"https:\/\/www.lerugbynistere.fr\/equipes-nationales\/japon.php\" ui-sref=\"app.team({teamId: 64})\" alt=\"Japon\" data-route=\"app.team\" data-param=\"teamId\" data-id=\"64\" rel=\"nofollow noopener\" target=\"_blank\">Japon<\/a>, chez les Toyota Shokki <a href=\"https:\/\/www.lerugbynistere.fr\/clubs\/shuttles.php\" ui-sref=\"app.team({teamId: 2323})\" alt=\"Shuttles\" data-route=\"app.team\" data-param=\"teamId\" data-id=\"2323\" rel=\"nofollow noopener\" target=\"_blank\">Shuttles<\/a> (sur les p\u00e9riodes 2014\u20132017 et 2021\u20132023), et en <a href=\"https:\/\/www.lerugbynistere.fr\/equipes-nationales\/all-blacks.php\" ui-sref=\"app.team({teamId: 24})\" alt=\"Nouvelle-Z\u00e9lande\" data-route=\"app.team\" data-param=\"teamId\" data-id=\"24\" rel=\"nofollow noopener\" target=\"_blank\">Nouvelle-Z\u00e9lande<\/a>, chez les <a href=\"https:\/\/www.lerugbynistere.fr\/clubs\/highlanders.php\" ui-sref=\"app.team({teamId: 2308})\" alt=\"Highlanders\" data-route=\"app.team\" data-param=\"teamId\" data-id=\"2308\" rel=\"nofollow noopener\" target=\"_blank\">Highlanders<\/a> (en 2023).<\/p>\n<p>En tout cas, cette signature est un coup de com\u2019 int\u00e9ressant pour <strong>le championnat roumain, qui conna\u00eet de gros probl\u00e8mes structurels et financiers<\/strong>, en particulier depuis le COVID-19. \u00c9cart\u00e9 de toutes les Coupes d\u2019Europe et connaissant un passage compliqu\u00e9 au niveau professionnel, l\u2019attractivit\u00e9 du championnat s\u2019est s\u00e9rieusement ab\u00eem\u00e9e en quelques saisons. Preuve en est, le nombre d\u2019\u00e9curies est pass\u00e9 de 14 \u00e0 6 en seulement trois saisons. Esp\u00e9rons donc que l\u2019arriv\u00e9e d\u2019un tel nom relance l\u2019int\u00e9r\u00eat du rugby \u00e0 XV dans ce pays et que Freddie Burns ne l\u00e2chera pas le ballon ovale de sit\u00f4t (tout du moins, pas dans l\u2019en-but).<\/p>\n<p><a class=\"inserer_lien_article\" href=\"https:\/\/www.lerugbynistere.fr\/videos\/video-queen-nuggets-et-lunettes-de-soleil-freddie-burns-a-fete-comme-il-se-doit-le-titre-de-champion-dangleterre-2006221341.php\" data-id=\"34769\" data-route=\"app.article\" data-param=\"articleId\" ui-sref=\"app.article({articleId: 34769})\" alt=\"VID\u00c9O. Queen, Nuggets et lunettes de soleil, Freddie Burns a f\u00eat\u00e9 comme il se doit le titre de champion d&#039;Angleterre\" title=\"VID\u00c9O. Queen, Nuggets et lunettes de soleil, Freddie Burns a f\u00eat\u00e9 comme il se doit le titre de champion d&#039;Angleterre\" rel=\"nofollow noopener\" target=\"_blank\"><img decoding=\"async\" src=\"https:\/\/www.europesays.com\/fr\/wp-content\/uploads\/2025\/08\/freddie-burns-20-06-22-7303.jpg\" alt=\"VID\u00c9O. Queen, Nuggets et lunettes de soleil, Freddie Burns a f\u00eat\u00e9 comme il se doit le titre de champion d'Angleterre\"\/>VID\u00c9O. Queen, Nuggets et lunettes de soleil, Freddie Burns a f\u00eat\u00e9 comme il se doit le titre de champion d&rsquo;Angleterre<\/a><\/p>\n","protected":false},"excerpt":{"rendered":"En France, on a observ\u00e9 Jonathan Wisniewski, Lionel Beauxis, Benjam\u00edn Urdapilleta et d\u2019autres. De l\u2019autre c\u00f4t\u00e9 de la&hellip;\n","protected":false},"author":2,"featured_media":304945,"comment_status":"","ping_status":"","sticky":false,"template":"","format":"standard","meta":{"footnotes":""},"categories":[1416],"tags":[1011,27,479,1468,60],"class_list":{"0":"post-304944","1":"post","2":"type-post","3":"status-publish","4":"format-standard","5":"has-post-thumbnail","7":"category-rugby","8":"tag-fr","9":"tag-france","10":"tag-rugby","11":"tag-rugby-football","12":"tag-sports"},"share_on_mastodon":{"url":"https:\/\/pubeurope.com\/@fr\/114992866134877491","error":""},"_links":{"self":[{"href":"https:\/\/www.europesays.com\/fr\/wp-json\/wp\/v2\/posts\/304944","targetHints":{"allow":["GET"]}}],"collection":[{"href":"https:\/\/www.europesays.com\/fr\/wp-json\/wp\/v2\/posts"}],"about":[{"href":"https:\/\/www.europesays.com\/fr\/wp-json\/wp\/v2\/types\/post"}],"author":[{"embeddable":true,"href":"https:\/\/www.europesays.com\/fr\/wp-json\/wp\/v2\/users\/2"}],"replies":[{"embeddable":true,"href":"https:\/\/www.europesays.com\/fr\/wp-json\/wp\/v2\/comments?post=304944"}],"version-history":[{"count":0,"href":"https:\/\/www.europesays.com\/fr\/wp-json\/wp\/v2\/posts\/304944\/revisions"}],"wp:featuredmedia":[{"embeddable":true,"href":"https:\/\/www.europesays.com\/fr\/wp-json\/wp\/v2\/media\/304945"}],"wp:attachment":[{"href":"https:\/\/www.europesays.com\/fr\/wp-json\/wp\/v2\/media?parent=304944"}],"wp:term":[{"taxonomy":"category","embeddable":true,"href":"https:\/\/www.europesays.com\/fr\/wp-json\/wp\/v2\/categories?post=304944"},{"taxonomy":"post_tag","embeddable":true,"href":"https:\/\/www.europesays.com\/fr\/wp-json\/wp\/v2\/tags?post=304944"}],"curies":[{"name":"wp","href":"https:\/\/api.w.org\/{rel}","templated":true}]}}