{"id":304948,"date":"2025-08-08T11:18:35","date_gmt":"2025-08-08T11:18:35","guid":{"rendered":"https:\/\/www.europesays.com\/fr\/304948\/"},"modified":"2025-08-08T11:18:35","modified_gmt":"2025-08-08T11:18:35","slug":"gabby-williams-designee-joueuse-de-lannee-2024-par-la-federation-francaise","status":"publish","type":"post","link":"https:\/\/www.europesays.com\/fr\/304948\/","title":{"rendered":"Gabby Williams d\u00e9sign\u00e9e joueuse de l&rsquo;ann\u00e9e 2024 par la F\u00e9d\u00e9ration fran\u00e7aise"},"content":{"rendered":"<p>Le jury 2024<\/p>\n<p>Erwan Abautret (First Team), Philippe Ausseur (LNB), Maxime Bodilis (www.bebasket.com), Yann Casseville (Basket Le Mag), Jacques Comm\u00e8res (DTN), Pierre-Yves Croix (Le Courrier de l&rsquo;Ouest), Marc Duthu (Sud Ouest), Isabelle Fijalkowski (Club des Internationaux), Julien Gu\u00e9rineau (Basketball Magazine), Emmanuel Laurin (Basket USA), Pascal Legendre (www.basketeurope.com), Julien Lesage (Le Parisien), David Malarme (France TV), Cl\u00e9ment Martel (Le Monde), Fred Mazeas (Skweek), Xavier Monferran (Radio France), Lukas Nicot (Sport en France), Amaury Perdriau (L&rsquo;\u00c9quipe), Christophe Remise (Le Figaro), R\u00e9mi Reverchon (beIN Sports), Micha\u00ebl Rigollet (Le JSL), Jean-Pierre Siutat (FFBB), Yannick Souvre (LFB), Arnaud Valadon (RMC), le public.<\/p>\n","protected":false},"excerpt":{"rendered":"Le jury 2024 Erwan Abautret (First Team), Philippe Ausseur (LNB), Maxime Bodilis (www.bebasket.com), Yann Casseville (Basket Le Mag),&hellip;\n","protected":false},"author":2,"featured_media":304949,"comment_status":"","ping_status":"","sticky":false,"template":"","format":"standard","meta":{"footnotes":""},"categories":[1414],"tags":[1465,1464,1011,27,60],"class_list":{"0":"post-304948","1":"post","2":"type-post","3":"status-publish","4":"format-standard","5":"has-post-thumbnail","7":"category-basket","8":"tag-basket","9":"tag-basketball","10":"tag-fr","11":"tag-france","12":"tag-sports"},"share_on_mastodon":{"url":"https:\/\/pubeurope.com\/@fr\/114992873759802742","error":""},"_links":{"self":[{"href":"https:\/\/www.europesays.com\/fr\/wp-json\/wp\/v2\/posts\/304948","targetHints":{"allow":["GET"]}}],"collection":[{"href":"https:\/\/www.europesays.com\/fr\/wp-json\/wp\/v2\/posts"}],"about":[{"href":"https:\/\/www.europesays.com\/fr\/wp-json\/wp\/v2\/types\/post"}],"author":[{"embeddable":true,"href":"https:\/\/www.europesays.com\/fr\/wp-json\/wp\/v2\/users\/2"}],"replies":[{"embeddable":true,"href":"https:\/\/www.europesays.com\/fr\/wp-json\/wp\/v2\/comments?post=304948"}],"version-history":[{"count":0,"href":"https:\/\/www.europesays.com\/fr\/wp-json\/wp\/v2\/posts\/304948\/revisions"}],"wp:featuredmedia":[{"embeddable":true,"href":"https:\/\/www.europesays.com\/fr\/wp-json\/wp\/v2\/media\/304949"}],"wp:attachment":[{"href":"https:\/\/www.europesays.com\/fr\/wp-json\/wp\/v2\/media?parent=304948"}],"wp:term":[{"taxonomy":"category","embeddable":true,"href":"https:\/\/www.europesays.com\/fr\/wp-json\/wp\/v2\/categories?post=304948"},{"taxonomy":"post_tag","embeddable":true,"href":"https:\/\/www.europesays.com\/fr\/wp-json\/wp\/v2\/tags?post=304948"}],"curies":[{"name":"wp","href":"https:\/\/api.w.org\/{rel}","templated":true}]}}