{"id":304950,"date":"2025-08-08T11:19:10","date_gmt":"2025-08-08T11:19:10","guid":{"rendered":"https:\/\/www.europesays.com\/fr\/304950\/"},"modified":"2025-08-08T11:19:10","modified_gmt":"2025-08-08T11:19:10","slug":"tech3-dement-une-vente-confirmee-de-son-equipe-motogp-a-steiner","status":"publish","type":"post","link":"https:\/\/www.europesays.com\/fr\/304950\/","title":{"rendered":"Tech3 d\u00e9ment une vente confirm\u00e9e de son \u00e9quipe MotoGP \u00e0 Steiner"},"content":{"rendered":"<p class=\"mt-5\">Herv\u00e9 Poncharal, le patron de Tech3, a d\u00e9menti les informations selon lesquelles il aurait d\u00e9j\u00e0 vendu son \u00e9quipe MotoGP \u00e0 l\u2019ancien directeur d\u2019\u00e9quipe de F1 bien connu, Gunther Steiner, qualifiant ces sp\u00e9culations de \u00ab\u00a0fake news absolues\u00a0\u00bb.<\/p>\n<p class=\"mt-5\">La semaine derni\u00e8re, de nombreux m\u00e9dias ont rapport\u00e9 que <a class=\"text-red-600 hover:underline hover:text-red-800 dark:text-inherit dark:underline dark:hover:text-red-500\" href=\"https:\/\/motorsport.nextgen-auto.com\/fr\/formule-1\/steiner-est-pret-a-reprendre-l-equipe-motogp-tech3,201534.html\" target=\"_blank\" rel=\"noopener\">Steiner envisage de reprendre Tech3 avec le soutien du groupe d\u2019investissement am\u00e9ricain Apex<\/a>, pour un montant de plus de 20 millions d\u2019euros.<\/p>\n<p class=\"mt-5\">Mais Poncharal a d\u00fb d\u00e9mentir d\u2019autres informations parues qui annon\u00e7aient que l\u2019accord avait d\u00e9j\u00e0 \u00e9t\u00e9 sign\u00e9.<\/p>\n<p class=\"mt-5\">\u00ab\u00a0Ils discutent, comme vous le savez. Mais rien n\u2019a \u00e9t\u00e9 sign\u00e9\u00a0!\u00a0\u00bb a-t-il insist\u00e9.<\/p>\n<p class=\"mt-5\">\u00ab\u00a0Je n\u2019ai jamais cach\u00e9 que des discussions \u00e9taient en cours. Mais ces nouvelles rumeurs et sp\u00e9culations m\u2019agacent beaucoup.\u00a0\u00bb<\/p>\n<p class=\"mt-5\">Bien que Poncharal admette que quelque chose se trame en coulisses, il reste \u00e0 la t\u00eate de l\u2019\u00e9quipe Tech3, soutenue par KTM, sans changement pr\u00e9vu avant 2027.<\/p>\n<p class=\"mt-5\">Steiner, toujours une figure du paddock apr\u00e8s avoir quitt\u00e9 Haas F1, reste tr\u00e8s populaire gr\u00e2ce \u00e0 sa notori\u00e9t\u00e9 sur Netflix. Liberty Media \u00e9tant d\u00e9sormais propri\u00e9taire du MotoGP, certains observateurs voient son nom comme un \u00e9l\u00e9ment d\u2019une initiative plus large visant \u00e0 insuffler une \u00e9nergie commerciale digne de la F1 au paddock des deux roues.<\/p>\n","protected":false},"excerpt":{"rendered":"Herv\u00e9 Poncharal, le patron de Tech3, a d\u00e9menti les informations selon lesquelles il aurait d\u00e9j\u00e0 vendu son \u00e9quipe&hellip;\n","protected":false},"author":2,"featured_media":304951,"comment_status":"","ping_status":"","sticky":false,"template":"","format":"standard","meta":{"footnotes":""},"categories":[1413],"tags":[1011,27,1457,1456,60],"class_list":{"0":"post-304950","1":"post","2":"type-post","3":"status-publish","4":"format-standard","5":"has-post-thumbnail","7":"category-moto","8":"tag-fr","9":"tag-france","10":"tag-moto","11":"tag-motocycle","12":"tag-sports"},"share_on_mastodon":{"url":"https:\/\/pubeurope.com\/@fr\/114992877688266203","error":""},"_links":{"self":[{"href":"https:\/\/www.europesays.com\/fr\/wp-json\/wp\/v2\/posts\/304950","targetHints":{"allow":["GET"]}}],"collection":[{"href":"https:\/\/www.europesays.com\/fr\/wp-json\/wp\/v2\/posts"}],"about":[{"href":"https:\/\/www.europesays.com\/fr\/wp-json\/wp\/v2\/types\/post"}],"author":[{"embeddable":true,"href":"https:\/\/www.europesays.com\/fr\/wp-json\/wp\/v2\/users\/2"}],"replies":[{"embeddable":true,"href":"https:\/\/www.europesays.com\/fr\/wp-json\/wp\/v2\/comments?post=304950"}],"version-history":[{"count":0,"href":"https:\/\/www.europesays.com\/fr\/wp-json\/wp\/v2\/posts\/304950\/revisions"}],"wp:featuredmedia":[{"embeddable":true,"href":"https:\/\/www.europesays.com\/fr\/wp-json\/wp\/v2\/media\/304951"}],"wp:attachment":[{"href":"https:\/\/www.europesays.com\/fr\/wp-json\/wp\/v2\/media?parent=304950"}],"wp:term":[{"taxonomy":"category","embeddable":true,"href":"https:\/\/www.europesays.com\/fr\/wp-json\/wp\/v2\/categories?post=304950"},{"taxonomy":"post_tag","embeddable":true,"href":"https:\/\/www.europesays.com\/fr\/wp-json\/wp\/v2\/tags?post=304950"}],"curies":[{"name":"wp","href":"https:\/\/api.w.org\/{rel}","templated":true}]}}