{"id":304952,"date":"2025-08-08T11:20:21","date_gmt":"2025-08-08T11:20:21","guid":{"rendered":"https:\/\/www.europesays.com\/fr\/304952\/"},"modified":"2025-08-08T11:20:21","modified_gmt":"2025-08-08T11:20:21","slug":"ligue-2-jespere-mettre-tout-le-monde-daccord-assene-le-defenseur-palois-jean-ruiz","status":"publish","type":"post","link":"https:\/\/www.europesays.com\/fr\/304952\/","title":{"rendered":"Ligue 2. \u00ab\u00a0J\u2019esp\u00e8re mettre tout le monde d\u2019accord\u00a0\u00bb, ass\u00e8ne le d\u00e9fenseur palois Jean Ruiz"},"content":{"rendered":"<p>Si vous avez la chance de croiser Jean Ruiz au d\u00e9tour d\u2019une rue de la Cit\u00e9 royale, vous appr\u00e9cierez le calme du jeune homme, son ton pos\u00e9, son caract\u00e8re tr\u00e8s\u00a0discret, voire cette timidit\u00e9 qui le caract\u00e9rise. En revanche, il n\u2019est plus tout \u00e0 fait le m\u00eame aupr\u00e8s des attaquants de Ligue 2. Tel un pilote de Formule 1 qui \u00ab\u00a0d\u00e9connecte\u00a0\u00bb et devient une tout autre personne quand il baisse sa visi\u00e8re, Jean Ruiz\u00a0avoue\u00a0volontiers\u00a0changer\u00a0radicalement quand il chausse les crampons et endosse le maillot Jaune et Bleu\u00a0: \u00ab\u00a0C\u2019est difficile \u00e0 d\u00e9crire et ces derniers temps, j\u2019essaye de comprendre pourquoi je suis comme \u00e7a. Au foot, sur le terrain, que ce soit \u00e0 l\u2019entra\u00eenement ou en match, mon cerveau d\u00e9connecte. Je sais ce que je dois faire de A \u00e0 Z et je me transforme. Les soirs de matchs, j\u2019ai mon fonctionnement\u00a0et \u00e0\u00a0partir de la reconnaissance pelouse, je fais mes trucs pour \u00eatre dans ma bulle. Je n\u2019en ressors que le lendemain matin\u00a0parce que\u00a0je\u00a0n\u2019arrive pas \u00e0 dormir les nuits apr\u00e8s les matchs. Je suis trop excit\u00e9.\u00a0Quand je revisionne les rencontres, je r\u00e2le, et\u00a0parfois, j\u2019ai l\u2019impression de devenir fou. Je ne sais pas pourquoi je suis comme \u00e7a mais j\u2019ai besoin de \u00e7a.\u00a0\u00bb<\/p>\n<p>    Sur le m\u00eame sujet<\/p>\n<p>                        <a href=\"https:\/\/www.sudouest.fr\/sport\/football\/ligue2\/ligue-2-austerite-subie-trading-choisi-au-pau-fc-25490732.php\" title=\"Ligue 2. Aust\u00e9rit\u00e9 subie, trading choisi au Pau FC\" rel=\"nofollow noopener\" target=\"_blank\"><br \/>\n                            <img decoding=\"async\" src=\"https:\/\/www.europesays.com\/fr\/wp-content\/uploads\/2025\/08\/20250806191144-dsc242.jpg\" alt=\"Ligue 2. Aust\u00e9rit\u00e9 subie, trading choisi au Pau FC\"\/><br \/>\n                        <\/a><\/p>\n<p>                    <a href=\"https:\/\/www.sudouest.fr\/sport\/football\/ligue2\/ligue-2-austerite-subie-trading-choisi-au-pau-fc-25490732.php\" title=\"Ligue 2. Aust\u00e9rit\u00e9 subie, trading choisi au Pau FC\" rel=\"nofollow noopener\" target=\"_blank\"><\/p>\n<p>\n                            Ligue 2. Aust\u00e9rit\u00e9 subie, trading choisi au Pau FC\n                        <\/p>\n<p>                    <\/a><\/p>\n<p>\n                        La baisse constante des droits TV gr\u00e8ve un budget fortement revu \u00e0 la baisse au Pau FC. Et m\u00eame si les ventes de joueurs \u00e9quilibrent la balance, le club b\u00e9arnais n\u2019a plus de marge, ni de droit \u00e0 l\u2019erreur concernant son recrutement\n                    <\/p>\n<p>Fid\u00e8le parmi les fid\u00e8les<\/p>\n<p>Le d\u00e9fenseur central de 27\u00a0ans va entamer sa quatri\u00e8me saison\u00a0au Pau FC. Presque une anomalie\u00a0dans un club qui a pour habitude de largement renouveler son effectif chaque \u00e9t\u00e9\u00a0et qui aurait d\u2019ailleurs bien pu voir Ruiz s\u2019\u00e9loigner du B\u00e9arn l\u2019an\u00a0dernier.\u00a0Le n\u00b025 palois avait\u00a0finalement\u00a0d\u00e9cid\u00e9 de\u00a0prolonger l\u2019aventure dans le B\u00e9arn.<\/p>\n<blockquote><p>\u00ab\u00a0Parfois, il faut sortir de sa zone de confort et peut-\u00eatre qu\u2019en prolongeant, Je m&rsquo;y suis un peu trop install\u00e9\u00a0\u00bb<\/p><\/blockquote>\n<p>\u00ab\u00a0D\u2019un point de vue personnel, si c\u2019\u00e9tait \u00e0 refaire, je pense que je le referai\u00a0sans h\u00e9siter.\u00a0En revanche, pour le\u00a0c\u00f4t\u00e9\u00a0sportif, je ne sais pas\u2026 J\u2019ai \u00e9t\u00e9 d\u00e9\u00e7u de ma saison l\u2019an dernier et je ne m\u2019en cache pas. Je pense que parfois, il faut sortir de sa zone de confort et peut-\u00eatre qu\u2019en prolongeant, Je m&rsquo;y suis un peu trop install\u00e9. J\u2019ai l\u2019impression que ma saison a \u00e9t\u00e9 trop lin\u00e9aire et que je n\u2019ai pas assez pris mon r\u00f4le de vice-capitaine et de joueur cadre \u00e0 fond. J\u2019y ai beaucoup pens\u00e9 cet \u00e9t\u00e9 et je vais faire en sorte que cela change cette ann\u00e9e.\u00a0Les d\u00e9parts de Iyad (Mohamed) et Ange (Ahoussou) \u00e0 mi-saison m\u2019ont\u00a0aussi\u00a0mis en difficult\u00e9 et cela n\u2019a rien \u00e0 voir avec la qualit\u00e9 de ceux qui les ont remplac\u00e9s. Avec\u00a0Bingourou (Kamara, l\u2019ex-gardien, NDLR), on avait trouv\u00e9 ce losange sur le terrain qui nous rassurait et qu\u2019on avait mis du temps \u00e0 mettre en place pour que \u00e7a fonctionne. Je comprends que, pour le bien du club, ce sont des changements qu\u2019il fallait faire mais d\u2019un point de vue personnel, \u00e7a m\u2019a un peu mis en difficult\u00e9.\u00a0J\u2019esp\u00e8re que cette saison, je vais mettre tout le monde d\u2019accord en \u00e9tant meilleur sur le terrain.\u00a0\u00bb<\/p>\n<p>En constante adaptation<\/p>\n<p>Cette ann\u00e9e, le secteur d\u00e9fensif\u00a0palois\u00a0a \u00e9t\u00e9 particuli\u00e8rement concern\u00e9\u00a0par le mercato\u00a0puisqu\u2019ils ne sont\u00a0que trois, avec Ousmane Kant\u00e9 et\u00a0Joseph\u00a0Kalulu\u00a0\u00e0\u00a0ne pas avoir chang\u00e9\u00a0d\u2019air\u00a0: \u00ab\u00a0C\u2019est vrai que, presque chaque ann\u00e9e, on a l\u2019impression de repartir de z\u00e9ro\u00a0et ce n\u2019est pas forc\u00e9ment \u00e9vident de trouver les automatismes. Mais\u00a0on a une nouvelle fois de bons joueurs qui sont arriv\u00e9s et je crois que, d\u00e9fensivement, on a l\u2019air bien\u00a0pour l\u2019instant.\u00a0\u00bb<\/p>\n<p>Il faut dire que Jean Ruiz a d\u00fb faire preuve d\u2019adaptation ses derni\u00e8res saisons puisque\u00a0Setigui\u00a0Karamoko et Anthony Brian\u00e7on, qui ont rejoint le Pau FC cet \u00e9t\u00e9, viennent encore grandir\u00a0le\u00a0nombre\u00a0d\u00e9j\u00e0\u00a0important de joueurs avec qui \u00ab\u00a0Jeannot\u00a0\u00bb a d\u00e9j\u00e0 \u00e9volu\u00e9 dans l\u2019axe de la d\u00e9fense en B\u00e9arn (Kouassi, Batisse, Ahoussou, Kant\u00e9, Meddah)\u00a0: \u00ab\u00a0Le fait que\u00a0Setigui\u00a0et\u00a0Anthony aient\u00a0de l\u2019exp\u00e9rience\u00a0rend les choses plus simples.\u00a0C\u2019est toujours bien d\u2019avoir des joueurs avec de la bouteille qui peuvent enrichir le groupe, donner\u00a0des conseils aux jeunes, parler. Je le vois d\u2019un bon \u0153il.\u00a0\u00bb<\/p>\n","protected":false},"excerpt":{"rendered":"Si vous avez la chance de croiser Jean Ruiz au d\u00e9tour d\u2019une rue de la Cit\u00e9 royale, vous&hellip;\n","protected":false},"author":2,"featured_media":304953,"comment_status":"","ping_status":"","sticky":false,"template":"","format":"standard","meta":{"footnotes":""},"categories":[1412],"tags":[1451,1452,1453,1454,1455,1011,27,60],"class_list":{"0":"post-304952","1":"post","2":"type-post","3":"status-publish","4":"format-standard","5":"has-post-thumbnail","7":"category-f1","8":"tag-f1","9":"tag-formula-1","10":"tag-formula1","11":"tag-formule-1","12":"tag-formule1","13":"tag-fr","14":"tag-france","15":"tag-sports"},"share_on_mastodon":{"url":"https:\/\/pubeurope.com\/@fr\/114992881646826018","error":""},"_links":{"self":[{"href":"https:\/\/www.europesays.com\/fr\/wp-json\/wp\/v2\/posts\/304952","targetHints":{"allow":["GET"]}}],"collection":[{"href":"https:\/\/www.europesays.com\/fr\/wp-json\/wp\/v2\/posts"}],"about":[{"href":"https:\/\/www.europesays.com\/fr\/wp-json\/wp\/v2\/types\/post"}],"author":[{"embeddable":true,"href":"https:\/\/www.europesays.com\/fr\/wp-json\/wp\/v2\/users\/2"}],"replies":[{"embeddable":true,"href":"https:\/\/www.europesays.com\/fr\/wp-json\/wp\/v2\/comments?post=304952"}],"version-history":[{"count":0,"href":"https:\/\/www.europesays.com\/fr\/wp-json\/wp\/v2\/posts\/304952\/revisions"}],"wp:featuredmedia":[{"embeddable":true,"href":"https:\/\/www.europesays.com\/fr\/wp-json\/wp\/v2\/media\/304953"}],"wp:attachment":[{"href":"https:\/\/www.europesays.com\/fr\/wp-json\/wp\/v2\/media?parent=304952"}],"wp:term":[{"taxonomy":"category","embeddable":true,"href":"https:\/\/www.europesays.com\/fr\/wp-json\/wp\/v2\/categories?post=304952"},{"taxonomy":"post_tag","embeddable":true,"href":"https:\/\/www.europesays.com\/fr\/wp-json\/wp\/v2\/tags?post=304952"}],"curies":[{"name":"wp","href":"https:\/\/api.w.org\/{rel}","templated":true}]}}