{"id":304960,"date":"2025-08-08T11:24:11","date_gmt":"2025-08-08T11:24:11","guid":{"rendered":"https:\/\/www.europesays.com\/fr\/304960\/"},"modified":"2025-08-08T11:24:11","modified_gmt":"2025-08-08T11:24:11","slug":"il-debourse-170-e-pour-une-aquarelle-sans-valeur-apparente-cetait-une-oeuvre-de-salvador-dali-revendue-30-000-euros-aux-encheres","status":"publish","type":"post","link":"https:\/\/www.europesays.com\/fr\/304960\/","title":{"rendered":"il d\u00e9bourse 170 \u20ac pour une aquarelle sans valeur apparente\u2026 c\u2019\u00e9tait une oeuvre de Salvador Dali revendue 30 000 euros aux ench\u00e8res"},"content":{"rendered":"<p>Lors d\u2019un vide-grenier, un antiquaire ach\u00e8te pour 170\u20ac une \u0153uvre sans pr\u00e9tention. Deux ans plus tard, elle est authentifi\u00e9e comme un Salvador Dal\u00ed et s\u2019appr\u00eate \u00e0 \u00eatre vendue aux ench\u00e8res pour pr\u00e8s de 30 000\u20ac.<\/p>\n<p>L\u2019histoire aurait pu rester celle d\u2019un achat anodin, rel\u00e9gu\u00e9 au fond d\u2019un garage. Pourtant, elle prend une tournure surr\u00e9aliste digne du ma\u00eetre catalan lui-m\u00eame. En 2023, un antiquaire britannique tombe sur une <strong>aquarelle<\/strong> intrigante lors d\u2019un vide-grenier \u00e0 Cambridge. Pour 150 livres sterling, soit environ 170 \u20ac, il repart avec ce tableau oubli\u00e9, intitul\u00e9 Vecchio Sultano. Ce n\u2019est qu\u2019apr\u00e8s l\u2019avoir fait authentifier qu\u2019il d\u00e9couvre qu\u2019il s\u2019agit bien d\u2019une \u0153uvre originale de <strong>Salvador Dal\u00ed<\/strong>, r\u00e9alis\u00e9e en 1966 dans le cadre du projet Mille et une nuits.<\/p>\n<p> \t\t\t  Vide-grenier : une \u0153uvre oubli\u00e9e qui refait surface   Une aquarelle n\u00e9glig\u00e9e dans un garage  <\/p>\n<p>Rel\u00e9gu\u00e9e pendant des ann\u00e9es dans un garage, l\u2019aquarelle \u00e9chappe \u00e0 toute attention. Son apparence discr\u00e8te, loin des extravagances surr\u00e9alistes de Salvador Dal\u00ed, contribue \u00e0 son invisibilit\u00e9. Le portrait d\u2019un sultan au turban, trait\u00e9 dans un style sobre et orientaliste, ne laisse rien transpara\u00eetre de son <strong>origine prestigieuse<\/strong>. Ce d\u00e9calage esth\u00e9tique, alli\u00e9 \u00e0 l\u2019absence de signature visible, condamne l\u2019<strong>\u0153uvre<\/strong> \u00e0 l\u2019oubli, jusqu\u2019\u00e0 ce qu\u2019un regard averti en r\u00e9v\u00e8le le potentiel.<\/p>\n<p>     Un achat instinctif lors d\u2019un vide-grenier  <\/p>\n<p>Face \u00e0 cette aquarelle expos\u00e9e sans pr\u00e9tention, l\u2019<strong>antiquaire<\/strong> ne s\u2019appuie ni sur une expertise ni sur une provenance certifi\u00e9e. Ce qui le guide, c\u2019est une intuition nourrie par l\u2019exp\u00e9rience. Il observe la finesse du trait, l\u2019\u00e9quilibre des couleurs et une \u00e9tranget\u00e9 famili\u00e8re dans la composition. Pour 150 livres sterling, soit 170 \u20ac il acquiert l\u2019\u0153uvre sans garantie, mais avec la conviction qu\u2019elle m\u00e9rite d\u2019\u00eatre examin\u00e9e, pr\u00e9cise <a href=\"https:\/\/www.lindependant.fr\/2025\/08\/04\/il-achete-une-aquarelle-170-euros-dans-un-vide-grenier-authentifiee-loeuvre-est-signee-salvador-dali-et-sera-revendue-30-000-euros-aux-encheres-12860026.php\" target=\"_blank\" rel=\"noopener nofollow\">L\u2019Ind\u00e9pendant<\/a>. Ce geste, \u00e0 la fois spontan\u00e9 et \u00e9clair\u00e9, amorce une <strong>red\u00e9couverte inattendue<\/strong>.<\/p>\n<p>  Une signature r\u00e9v\u00e9l\u00e9e, une \u0153uvre authentifi\u00e9e  <\/p>\n<p>Les v\u00e9rifications men\u00e9es par des experts confirment l\u2019origine de l\u2019aquarelle. Elle est bel et bien une <strong>cr\u00e9ation de Salvador Dal\u00ed<\/strong>, r\u00e9alis\u00e9e en 1966 dans le cadre du projet Mille et une nuits. Ce cycle, interrompu apr\u00e8s une centaine de pi\u00e8ces, m\u00ealait imagerie orientale et interpr\u00e9tation personnelle des r\u00e9cits mythiques, explique <a href=\"https:\/\/www.ouest-france.fr\/europe\/royaume-uni\/il-vend-une-toile-oubliee-dans-son-garage-pour-170-euros-il-sagissait-dun-dali-valant-200-fois-plus-a2cb2ae0-71e6-11f0-be2d-d5b6d9b48722\" target=\"_blank\" rel=\"noopener nofollow\">Ouest-France<\/a>. L\u2019\u0153uvre, longtemps \u00e9gar\u00e9e, retrouve sa <strong>l\u00e9gitimit\u00e9 artistique<\/strong> et voit sa valeur multipli\u00e9e par deux cents. Elle s\u2019appr\u00eate d\u00e9sormais \u00e0 rejoindre le march\u00e9 des ench\u00e8res avec une estimation de 30 000 livres sterling.<\/p>\n<p>     Une red\u00e9couverte d\u2019une \u0153uvre oubli\u00e9e qui fait sensation   Une mise aux ench\u00e8res attendue  <\/p>\n<p>L\u2019aquarelle <strong>Vecchio Sultano<\/strong> s\u2019appr\u00eate \u00e0 entrer dans une nouvelle phase de son histoire. En octobre prochain, elle sera pr\u00e9sent\u00e9e lors de la <a href=\"https:\/\/www.pleinevie.fr\/conso-argent\/ventes-aux-encheres-comment-faire-de-bonnes-affaires-les-conseils-de-lexpert-harold-hessel-daffaire-conclue-138488.html\" target=\"_blank\" rel=\"noopener nofollow\">vente aux ench\u00e8res<\/a> d\u2019art et de design organis\u00e9e par Cheffins, \u00e0 Cambridge. Les experts, s\u00e9duits par sa raret\u00e9 et son origine, estiment qu\u2019elle pourrait atteindre jusqu\u2019\u00e0 30 000 livres sterling, soit pr\u00e8s de 35 000 \u20ac. Ce bond spectaculaire, multipliant par deux cents son prix d\u2019achat initial, attise la curiosit\u00e9 des <strong>collectionneurs<\/strong> et ravive l\u2019int\u00e9r\u00eat pour les \u0153uvres moins connues de Salvador Dal\u00ed.<\/p>\n<p>  Un projet oubli\u00e9 qui refait surface  <\/p>\n<p>Con\u00e7u dans les ann\u00e9es 1960, le projet Mille et une nuits devait r\u00e9unir 500 \u0153uvres inspir\u00e9es des r\u00e9cits orientaux. Salvador Dal\u00ed, fascin\u00e9 par l\u2019imaginaire mystique et les figures l\u00e9gendaires, entame cette s\u00e9rie avant de l\u2019abandonner sans explication, apr\u00e8s une centaine de pi\u00e8ces. Vecchio Sultano, l\u2019un des rares vestiges de ce cycle, r\u00e9appara\u00eet aujourd\u2019hui comme un t\u00e9moin pr\u00e9cieux d\u2019une p\u00e9riode m\u00e9connue. Sa red\u00e9couverte invite \u00e0 reconsid\u00e9rer l\u2019\u00e9tendue de l\u2019<strong>\u0153uvre dalinienne<\/strong>, au-del\u00e0 des ic\u00f4nes surr\u00e9alistes.<\/p>\n<p>     Une le\u00e7on sur la valeur cach\u00e9e des objets  <\/p>\n<p>Cette histoire illustre avec force que l\u2019<strong>art<\/strong> ne se r\u00e9v\u00e8le pas toujours dans les galeries ou les mus\u00e9es. Une \u0153uvre oubli\u00e9e, rel\u00e9gu\u00e9e dans un garage, peut contenir une signature majeure et une histoire enfouie. Elle rappelle aussi que l\u2019intuition, la sensibilit\u00e9 au d\u00e9tail et la capacit\u00e9 \u00e0 voir au-del\u00e0 des apparences sont des qualit\u00e9s essentielles dans le monde de l\u2019art. Derri\u00e8re cette aquarelle n\u00e9glig\u00e9e, c\u2019est une <strong>m\u00e9moire artistique<\/strong> qui ressurgit, port\u00e9e par le regard d\u2019un amateur \u00e9clair\u00e9.<\/p>\n","protected":false},"excerpt":{"rendered":"Lors d\u2019un vide-grenier, un antiquaire ach\u00e8te pour 170\u20ac une \u0153uvre sans pr\u00e9tention. Deux ans plus tard, elle est&hellip;\n","protected":false},"author":2,"featured_media":304961,"comment_status":"","ping_status":"","sticky":false,"template":"","format":"standard","meta":{"footnotes":""},"categories":[1358],"tags":[1348,1384,1385,10281,1386,58,59,1011,27],"class_list":{"0":"post-304960","1":"post","2":"type-post","3":"status-publish","4":"format-standard","5":"has-post-thumbnail","7":"category-arts-et-design","8":"tag-arts","9":"tag-arts-and-design","10":"tag-arts-et-design","11":"tag-buzz-nonli","12":"tag-design","13":"tag-divertissement","14":"tag-entertainment","15":"tag-fr","16":"tag-france"},"share_on_mastodon":{"url":"https:\/\/pubeurope.com\/@fr\/114992897498288382","error":""},"_links":{"self":[{"href":"https:\/\/www.europesays.com\/fr\/wp-json\/wp\/v2\/posts\/304960","targetHints":{"allow":["GET"]}}],"collection":[{"href":"https:\/\/www.europesays.com\/fr\/wp-json\/wp\/v2\/posts"}],"about":[{"href":"https:\/\/www.europesays.com\/fr\/wp-json\/wp\/v2\/types\/post"}],"author":[{"embeddable":true,"href":"https:\/\/www.europesays.com\/fr\/wp-json\/wp\/v2\/users\/2"}],"replies":[{"embeddable":true,"href":"https:\/\/www.europesays.com\/fr\/wp-json\/wp\/v2\/comments?post=304960"}],"version-history":[{"count":0,"href":"https:\/\/www.europesays.com\/fr\/wp-json\/wp\/v2\/posts\/304960\/revisions"}],"wp:featuredmedia":[{"embeddable":true,"href":"https:\/\/www.europesays.com\/fr\/wp-json\/wp\/v2\/media\/304961"}],"wp:attachment":[{"href":"https:\/\/www.europesays.com\/fr\/wp-json\/wp\/v2\/media?parent=304960"}],"wp:term":[{"taxonomy":"category","embeddable":true,"href":"https:\/\/www.europesays.com\/fr\/wp-json\/wp\/v2\/categories?post=304960"},{"taxonomy":"post_tag","embeddable":true,"href":"https:\/\/www.europesays.com\/fr\/wp-json\/wp\/v2\/tags?post=304960"}],"curies":[{"name":"wp","href":"https:\/\/api.w.org\/{rel}","templated":true}]}}