{"id":304962,"date":"2025-08-08T11:25:32","date_gmt":"2025-08-08T11:25:32","guid":{"rendered":"https:\/\/www.europesays.com\/fr\/304962\/"},"modified":"2025-08-08T11:25:32","modified_gmt":"2025-08-08T11:25:32","slug":"les-meilleures-ventes-des-librairies-la-procure-2","status":"publish","type":"post","link":"https:\/\/www.europesays.com\/fr\/304962\/","title":{"rendered":"les meilleures ventes des librairies La Procure"},"content":{"rendered":"<p>Essais, romans, biographies\u2026 Retrouvez le classement des meilleures ventes de livres du 1er au 7 ao\u00fbt 2025 dans les librairies La Procure. Un choix de lectures inspirantes parmi les ouvrages publi\u00e9s ces quatre derniers mois.1<strong class=\"RichList_strong__koiGs\">LA FOI EST UN VOYAGE : M\u00c9DITATIONS POUR LES VOYAGEURS ET LES P\u00c8LERINS<\/strong><img alt=\"LA-FOI-EST-UN-VOYAGE-LIVRE-PAPE-FRANCOIS\" loading=\"lazy\" width=\"295\" height=\"463\" decoding=\"async\" data-nimg=\"1\" class=\"ImageBlock_image__Y5gng\" style=\"color:transparent\"   src=\"https:\/\/www.europesays.com\/fr\/wp-content\/uploads\/2025\/08\/LA-FOI-EST-UN-VOYAGE-LIVRE-PAPE-FRANCOIS.jpg\"\/><\/p>\n<p>\u00c9ditions des \u00c9quateurs<\/p>\n<p><strong>R\u00e9sum\u00e9<\/strong>\u00a0:\u00a0Pape Fran\u00e7ois, \u00c9ditions des \u00c9quateurs, juin\u00a02025.\u00a0Le pape Fran\u00e7ois livre sa philosophie du voyage en \u00e9voquant le chemin de J\u00e9sus. Il explique l&rsquo;importance de marcher dans l&rsquo;esprit et non en tant que touriste existentiel.\u00a0<a href=\"https:\/\/www.laprocure.com\/product\/1890597\/francois-la-foi-est-un-voyage-meditations-pour-les-voyageurs-et-les-pelerins?ae=5\" target=\"_blank\" rel=\"noreferrer noopener nofollow\">Retrouvez-le en librairie.<\/a><\/p>\n<p>2<strong class=\"RichList_strong__koiGs\">Mon vrai nom est Elisabeth<\/strong><br \/>\n<img decoding=\"async\" src=\"https:\/\/www.europesays.com\/fr\/wp-content\/uploads\/2025\/07\/MON-VRAI-NOM-EST-ELISABETH-ADELE-YON-LIVRE.jpg\" alt=\"MON-VRAI-NOM-EST-ELISABETH-ADELE-YON-LIVRE\" class=\"wp-image-1023793\" style=\"width:304px;height:auto\"\/><\/p>\n<p><strong>R\u00e9sum\u00e9\u00a0<\/strong>:\u00a0Ad\u00e8le Yon, \u00c9ditions du Sous-sol, f\u00e9vrier\u00a02025. La narratrice, chercheuse, se met en qu\u00eate de r\u00e9ponses sur son arri\u00e8re-grand-m\u00e8re Elisabeth, morte avant sa naissance. D&rsquo;elle, elle ne sait pas grand-chose si ce n&rsquo;est qu&rsquo;apr\u00e8s avoir \u00e9t\u00e9 diagnostiqu\u00e9e schizophr\u00e8ne, elle a \u00e9t\u00e9 lobotomis\u00e9e dans les ann\u00e9es 1950. Prix litt\u00e9raire du Nouvel Obs 2025, prix Essai France T\u00e9l\u00e9visions 2025. Mon vrai nom est Elisabeth\u00a0est un premier livre poignant \u00e0 la lisi\u00e8re de diff\u00e9rents genres\u00a0: l&rsquo;enqu\u00eate familiale, le r\u00e9cit de soi, le\u00a0road-trip, l&rsquo;essai. \u00c0 travers la voix de la narratrice, les archives et les entretiens, se d\u00e9ploient diff\u00e9rentes histoires, celles du poids de l&rsquo;h\u00e9r\u00e9dit\u00e9, des violences faites aux femmes, de la psychiatrie du XXe\u00a0si\u00e8cle, d&rsquo;une famille nombreuse et bourgeoise renfermant son lot de secrets.\u00a0<a href=\"https:\/\/www.laprocure.com\/product\/1719646\/yon-adele-mon-vrai-nom-est-elisabeth?ae=5\" target=\"_blank\" rel=\"noopener nofollow\" title=\"\">Retrouvez-le en librairie.<\/a><\/p>\n<p>3<strong class=\"RichList_strong__koiGs\">L\u00e9on Xiv : L&rsquo;Ap\u00f4tre De La Paix<\/strong><img alt=\"LEON-XIV-SAMUEL-PRUVOT-LIVRE-SALVATOR\" loading=\"lazy\" width=\"298\" height=\"458\" decoding=\"async\" data-nimg=\"1\" class=\"ImageBlock_image__Y5gng\" style=\"color:transparent\"   src=\"https:\/\/www.europesays.com\/fr\/wp-content\/uploads\/2025\/08\/1754652322_521_LEON-XIV-SAMUEL-PRUVOT-LIVRE-SALVATOR.jpg\"\/><\/p>\n<p>Salvator<\/p>\n<p><strong>R\u00e9sum\u00e9\u00a0:\u00a0<\/strong>Samuel Pruvot et Marc Leboucher, Salvator, mai\u00a02025.\u00a0Lorsqu&rsquo;il entre en conclave le mercredi 7 mai 2025, \u00e0 la suite de la mort de Fran\u00e7ois, le cardinal Robert Francis Prevost se doute-t-il qu&rsquo;il sera \u00e9lu pape le lendemain ? Am\u00e9ricain n\u00e9 aux \u00c9tats-Unis, issu d&rsquo;une famille multiculturelle, missionnaire avant de devenir \u00e9v\u00eaque au P\u00e9rou et pr\u00e9fet de la congr\u00e9gation des \u00e9v\u00eaques \u00e0 Rome, ce ne sont pas les moindres traits de cette \u00e9lection surprise. Une nouvelle page s&rsquo;ouvre dans l&rsquo;histoire de la papaut\u00e9. Qui est vraiment L\u00e9on XIV ? Comment comprendre le parcours de cet homme affable et discret, la spiritualit\u00e9 de saint Augustin qui le porte, les circonstances de son accession \u00e0 la chaire de saint Pierre ? Celui qui s&rsquo;est pr\u00e9sent\u00e9 d&#8217;embl\u00e9e comme un ap\u00f4tre de paix et d&rsquo;amour saura-t-il r\u00e9pondre aux formidables d\u00e9fis lanc\u00e9s \u00e0 l&rsquo;\u00c9glise, dans le monde boulevers\u00e9 qui est le n\u00f4tre ? Il en va de l&rsquo;avenir de la mission et de l&rsquo;\u00c9vangile.\u00a0<a href=\"https:\/\/www.laprocure.com\/product\/1876798\/samuel-pruvot-leon-xiv-l-apotre-de-la-paix?ae=5\" target=\"_blank\" rel=\"noreferrer noopener nofollow\">Retrouvez-le en librairie<\/a>.<\/p>\n<p><img alt=\"[REPORTAGE] Place Saint-Pierre, le peuple de Dieu rencontre son nouveau pape\" loading=\"lazy\" width=\"150\" height=\"75\" decoding=\"async\" data-nimg=\"1\" class=\"ReadAlso_image__4jOEF\" style=\"color:transparent\"   src=\"https:\/\/www.europesays.com\/fr\/wp-content\/uploads\/2025\/08\/VATICAN-POPE-CONCLAVE-RELIGION-2025-03.jpeg\"\/>4<strong class=\"RichList_strong__koiGs\">Une nuit au cap de la ch\u00e8vre<\/strong><br \/>\n<img decoding=\"async\" src=\"https:\/\/www.europesays.com\/fr\/wp-content\/uploads\/2025\/04\/Une-nuit-au-cap-de-la-Chevre.jpg\" alt=\"Une nuit au cap de la Ch\u00e8vre\" class=\"wp-image-993940\" style=\"width:319px;height:auto\"\/><\/p>\n<p><strong>R\u00e9sum\u00e9\u00a0<\/strong>:\u00a0Fran\u00e7ois Cheng, Albin Michel, f\u00e9vrier\u00a02025.\u00a0Invit\u00e9 \u00e0 s\u00e9journer dans une maison situ\u00e9e sur le cap de la Ch\u00e8vre, \u00e0 la pointe sud de la presqu&rsquo;\u00eele de Crozon, l&rsquo;\u00e9crivain, r\u00e9veill\u00e9 par le bruit de la mer, sort par une nuit de pleine lune. Il plonge alors dans une m\u00e9ditation sur la vie, la mort, l&rsquo;Univers et sur son propre destin de po\u00e8te orphique, qu&rsquo;il retranscrit en une vingtaine de po\u00e8mes.\u00a0<a href=\"https:\/\/www.laprocure.com\/product\/1692235\/cheng-francois-une-nuit-au-cap-de-la-chevre?srsltid=AfmBOorGywhOGgCMm9sM8R78B_SOGQbEinniX1sJLgjj5M_p-DCRDMAI?ae=5\" target=\"_blank\" rel=\"noreferrer noopener nofollow\">Retrouvez-le en librairie<\/a>.<\/p>\n<p><img alt=\"D\u2019o\u00f9 vient la beaut\u00e9 ? L\u2019explication lumineuse de Fran\u00e7ois Cheng\" loading=\"lazy\" width=\"150\" height=\"75\" decoding=\"async\" data-nimg=\"1\" class=\"ReadAlso_image__4jOEF\" style=\"color:transparent\"   src=\"https:\/\/www.europesays.com\/fr\/wp-content\/uploads\/2025\/08\/web2-francois-cheng-capture-france-5.jpg\"\/>5<strong class=\"RichList_strong__koiGs\">Le buveur de brume<\/strong><img alt=\"LE-BUVEUR-DE-BRUME-GUILLAUME-GALLIENNE-STOCK\" loading=\"lazy\" width=\"351\" height=\"535\" decoding=\"async\" data-nimg=\"1\" class=\"ImageBlock_image__Y5gng\" style=\"color:transparent\"   src=\"https:\/\/www.europesays.com\/fr\/wp-content\/uploads\/2025\/08\/LE-BUVEUR-DE-BRUME-GUILLAUME-GALLIENNE-STOCK.jpg\"\/><\/p>\n<p>Stock<\/p>\n<p><strong>R\u00e9sum\u00e9 <\/strong>: Guillaume Gallienne, Stock, mai 2025. Alors qu&rsquo;il devait \u00eatre accueilli au Mus\u00e9e national de Tbilissi, G. Galienne est finalement attendu \u00e0 la Galerie nationale, o\u00f9 le portrait de son arri\u00e8re-grand-m\u00e8re, la princesse M\u00e9lita Cholokachvili, dite Babou, a \u00e9t\u00e9 d\u00e9plac\u00e9. Contraint de renoncer aux promesses qu&rsquo;il projetait dans cette nuit, il ne dialogue pas comme il l&rsquo;esp\u00e9rait avec les oeuvres mais avec sa part g\u00e9orgienne l\u00e9gu\u00e9e par Babou.\u00a0<a href=\"https:\/\/www.laprocure.com\/product\/1782896\/gallienne-guillaume-le-buveur-de-brume?ae=5\" target=\"_blank\" rel=\"noopener nofollow\" title=\"\">Retrouvez-le en librairie.<\/a> <\/p>\n<p>6<strong class=\"RichList_strong__koiGs\">L\u00c9ON XIV : LA PAIX SOIT AVEC VOUS TOUS !<\/strong><br \/>\n<img decoding=\"async\" src=\"https:\/\/www.europesays.com\/fr\/wp-content\/uploads\/2025\/06\/benjamin-rosier-livre-leon-XIV.jpg\" alt=\"\" class=\"wp-image-1015914\" style=\"width:394px;height:auto\"\/><\/p>\n<p><strong>R\u00e9sum\u00e9\u00a0<\/strong>:\u00a0Benjamin Rosier, Mame, mai\u00a02025.\u00a0Apr\u00e8s l&rsquo;\u00e9lection du nouveau pape, un point sur le parcours humain, spirituel et eccl\u00e9sial de L\u00e9on XIV. L&rsquo;auteur pr\u00e9sente sa biographie, les rencontres qui ont marqu\u00e9 sa spiritualit\u00e9, les grands enjeux et d\u00e9fis de son pontificat ainsi qu&rsquo;une s\u00e9lection de pri\u00e8res de la tradition ch\u00e8res \u00e0 son c\u0153ur.\u00a0<a href=\"https:\/\/www.laprocure.com\/product\/1889863\/rosier-benjamin-leon-xiv-la-paix-soit-avec-vous-tous-connaitre-le-nouveau-pape-le-suivre-et-prier-avec-lui?ae=5\" target=\"_blank\" rel=\"noopener nofollow\" title=\"\">Retrouvez-le en librairie.<\/a><\/p>\n<p><img alt=\"8\u00a0mai 2025, jour de l\u2019\u00e9lection de L\u00e9on XIV, une date riche en symboles\" loading=\"lazy\" width=\"150\" height=\"75\" decoding=\"async\" data-nimg=\"1\" class=\"ReadAlso_image__4jOEF\" style=\"color:transparent\"   src=\"https:\/\/www.europesays.com\/fr\/wp-content\/uploads\/2025\/08\/1754652328_548_VATICAN-RELIGION-Leo-XIV-CONCLAVE-2025-Antoine-Mekary-ALETEIA-AM_9270.jpg\"\/>7<strong class=\"RichList_strong__koiGs\">CHASTET\u00c9 : UNE R\u00c9CONCILIATION DES SENS<\/strong><br \/>\n<img decoding=\"async\" src=\"https:\/\/www.europesays.com\/fr\/wp-content\/uploads\/2025\/08\/Chastete-Une-Reconciliation-Des-Sens.jpeg\" alt=\"Chastete - Une Reconciliation Des Sens\" class=\"wp-image-1022698\" style=\"width:308px;height:auto\"\/><\/p>\n<p><strong>R\u00e9sum\u00e9\u00a0<\/strong>:\u00a0Erik Varden, Art\u00e8ge, juin 2025. Dans cet essai, Mgr Varden propose une vision lib\u00e9ratrice de la chastet\u00e9, non comme contrainte mais comme chemin de r\u00e9conciliation int\u00e9rieure. Il revisite le p\u00e9ch\u00e9 originel ainsi que notre relation au corps, offrant ainsi une approche incarn\u00e9e et spirituelle de la qu\u00eate de pl\u00e9nitude humaine.\u00a0<a href=\"https:\/\/www.laprocure.com\/product\/1854369\/varden-erik-chastete-une-reconciliation-des-sens?srsltid=AfmBOopBBzyQ5pg-VQyeLERvhyC8myP1UUN8xZDaclPrem-GHNNQPKsK?ae=5\" target=\"_blank\" rel=\"noreferrer noopener nofollow\">Retrouvez-le en librairie<\/a>.<\/p>\n<p><img alt=\"La chastet\u00e9 avant le mariage a-t-elle encore un sens aujourd\u2019hui ?\" loading=\"lazy\" width=\"150\" height=\"75\" decoding=\"async\" data-nimg=\"1\" class=\"ReadAlso_image__4jOEF\" style=\"color:transparent\"   src=\"https:\/\/www.europesays.com\/fr\/wp-content\/uploads\/2025\/08\/COUPLE-SMILE-HAPPY-TALKING.jpg\"\/>8<strong class=\"RichList_strong__koiGs\">UN \u00c9T\u00c9 AVEC ALEXANDRE DUMAS<\/strong><br \/>\n<img decoding=\"async\" src=\"https:\/\/www.europesays.com\/fr\/wp-content\/uploads\/2025\/07\/UN-ETE-AVEC-ALEXANDRE-DUMAS-EDITIONS-DE-L-EQUATEUR-LIVRE-RUFIN.jpg\" alt=\"UN-ETE-AVEC-ALEXANDRE-DUMAS-EDITIONS-DE-L-EQUATEUR-LIVRE-RUFIN\" class=\"wp-image-1011376\" style=\"width:339px;height:auto\"\/><\/p>\n<p><strong>R\u00e9sum\u00e9<\/strong>\u00a0:\u00a0<strong>\u00a0<\/strong>Jean-Christophe Rufin,\u00a0\u00c9dition des \u00c9quateurs, mai 2025. Adapt\u00e9e d&rsquo;une s\u00e9rie d&rsquo;\u00e9missions diffus\u00e9es sur France Inter, une d\u00e9couverte d&rsquo;Alexandre Dumas et de son \u0153uvre, qui est loin de se r\u00e9duire au c\u00e9l\u00e8bre roman Les trois mousquetaires.\u00a0<a href=\"https:\/\/www.laprocure.com\/product\/1791706\/rufin-jean-christophe-un-ete-avec-alexandre-dumas?ae=5\" target=\"_blank\" rel=\"noreferrer noopener nofollow\">Retrouvez-le en librairie<\/a>.<\/p>\n<p>9<strong class=\"RichList_strong__koiGs\">L&rsquo;HEURE DES PR\u00e9DATEURS<\/strong><br \/>\n<img decoding=\"async\" src=\"https:\/\/www.europesays.com\/fr\/wp-content\/uploads\/2025\/04\/Giuliano-Da-Empoli-livre.jpeg\" alt=\"\" class=\"wp-image-1000090\" style=\"width:346px;height:auto\"\/><\/p>\n<p><strong>R\u00e9sum\u00e9<\/strong>\u00a0:\u00a0Giuliano Da Empoli, Gallimard, avril\u00a02025.\u00a0Roman dans lequel un scribe azt\u00e8que d\u00e9crit la conqu\u00eate du pouvoir par les pr\u00e9dateurs que sont, entre autres, les autocrates et les seigneurs de la Tech.\u00a0<a href=\"https:\/\/www.laprocure.com\/product\/1789943\/da-empoli-giuliano-l-heure-des-predateurs?ae=5\" target=\"_blank\" rel=\"noreferrer noopener nofollow\">Retrouvez-le en librairie<\/a>.<\/p>\n<p>10<strong class=\"RichList_strong__koiGs\">NIC\u00c9E : 1.700 ANS D&rsquo;HISTOIRE<\/strong><img alt=\"LIVRE-NICEE-CERF\" loading=\"lazy\" width=\"354\" height=\"546\" decoding=\"async\" data-nimg=\"1\" class=\"ImageBlock_image__Y5gng\" style=\"color:transparent\"   src=\"https:\/\/www.europesays.com\/fr\/wp-content\/uploads\/2025\/08\/1754652332_738_LIVRE-NICEE-CERF.jpg\"\/><\/p>\n<p>Editions du Cerf<\/p>\n<p><strong>R\u00e9sum\u00e9\u00a0<\/strong>:\u00a0Claire Reggio, \u00c9ditions du Cerf, mars 2025. En 325, l&#8217;empereur Constantin convoque le concile de Nic\u00e9e afin de restaurer la paix menac\u00e9e par l&rsquo;h\u00e9r\u00e9sie arienne. Cet \u00e9v\u00e9nement essentiel de l&rsquo;histoire du christianisme est recontextualis\u00e9, l&rsquo;auteure d\u00e9crivant ses acteurs et analysant ses d\u00e9cisions th\u00e9ologiques ainsi que leur r\u00e9ception dans la chr\u00e9tient\u00e9.\u00a0<a href=\"https:\/\/www.laprocure.com\/product\/1699329\/reggio-claire-nicee-1-700-ans-d-histoire?ae=5\" target=\"_blank\" rel=\"noreferrer noopener nofollow\">Retrouvez-le en librairie<\/a>.<\/p>\n<p><img alt=\"1.700 ans apr\u00e8s, que reste-t-il du concile de Nic\u00e9e\u00a0?\" loading=\"lazy\" width=\"150\" height=\"75\" decoding=\"async\" data-nimg=\"1\" class=\"ReadAlso_image__4jOEF\" style=\"color:transparent\"   src=\"https:\/\/www.europesays.com\/fr\/wp-content\/uploads\/2025\/08\/1754652332_689_CONCILE-DE-NICEE-DOMAINE-PUBLIC.jpg\"\/><\/p>\n","protected":false},"excerpt":{"rendered":"Essais, romans, biographies\u2026 Retrouvez le classement des meilleures ventes de livres du 1er au 7 ao\u00fbt 2025 dans&hellip;\n","protected":false},"author":2,"featured_media":304963,"comment_status":"","ping_status":"","sticky":false,"template":"","format":"standard","meta":{"footnotes":""},"categories":[1357],"tags":[1379,58,59,1011,27,1380],"class_list":{"0":"post-304962","1":"post","2":"type-post","3":"status-publish","4":"format-standard","5":"has-post-thumbnail","7":"category-livres","8":"tag-books","9":"tag-divertissement","10":"tag-entertainment","11":"tag-fr","12":"tag-france","13":"tag-livres"},"share_on_mastodon":{"url":"https:\/\/pubeurope.com\/@fr\/114992901601714986","error":""},"_links":{"self":[{"href":"https:\/\/www.europesays.com\/fr\/wp-json\/wp\/v2\/posts\/304962","targetHints":{"allow":["GET"]}}],"collection":[{"href":"https:\/\/www.europesays.com\/fr\/wp-json\/wp\/v2\/posts"}],"about":[{"href":"https:\/\/www.europesays.com\/fr\/wp-json\/wp\/v2\/types\/post"}],"author":[{"embeddable":true,"href":"https:\/\/www.europesays.com\/fr\/wp-json\/wp\/v2\/users\/2"}],"replies":[{"embeddable":true,"href":"https:\/\/www.europesays.com\/fr\/wp-json\/wp\/v2\/comments?post=304962"}],"version-history":[{"count":0,"href":"https:\/\/www.europesays.com\/fr\/wp-json\/wp\/v2\/posts\/304962\/revisions"}],"wp:featuredmedia":[{"embeddable":true,"href":"https:\/\/www.europesays.com\/fr\/wp-json\/wp\/v2\/media\/304963"}],"wp:attachment":[{"href":"https:\/\/www.europesays.com\/fr\/wp-json\/wp\/v2\/media?parent=304962"}],"wp:term":[{"taxonomy":"category","embeddable":true,"href":"https:\/\/www.europesays.com\/fr\/wp-json\/wp\/v2\/categories?post=304962"},{"taxonomy":"post_tag","embeddable":true,"href":"https:\/\/www.europesays.com\/fr\/wp-json\/wp\/v2\/tags?post=304962"}],"curies":[{"name":"wp","href":"https:\/\/api.w.org\/{rel}","templated":true}]}}