{"id":304964,"date":"2025-08-08T11:26:10","date_gmt":"2025-08-08T11:26:10","guid":{"rendered":"https:\/\/www.europesays.com\/fr\/304964\/"},"modified":"2025-08-08T11:26:10","modified_gmt":"2025-08-08T11:26:10","slug":"cyril-hanouna-devoile-le-plateau-flambant-neuf-de-tout-beau-tout-fun","status":"publish","type":"post","link":"https:\/\/www.europesays.com\/fr\/304964\/","title":{"rendered":"Cyril Hanouna d\u00e9voile le plateau flambant neuf de \u00abTout beau, tout fun\u00bb"},"content":{"rendered":"<p><strong>VID\u00c9O &#8211;<\/strong> Sur son compte X, l\u2019animateur et producteur continue de distiller des informations concernant sa quotidienne sur W9 mais \u00e9galement celle sur Fun Radio.<\/p>\n<p class=\"fig-paragraph\">La rentr\u00e9e approche pour\u00a0<a href=\"https:\/\/www.lefigaro.fr\/tag\/cyril-hanouna\" target=\"_blank\" rel=\"noopener nofollow\" data-gtm-custom-categorie=\"navigation\" data-gtm-custom-action=\"crossclick\" data-gtm-custom-label=\"Contextuel\" data-gtm-event=\"customEventSPE\"><strong>Cyril Hanouna<\/strong><\/a> . Le 1er septembre, l\u2019ancien animateur phare de (feu) C8 lancera sa nouvelle \u00e9mission\u00a0<a href=\"http:\/\/tvmag.lefigaro.fr\/programme-tv\/actu-tele\/c-est-fini-la-gaudriole-la-premiere-bande-annonce-de-tout-beau-tout-9-la-nouvelle-emission-de-cyril-hanouna-20250625\" target=\"_blank\" data-fig-type=\"Article\" rel=\"noopener nofollow\" data-gtm-custom-categorie=\"navigation\" data-gtm-custom-action=\"crossclick\" data-gtm-custom-label=\"Contextuel\" data-gtm-event=\"customEventSPE\" data-fig-domain=\"TVMAG\">\u00abTout beau, tout 9\u00bb<\/a>\u00a0sur W9. Puisqu\u2019il \u00e9voluera au sein du groupe M6, l\u2019homme de t\u00e9l\u00e9vision troquera \u00e9galement le micro d\u2019Europe 1 pour celui de Fun Radio. \u00c0 quelques semaines de son arriv\u00e9e, le trublion du PAF a pr\u00e9sent\u00e9 le d\u00e9cor de son futur programme \u00abTout beau, tout fun\u00bb, qui occupera la tranche de 15 heures \u00e0 18 heures.<\/p>\n<p class=\"fig-paragraph\">\u00abLes ch\u00e9ris en exclu le plateau de \u201cTout beau, tout fun\u201d\u00a0!\u00a0\u00c7a va se passer sur Fun Radio\u00a0! Et juste \u00e0 c\u00f4t\u00e9 il y aura le plateau TV\u00a0! Une dinguerie\u00a0! Bravo aux \u00e9quipes de production et de Fun Radio pour leur travail\u00bb, \u00e9crit\u00a0<a href=\"http:\/\/tvmag.lefigaro.fr\/programme-tv\/series\/sur-europe-1-sophie-favier-lance-un-appel-desespere-a-cyril-hanouna-20250805\" target=\"_blank\" data-fig-type=\"Article\" rel=\"noopener nofollow\" data-gtm-custom-categorie=\"navigation\" data-gtm-custom-action=\"crossclick\" data-gtm-custom-label=\"Contextuel\" data-gtm-event=\"customEventSPE\" data-fig-domain=\"TVMAG\">Cyril Hanouna<\/a>\u00a0ce jeudi 7 ao\u00fbt sur X. Dans la vid\u00e9o qu\u2019il publie, les internautes d\u00e9couvrent une grande salle aux murs par\u00e9s d\u2019\u00e9crans, avec sept si\u00e8ges et bureaux en son centre.<\/p>\n<p class=\"fig-body-link\">\n            \u00c0 lire aussi<br \/>\n        <a class=\"fig-body-link__link\" href=\"http:\/\/tvmag.lefigaro.fr\/programme-tv\/series\/sur-europe-1-sophie-favier-lance-un-appel-desespere-a-cyril-hanouna-20250805\" target=\"_blank\" data-fig-type=\"Article\" rel=\"noopener nofollow\" data-gtm-custom-categorie=\"navigation\" data-gtm-custom-action=\"crossclick\" data-gtm-custom-label=\"Contextuel\" data-gtm-event=\"customEventSPE\" data-fig-domain=\"TVMAG\">Sur Europe 1, Sophie Favier lance un appel (d\u00e9sesp\u00e9r\u00e9?) \u00e0 Cyril Hanouna<br \/>\n    <\/a>\n<\/p>\n<p>                                    <a class=\"fig-a11y-skip a11y-hidden\" href=\"#fig-a11y-skip-main-inarticle\"><br \/>\n        Passer la publicit\u00e9<br \/>\n    <\/a><\/p>\n<p class=\"fig-paragraph\">L\u2019un d\u2019entre eux &#8211; r\u00e9serv\u00e9 \u00e0\u00a0<a href=\"http:\/\/tvmag.lefigaro.fr\/programme-tv\/actu-tele\/je-n-ai-pas-la-culture-de-ce-genre-de-plateau-norbert-tarayre-dement-rejoindre-cyril-hanouna-sur-w9-20250725\" target=\"_blank\" data-fig-type=\"Article\" rel=\"noopener nofollow\" data-gtm-custom-categorie=\"navigation\" data-gtm-custom-action=\"crossclick\" data-gtm-custom-label=\"Contextuel\" data-gtm-event=\"customEventSPE\" data-fig-domain=\"TVMAG\">Cyril Hanouna<\/a>\u00a0&#8211; est l\u00e9g\u00e8rement sur\u00e9lev\u00e9 et excentr\u00e9, tandis que les six autres se font face, trois d\u2019un c\u00f4t\u00e9 et trois de l\u2019autre. \u00abCyril, voil\u00e0 le plateau pour votre rentr\u00e9e\u00bb, annonce la personne derri\u00e8re la cam\u00e9ra, qui offre une petite visite guid\u00e9e aux internautes. \u00abIci, il y aura \u00e9videmment votre public, l\u00e0 vous avez les desks (bureaux en fran\u00e7ais) de vos chroniqueurs, vous avez \u00e9galement votre estrade avec votre si\u00e8ge. (&#8230;) Bienvenue sur Fun Radio, Cyril.\u00bb<\/p>\n<p class=\"fig-paragraph\">S\u2019il pr\u00e9sente volontiers le d\u00e9cor de \u00abTout beau tout fun\u00bb,\u00a0<a href=\"http:\/\/tvmag.lefigaro.fr\/programme-tv\/actu-tele\/petite-info-cyril-hanouna-donne-des-nouvelles-de-tout-beau-tout-9-20250804\" target=\"_blank\" data-fig-type=\"Article\" rel=\"noopener nofollow\" data-gtm-custom-categorie=\"navigation\" data-gtm-custom-action=\"crossclick\" data-gtm-custom-label=\"Contextuel\" data-gtm-event=\"customEventSPE\" data-fig-domain=\"TVMAG\">Cyril Hanouna<\/a>\u00a0ne r\u00e9v\u00e8le pas grand-chose sur sa nouvelle \u00e9mission, si ce n\u2019est qu\u2019elle sera lanc\u00e9e le mardi 2 septembre. L\u2019homme de t\u00e9l\u00e9vision n\u2019a pas non plus annonc\u00e9 les noms des chroniqueurs qui le rejoindront sur le plateau de Fun Radio.<\/p>\n<p class=\"fig-paragraph\">Depuis le samedi 2 ao\u00fbt, Cyril Hanouna donne cependant des nouvelles de \u00abTout beau tout 9\u00bb, sa future \u00e9mission sur W9. \u00abLes ch\u00e9ris, demain on sera \u00e0 30 jours pile de la premi\u00e8re de \u201cTBT9\u201d sur W9 \u00e0 18h45\u00bb, \u00e9crivait-il sur la plateforme d\u2019Elon Musk\u00a0<a href=\"http:\/\/tvmag.lefigaro.fr\/programme-tv\/actu-tele\/petite-info-cyril-hanouna-donne-des-nouvelles-de-tout-beau-tout-9-20250804\" target=\"_blank\" data-fig-type=\"Article\" rel=\"noopener nofollow\" data-gtm-custom-categorie=\"navigation\" data-gtm-custom-action=\"crossclick\" data-gtm-custom-label=\"Contextuel\" data-gtm-event=\"customEventSPE\" data-fig-domain=\"TVMAG\">ce samedi 2 ao\u00fbt<\/a>. \u00abJe ne vous cache pas que je suis trop heureux de vous retrouver et trop impatient! \u00c0 partir de demain je vous donnerai tous les jours \u00e0 18h45 une information sur l\u2019\u00e9mission. Je vous aime fort et merci.\u00bb<\/p>\n<p class=\"fig-paragraph\">Depuis, l\u2019ancien pr\u00e9sentateur de \u00abTouche pas \u00e0 mon poste\u00a0!\u00bb a annonc\u00e9 avoir neuf chroniqueurs \u00e0 ses c\u00f4t\u00e9s, dont \u00abcinq \u201canciens\u201det quatre nouveaux\u00bb, dont\u00a0<a href=\"http:\/\/tvmag.lefigaro.fr\/programme-tv\/actu-tele\/le-carnet-de-notes-de-touche-pas-a-mon-poste-raymond-aabou-major-de-promo-valerie-benaim-loin-derriere-20241115\" target=\"_blank\" data-fig-type=\"Article\" rel=\"noopener nofollow\" data-gtm-custom-categorie=\"navigation\" data-gtm-custom-action=\"crossclick\" data-gtm-custom-label=\"Contextuel\" data-gtm-event=\"customEventSPE\" data-fig-domain=\"TVMAG\">Val\u00e9rie Bena\u00efm<\/a>, G\u00e9raldine Maillet, Raymond, Olivier Dartigolles et J\u00e9r\u00f4me Anthony mais aussi\u00a0<a href=\"http:\/\/tvmag.lefigaro.fr\/programme-tv\/actu-tele\/je-vote-pour-qui-je-veux-gilles-verdez-pris-a-partie-dans-touche-pas-a-mon-poste-apres-son-soutien-a-lfi-20250314\" target=\"_blank\" data-fig-type=\"Article\" rel=\"noopener nofollow\" data-gtm-custom-categorie=\"navigation\" data-gtm-custom-action=\"crossclick\" data-gtm-custom-label=\"Contextuel\" data-gtm-event=\"customEventSPE\" data-fig-domain=\"TVMAG\">Gilles Verdez<\/a>, selon Voici.<\/p>\n","protected":false},"excerpt":{"rendered":"VID\u00c9O &#8211; Sur son compte X, l\u2019animateur et producteur continue de distiller des informations concernant sa quotidienne sur&hellip;\n","protected":false},"author":2,"featured_media":304965,"comment_status":"","ping_status":"","sticky":false,"template":"","format":"standard","meta":{"footnotes":""},"categories":[1356],"tags":[1083,58,59,1011,27,494,252,1364,2395],"class_list":{"0":"post-304964","1":"post","2":"type-post","3":"status-publish","4":"format-standard","5":"has-post-thumbnail","7":"category-television","8":"tag-cyril-hanouna","9":"tag-divertissement","10":"tag-entertainment","11":"tag-fr","12":"tag-france","13":"tag-m6","14":"tag-television","15":"tag-tv","16":"tag-w9"},"share_on_mastodon":{"url":"https:\/\/pubeurope.com\/@fr\/114992905129321327","error":""},"_links":{"self":[{"href":"https:\/\/www.europesays.com\/fr\/wp-json\/wp\/v2\/posts\/304964","targetHints":{"allow":["GET"]}}],"collection":[{"href":"https:\/\/www.europesays.com\/fr\/wp-json\/wp\/v2\/posts"}],"about":[{"href":"https:\/\/www.europesays.com\/fr\/wp-json\/wp\/v2\/types\/post"}],"author":[{"embeddable":true,"href":"https:\/\/www.europesays.com\/fr\/wp-json\/wp\/v2\/users\/2"}],"replies":[{"embeddable":true,"href":"https:\/\/www.europesays.com\/fr\/wp-json\/wp\/v2\/comments?post=304964"}],"version-history":[{"count":0,"href":"https:\/\/www.europesays.com\/fr\/wp-json\/wp\/v2\/posts\/304964\/revisions"}],"wp:featuredmedia":[{"embeddable":true,"href":"https:\/\/www.europesays.com\/fr\/wp-json\/wp\/v2\/media\/304965"}],"wp:attachment":[{"href":"https:\/\/www.europesays.com\/fr\/wp-json\/wp\/v2\/media?parent=304964"}],"wp:term":[{"taxonomy":"category","embeddable":true,"href":"https:\/\/www.europesays.com\/fr\/wp-json\/wp\/v2\/categories?post=304964"},{"taxonomy":"post_tag","embeddable":true,"href":"https:\/\/www.europesays.com\/fr\/wp-json\/wp\/v2\/tags?post=304964"}],"curies":[{"name":"wp","href":"https:\/\/api.w.org\/{rel}","templated":true}]}}