{"id":304968,"date":"2025-08-08T11:28:49","date_gmt":"2025-08-08T11:28:49","guid":{"rendered":"https:\/\/www.europesays.com\/fr\/304968\/"},"modified":"2025-08-08T11:28:49","modified_gmt":"2025-08-08T11:28:49","slug":"tas-la-memoire-courte-si-tu-ne-relies-pas-ces-10-personnages-a-leur-film-des-annees-80","status":"publish","type":"post","link":"https:\/\/www.europesays.com\/fr\/304968\/","title":{"rendered":"t\u2019as la m\u00e9moire courte si tu ne relies pas ces 10 personnages \u00e0 leur film des ann\u00e9es 80"},"content":{"rendered":"<p><p><a href=\"https:\/\/www.serieously.com\" rel=\"nofollow noopener\" target=\"_blank\">Accueil<\/a> &gt; <a href=\"https:\/\/www.serieously.com\/quiz\/\" rel=\"nofollow noopener\" target=\"_blank\">Quiz<\/a> &gt; Quiz : t\u2019as la m\u00e9moire courte si tu ne relies pas ces 10 personnages \u00e0 leur film des ann\u00e9es 80<\/p>\n<\/p>\n<p class=\"o-article__published-by o-article__bullets\">\n            Publi\u00e9 le<br \/>\n                        7 ao\u00fbt 2025 \u00e0 16 h 00<\/p>\n<p>             Par<br \/>\n                <a href=\"https:\/\/www.serieously.com\/author\/naomie\/\" rel=\"nofollow noopener\" target=\"_blank\">Naomie<br \/>\n                    Boree<\/a><\/p>\n<p><strong>Tu es incollable sur les films des ann\u00e9es 80 ? Tu devrais t\u2019en sortir haut la main \u00e0 ce quiz\u2026 Tente de relier ces 10 personnages \u00e0 leur film des ann\u00e9es 80\u2026 \u00c0 toi de jouer !<\/strong><\/p>\n<p>Dans quel film des ann\u00e9es 80 peut-on voir le personnage de Goldie Wilson ?<\/p>\n<p>Goldie Wilson est le maire de la ville dans Retour vers le futur.<\/p>\n<p>Dans quel film des ann\u00e9es 80 peut-on voir le personnage de Randall Peltzer ?<\/p>\n<p>Il s\u2019agit d\u2019un personnage dans le film\u00a0Gremlins.<\/p>\n<p>Dans quel film des ann\u00e9es 80 peut-on voir le personnage de Coco Hernandez ?<\/p>\n<p>Il fallait reconna\u00eetre le personnage d\u2019Irene Cara dans\u00a0Fame.<\/p>\n<p>Dans quel film des ann\u00e9es 80 peut-on voir le personnage de Zadko Preskovic ?<\/p>\n<p>Il s\u2019agit du voisin bulgare dans Le P\u00e8re No\u00ebl est une ordure.\u00a0<\/p>\n<p>Dans quel film des ann\u00e9es 80 peut-on voir le personnage de Delia Deetz ?<\/p>\n<p>Il s\u2019agit d\u2019un personnage de Beetlejuice.<\/p>\n<p>Dans quel film des ann\u00e9es 80 peut-on voir le personnage de Seth Brundle ?<\/p>\n<p>Il s\u2019agit du personnage principal dans le film La Mouche.\u00a0<\/p>\n<p>Dans quel film des ann\u00e9es 80 peut-on voir le personnage de Larry Durkin ?<\/p>\n<p>Il s\u2019agit d\u2019un personnage horrifique de Shining.<\/p>\n<p>Dans quel film des ann\u00e9es 80 peut-on voir le personnage de Fran\u00e7oise Beretton ?<\/p>\n<p>Il fallait reconna\u00eetre la m\u00e8re de Vic dans La Boum.<\/p>\n<p>Dans quel film des ann\u00e9es 80 peut-on voir le personnage de Clarence Oveur ?<\/p>\n<p>Il fallait reconna\u00eetre le capitaine dans Y a-t-il un pilote dans l\u2019avion ?<\/p>\n<p>Dans quel film des ann\u00e9es 80 peut-on voir le personnage de Winston Zeddemore ?<\/p>\n<p>Il fallait reconna\u00eetre SOS Fant\u00f4mes.\u00a0<\/p>\n<p class=\"o-quiz__result-title\">WOW&#8230;<\/p>\n<p class=\"o-quiz__result-subtitle\">Tu as obtenu un score de [[ score ]]\/[[ questions ]]<\/p>\n<p>\t\t\t\t\t\t\t\t\t<img decoding=\"async\" src=\"https:\/\/www.europesays.com\/fr\/wp-content\/uploads\/2025\/04\/resultat-quiz-bravo.jpg\" alt=\"WOW...\" width=\"768\" height=\"432\" loading=\"lazy\"\/><\/p>\n<p>Effectivement, tu es incollable sur les films des ann\u00e9es 80. On constate que tu as vu et revu ces films culte et que tu les aimes toujours autant.<\/p>\n<p><a href=\"https:\/\/www.serieously.com\/tag\/annees-80\/\" target=\"_blank\" rel=\"noopener nofollow\" aria-label=\"\">Continue avec ces autres quiz sur les ann\u00e9es 80 !\u00a0<\/a><\/p>\n<p class=\"o-quiz__result-title\">Bien jou\u00e9 <\/p>\n<p class=\"o-quiz__result-subtitle\">Tu as obtenu un score de [[ score ]]\/[[ questions ]]<\/p>\n<p>\t\t\t\t\t\t\t\t\t<img decoding=\"async\" src=\"https:\/\/www.europesays.com\/fr\/wp-content\/uploads\/2025\/04\/resultat-quiz-pas-mal.jpg\" alt=\"Bien jou\u00e9 \" width=\"768\" height=\"432\" loading=\"lazy\"\/><\/p>\n<p>Pas mal ! On constate que tu connais bien les ann\u00e9es 80\u2026 Tu n\u2019as d\u2019ailleurs loup\u00e9 aucune sortie de film lors de ces ann\u00e9es. On peut donc dire que tu es vraiment fan des films des ann\u00e9es 80, bravo !<\/p>\n<p><a href=\"https:\/\/www.serieously.com\/tag\/annees-80\/\" target=\"_blank\" rel=\"noopener nofollow\" aria-label=\"\">Continue avec ces autres quiz sur les ann\u00e9es 80 !\u00a0<\/a><\/p>\n<p class=\"o-quiz__result-title\">Mouais<\/p>\n<p class=\"o-quiz__result-subtitle\">Tu as obtenu un score de [[ score ]]\/[[ questions ]]<\/p>\n<p>\t\t\t\t\t\t\t\t\t<img decoding=\"async\" src=\"https:\/\/www.europesays.com\/fr\/wp-content\/uploads\/2025\/04\/resultat-quiz-mouais.jpg\" alt=\"Mouais\" width=\"768\" height=\"432\" loading=\"lazy\"\/><\/p>\n<p>Mouais\u2026 Tu aurais pu faire vraiment mieux, mais peut-\u00eatre que ton dernier visionnage de ces films remonte aux ann\u00e9es 80\u2026 Si c\u2019est le cas, on te pardonne. Cours vite revoir ces classiques !<\/p>\n<p><a href=\"https:\/\/www.serieously.com\/tag\/annees-80\/\" target=\"_blank\" rel=\"noopener nofollow\" aria-label=\"\">Entra\u00eene-toi avec ces autres quiz sur les ann\u00e9es 80 !\u00a0<\/a><\/p>\n<p>\t\tRecommencer le quiz<\/p>\n<p>\t\t\t<img decoding=\"async\" src=\"https:\/\/www.europesays.com\/fr\/wp-content\/uploads\/2025\/08\/1754652529_374_avataaars.jpg\" alt=\"Naomie Boree\" width=\"70\" height=\"70\" loading=\"lazy\"\/><\/p>\n<p class=\"m-user__name\">Naomie Boree<\/p>\n<p class=\"m-user__description\">Journaliste s\u00e9rie et cin\u00e9ma<\/p>\n<p>\n\t\t\t\t\t\t\t\t\t\t\t\t\t\t\tContacter<br \/>\n\t\t\t\t\t\tNaomie\n\t\t\t\t\t\t\t\t\t<\/p>\n<p>Lundi&rsquo;spensable<\/p>\n<p class=\"mt-4 mb-4 text-xl text-center\">Le meilleur de <\/p>\n<p> dans ta boite mail<\/p>\n","protected":false},"excerpt":{"rendered":"Accueil &gt; Quiz &gt; Quiz : t\u2019as la m\u00e9moire courte si tu ne relies pas ces 10 personnages&hellip;\n","protected":false},"author":2,"featured_media":304969,"comment_status":"","ping_status":"","sticky":false,"template":"","format":"standard","meta":{"footnotes":""},"categories":[1354],"tags":[58,59,1346,1011,27,1360],"class_list":{"0":"post-304968","1":"post","2":"type-post","3":"status-publish","4":"format-standard","5":"has-post-thumbnail","7":"category-films","8":"tag-divertissement","9":"tag-entertainment","10":"tag-films","11":"tag-fr","12":"tag-france","13":"tag-movies"},"share_on_mastodon":{"url":"https:\/\/pubeurope.com\/@fr\/114992917340703568","error":""},"_links":{"self":[{"href":"https:\/\/www.europesays.com\/fr\/wp-json\/wp\/v2\/posts\/304968","targetHints":{"allow":["GET"]}}],"collection":[{"href":"https:\/\/www.europesays.com\/fr\/wp-json\/wp\/v2\/posts"}],"about":[{"href":"https:\/\/www.europesays.com\/fr\/wp-json\/wp\/v2\/types\/post"}],"author":[{"embeddable":true,"href":"https:\/\/www.europesays.com\/fr\/wp-json\/wp\/v2\/users\/2"}],"replies":[{"embeddable":true,"href":"https:\/\/www.europesays.com\/fr\/wp-json\/wp\/v2\/comments?post=304968"}],"version-history":[{"count":0,"href":"https:\/\/www.europesays.com\/fr\/wp-json\/wp\/v2\/posts\/304968\/revisions"}],"wp:featuredmedia":[{"embeddable":true,"href":"https:\/\/www.europesays.com\/fr\/wp-json\/wp\/v2\/media\/304969"}],"wp:attachment":[{"href":"https:\/\/www.europesays.com\/fr\/wp-json\/wp\/v2\/media?parent=304968"}],"wp:term":[{"taxonomy":"category","embeddable":true,"href":"https:\/\/www.europesays.com\/fr\/wp-json\/wp\/v2\/categories?post=304968"},{"taxonomy":"post_tag","embeddable":true,"href":"https:\/\/www.europesays.com\/fr\/wp-json\/wp\/v2\/tags?post=304968"}],"curies":[{"name":"wp","href":"https:\/\/api.w.org\/{rel}","templated":true}]}}