{"id":304974,"date":"2025-08-08T11:31:14","date_gmt":"2025-08-08T11:31:14","guid":{"rendered":"https:\/\/www.europesays.com\/fr\/304974\/"},"modified":"2025-08-08T11:31:14","modified_gmt":"2025-08-08T11:31:14","slug":"la-victoire-de-romy-a-revele-un-soutien-inattendu-celui-de-gabriel-attal","status":"publish","type":"post","link":"https:\/\/www.europesays.com\/fr\/304974\/","title":{"rendered":"la victoire de Romy a r\u00e9v\u00e9l\u00e9 un soutien inattendu, celui de Gabriel Attal"},"content":{"rendered":"<p>        <img decoding=\"async\" loading=\"lazy\" src=\"https:\/\/www.europesays.com\/fr\/wp-content\/uploads\/2025\/08\/0cb11fd_upload-1-gs8oxhqi7bad-screenshot-2025-08-08-10-19-25.png\"  width=\"728\" height=\"410\" alt=\"Romy, ici lors de la finale de \u00ab\u00a0Secret Story\u00a0\u00bb sur TFX.\"\/>  <\/p>\n<p>TFX<\/p>\n<p>Romy, ici lors de la finale de \u00ab\u00a0Secret Story\u00a0\u00bb sur TFX.<\/p>\n<p class=\"asset asset-text\">T\u00c9L\u00c9VISION &#8211; Apr\u00e8s Aya Nakamura et Th\u00e9odora, voici venu le tour de\u2026 <a href=\"https:\/\/www.huffingtonpost.fr\/politique\/article\/renaissance-veut-encore-changer-de-nom-et-c-est-la-troisieme-fois_253177.html\" target=\"_blank\" rel=\"noopener\">Gabriel Attal<\/a>. Jeudi 7\u00a0ao\u00fbt, Romy, candidate phare de la derni\u00e8re saison de <a href=\"https:\/\/www.huffingtonpost.fr\/divertissement\/article\/sur-le-prime-de-secret-story-christophe-beaugrand-apporte-son-soutien-a-marianne-victime-de-harcelement_252505.html\" target=\"_blank\" rel=\"noopener\">Secret Story<\/a>, a d\u00e9croch\u00e9 le ch\u00e8que tr\u00e8s convoit\u00e9 de 100\u00a0000\u00a0euros \u00e0 l\u2019issue de la finale. Une victoire \u00e0 c\u00f4t\u00e9 de laquelle <a href=\"https:\/\/www.huffingtonpost.fr\/politique\/article\/gabriel-attal-enfonce-le-clou-de-la-rupture-entre-renaissance-et-les-republicains_251849.html\" target=\"_blank\" rel=\"noopener\">l\u2019ex-Premier ministre<\/a> n\u2019est pas pass\u00e9 \u00e0 c\u00f4t\u00e9.<\/p>\n<p class=\"asset asset-text\">\u00ab\u00a0F\u00e9licitations \u00e0 Romy pour sa victoire\u00a0\u00bb, a \u00e9crit l\u2019homme politique en l\u00e9gende d\u2019une vid\u00e9o TikTok film\u00e9e lors du sacre de la candidate de 29\u00a0ans sur TFX. \u00ab\u00a0Malgr\u00e9 le harc\u00e8lement, malgr\u00e9 le racisme, elle l\u2019emporte\u00a0\u00bb, continue Gabriel Attal, avant de remercier le public \u00ab\u00a0qui a \u00e9t\u00e9 au rendez-vous et en soutien\u00a0\u00bb. La jeune femme a r\u00e9colt\u00e9 72\u00a0% des votes face \u00e0 ses trois concurrents.<\/p>\n<p class=\"asset asset-text\">Les mots de Gabriel Attal, r\u00e9cemment au c\u0153ur de nombreuses critiques pour avoir vot\u00e9 <a href=\"https:\/\/www.huffingtonpost.fr\/politique\/article\/la-loi-duplomb-en-partie-censuree-par-le-conseil-constitutionnel-inacceptable-pour-la-fnsea_253373.html\" target=\"_blank\" rel=\"noopener\">la controvers\u00e9e Loi Duplomb<\/a>, ne sortent pas de nulle part. Ce dernier avait voulu faire du harc\u00e8lement <a href=\"https:\/\/www.huffingtonpost.fr\/politique\/article\/gabriel-attal-se-confie-sur-le-harcelement-scolaire-dont-il-a-ete-victime-au-college_225333.html\" target=\"_blank\" rel=\"noopener\">l\u2019une de ses priorit\u00e9s<\/a> \u00e0 l\u2019\u00e9poque, \u00e0 l\u2019image d\u2019une s\u00e9rie de mesures \u00e0 l\u2019\u00e9cole, dont la possibilit\u00e9 de changer d\u2019\u00e9tablissement les \u00e9l\u00e8ves harceleurs.<\/p>\n<p> La lecture de ce contenu est susceptible d\u2019entra\u00eener un d\u00e9p\u00f4t de cookies de la part de l\u2019op\u00e9rateur tiers qui l\u2019h\u00e9berge. Compte-tenu des choix que vous avez exprim\u00e9s en mati\u00e8re de d\u00e9p\u00f4t de cookies, nous avons bloqu\u00e9 l\u2019affichage de ce contenu. Si vous souhaitez y acc\u00e9der, vous devez accepter la cat\u00e9gorie de cookies \u201cContenus tiers\u201d en cliquant sur le bouton ci-dessous. <\/p>\n<p> Lire la Vid\u00e9o        <\/p>\n<p class=\"asset asset-text\">Son intervention sur TikTok, ce jeudi, fait pour sa part \u00e9cho \u00e0 la vague de harc\u00e8lement, teint\u00e9e de commentaires racistes, clich\u00e9s et micro-agressions, dont a \u00e9t\u00e9 tout particuli\u00e8rement victime Romy au sein de la \u00ab\u00a0Maison des secrets\u00a0\u00bb cette saison.<\/p>\n<p>                     Le ralliement autour de Romy    <\/p>\n<p class=\"asset asset-text\">Un manquement chez les candidats, que la production n\u2019avait pas tard\u00e9 \u00e0 rappeler \u00e0 l\u2019ordre dans le courant de l\u2019aventure. Au m\u00eame titre que le reste des t\u00e9l\u00e9spectateurs, les \u00e9quipes ont tenu \u00e0 avertir des potentielles actions en justice qu\u2019elles seraient pr\u00eates \u00e0 mener contre les auteurs et autrices de \u00ab\u00a0toute campagne de haine\u00a0\u00bb.<\/p>\n<p class=\"asset asset-text\">Dans la presse et sur les r\u00e9seaux sociaux, l\u2019\u00e9pisode a fait couler beaucoup d\u2019encre. Une autre candidate, accus\u00e9e de s\u2019\u00eatre moqu\u00e9e \u00e0 de nombreuses reprises de Romy, s\u2019est dit \u00e0 son tour harcel\u00e9e, puis a d\u00e9nonc\u00e9 le manque d\u2019action de la production. Surtout, il a rappel\u00e9 le cas d\u2019Ebony, \u00e9l\u00e8ve de la Star Academy victime d\u2019une \u00ab\u00a0vague de haine\u00a0\u00bb \u00e0 l\u2019ext\u00e9rieur, d\u00e9nonc\u00e9e par les associations SOS Racisme et La Maison des potes.<\/p>\n<p class=\"asset asset-text\">Sur X, TikTok et m\u00eame Facebook, le parall\u00e8le avec la finaliste du t\u00e9l\u00e9-crochet a suscit\u00e9 un grand ralliement autour de Romy, pour qui les gens &#8211; t\u00e9l\u00e9spectateurs ou non de\u00a0Secret Story\u00a0&#8211; se sont passionn\u00e9s par la suite. Aya Nakamura a \u00e9t\u00e9 charm\u00e9e par ses interpr\u00e9tations de son tube Baddies. Theodora a appel\u00e9 \u00e0 voter pour elle. C\u2019est gagn\u00e9.<\/p>\n","protected":false},"excerpt":{"rendered":"TFX Romy, ici lors de la finale de \u00ab\u00a0Secret Story\u00a0\u00bb sur TFX. T\u00c9L\u00c9VISION &#8211; Apr\u00e8s Aya Nakamura et&hellip;\n","protected":false},"author":2,"featured_media":304975,"comment_status":"","ping_status":"","sticky":false,"template":"","format":"standard","meta":{"footnotes":""},"categories":[8],"tags":[58,59,1011,27,4410,316,29901,252],"class_list":{"0":"post-304974","1":"post","2":"type-post","3":"status-publish","4":"format-standard","5":"has-post-thumbnail","7":"category-divertissement","8":"tag-divertissement","9":"tag-entertainment","10":"tag-fr","11":"tag-france","12":"tag-gabriel-attal","13":"tag-politique","14":"tag-secret-story","15":"tag-television"},"share_on_mastodon":{"url":"https:\/\/pubeurope.com\/@fr\/114992925295062535","error":""},"_links":{"self":[{"href":"https:\/\/www.europesays.com\/fr\/wp-json\/wp\/v2\/posts\/304974","targetHints":{"allow":["GET"]}}],"collection":[{"href":"https:\/\/www.europesays.com\/fr\/wp-json\/wp\/v2\/posts"}],"about":[{"href":"https:\/\/www.europesays.com\/fr\/wp-json\/wp\/v2\/types\/post"}],"author":[{"embeddable":true,"href":"https:\/\/www.europesays.com\/fr\/wp-json\/wp\/v2\/users\/2"}],"replies":[{"embeddable":true,"href":"https:\/\/www.europesays.com\/fr\/wp-json\/wp\/v2\/comments?post=304974"}],"version-history":[{"count":0,"href":"https:\/\/www.europesays.com\/fr\/wp-json\/wp\/v2\/posts\/304974\/revisions"}],"wp:featuredmedia":[{"embeddable":true,"href":"https:\/\/www.europesays.com\/fr\/wp-json\/wp\/v2\/media\/304975"}],"wp:attachment":[{"href":"https:\/\/www.europesays.com\/fr\/wp-json\/wp\/v2\/media?parent=304974"}],"wp:term":[{"taxonomy":"category","embeddable":true,"href":"https:\/\/www.europesays.com\/fr\/wp-json\/wp\/v2\/categories?post=304974"},{"taxonomy":"post_tag","embeddable":true,"href":"https:\/\/www.europesays.com\/fr\/wp-json\/wp\/v2\/tags?post=304974"}],"curies":[{"name":"wp","href":"https:\/\/api.w.org\/{rel}","templated":true}]}}