{"id":304981,"date":"2025-08-08T11:35:11","date_gmt":"2025-08-08T11:35:11","guid":{"rendered":"https:\/\/www.europesays.com\/fr\/304981\/"},"modified":"2025-08-08T11:35:11","modified_gmt":"2025-08-08T11:35:11","slug":"le-suspect-a-ete-interpelle-annonce-bruno-retailleau","status":"publish","type":"post","link":"https:\/\/www.europesays.com\/fr\/304981\/","title":{"rendered":"le suspect a \u00e9t\u00e9 interpell\u00e9, annonce Bruno Retailleau"},"content":{"rendered":"<p>Le suspect, en fuite depuis l\u2019agression, \u00e9tait sous le coup d\u2019un mandat de recherche lanc\u00e9 par le parquet de Vienne dans le cadre d\u2019une enqu\u00eate pour \u00abtentative de meurtre sur personne d\u00e9positaire de l\u2019autorit\u00e9 publique\u00bb.<\/p>\n<p class=\"fig-paragraph\">L\u2019homme suspect\u00e9 d\u2019avoir violemment\u00a0<a href=\"http:\/\/www.lefigaro.fr\/faits-divers\/en-isere-un-maire-en-urgence-absolue-apres-avoir-ete-agresse-dans-sa-commune-20250806\" data-fig-type=\"NewsFlash\" data-gtm-custom-categorie=\"navigation\" data-gtm-custom-action=\"crossclick\" data-gtm-custom-label=\"Contextuel\" data-gtm-event=\"customEventSPE\" data-fig-domain=\"LEFIGARO\" target=\"_blank\" rel=\"noopener\">agress\u00e9 mercredi le maire de Villeneuve-de-Marc,<\/a>\u00a0en Is\u00e8re, a \u00e9t\u00e9 interpell\u00e9 vendredi matin, a annonc\u00e9 le ministre de l\u2019Int\u00e9rieur, Bruno Retailleau, dans un message sur X. Le suspect, en fuite depuis l\u2019agression, \u00e9tait sous le coup d\u2019un mandat de recherche lanc\u00e9 par le parquet de Vienne dans le cadre d\u2019une enqu\u00eate pour \u00abtentative de meurtre sur personne d\u00e9positaire de l\u2019autorit\u00e9 publique\u00bb.<\/p>\n<p class=\"fig-paragraph\">L\u2019homme a \u00e9t\u00e9 interpell\u00e9 sans heurt \u00e0 11h30 \u00e0 Charantonnay (Is\u00e8re), \u00e0 14 kilom\u00e8tres des lieux de l\u2019agression, a pr\u00e9cis\u00e9 \u00e0 l\u2019AFP une source proche du dossier. Il a \u00e9t\u00e9 plac\u00e9 en garde \u00e0 vue \u00e0 la brigade de gendarmerie de Saint-Jean-de-Bournay, selon une autre source proche du dossier.<\/p>\n<p>                                    <a class=\"fig-a11y-skip a11y-hidden\" href=\"#fig-a11y-skip-main-inarticle\"><br \/>\n        Passer la publicit\u00e9<br \/>\n    <\/a><\/p>\n<p class=\"fig-paragraph\">L\u2019agression s\u2019\u00e9tait d\u00e9roul\u00e9e devant le domicile du maire Gilles Dussault, 63 ans. Le suspect, un administr\u00e9 du village d\u2019un peu moins de 1200 habitants, \u00abr\u00e9sidant dans la commune de longue date\u00bb, a agress\u00e9 le maire \u00abavec une arme blanche\u00bb, avait indiqu\u00e9 le parquet. L\u2019\u00e9lu pr\u00e9sentait \u00abtrois plaies dont deux au thorax et une plaie d\u00e9fensive\u00bb, avait pr\u00e9cis\u00e9 le minist\u00e8re public.<\/p>\n<p class=\"fig-body-link\">\n            \u00c0 lire aussi<br \/>\n        <a class=\"fig-body-link__link\" href=\"http:\/\/www.lefigaro.fr\/lyon\/rien-ne-justifie-un-tel-acte-le-village-de-villeneuve-de-marc-choque-apres-l-agression-de-son-maire-a-l-arme-blanche-20250807\" data-fig-type=\"Article\" data-gtm-custom-categorie=\"navigation\" data-gtm-custom-action=\"crossclick\" data-gtm-custom-label=\"Contextuel\" data-gtm-event=\"customEventSPE\" data-fig-domain=\"LEFIGARO\" target=\"_blank\" rel=\"noopener\">\u00ab\u00a0Rien ne justifie un tel acte\u00a0\u00bb\u00a0: le village de Villeneuve-de-Marc choqu\u00e9 apr\u00e8s l\u2019agression de son maire \u00e0 l\u2019arme blanche<br \/>\n    <\/a>\n<\/p>\n<p>Le pronostic vital du maire a \u00e9t\u00e9 un temps engag\u00e9<\/p>\n<p class=\"fig-paragraph\">L\u2019agresseur avait quitt\u00e9 les lieux avant de revenir avec son v\u00e9hicule. Il avait \u00abalors tent\u00e9 de percuter le maire et son fils venu lui porter secours, et fini sa course contre un mur\u00bb, puis \u00abprit la fuite \u00e0 pied\u00bb apr\u00e8s avoir port\u00e9 des coups de poing au fils du maire qui tentait de l\u2019intercepter, avait relat\u00e9 le parquet.<\/p>\n<p class=\"fig-paragraph\">Selon le parquet, au regard des premiers \u00e9l\u00e9ments de l\u2019enqu\u00eate, \u00abun litige opposait depuis plusieurs mois l\u2019agresseur \u00e0 la municipalit\u00e9 pour des questions d\u2019urbanisme et de travaux r\u00e9alis\u00e9s par celui-ci sans autorisation\u00bb. \u00abLes violences contre nos \u00e9lus sont intol\u00e9rables et ne resteront jamais impunies\u00bb, a affirm\u00e9 sur X Bruno Retailleau.<\/p>\n","protected":false},"excerpt":{"rendered":"Le suspect, en fuite depuis l\u2019agression, \u00e9tait sous le coup d\u2019un mandat de recherche lanc\u00e9 par le parquet&hellip;\n","protected":false},"author":2,"featured_media":304982,"comment_status":"","ping_status":"","sticky":false,"template":"","format":"standard","meta":{"footnotes":""},"categories":[4],"tags":[11,1120,1013,1011,27,108,6793,12,25],"class_list":{"0":"post-304981","1":"post","2":"type-post","3":"status-publish","4":"format-standard","5":"has-post-thumbnail","7":"category-france","8":"tag-actualites","9":"tag-agression","10":"tag-bruno-retailleau","11":"tag-fr","12":"tag-france","13":"tag-isere","14":"tag-maires","15":"tag-news","16":"tag-republique-francaise"},"share_on_mastodon":{"url":"https:\/\/pubeurope.com\/@fr\/114992940536265226","error":""},"_links":{"self":[{"href":"https:\/\/www.europesays.com\/fr\/wp-json\/wp\/v2\/posts\/304981","targetHints":{"allow":["GET"]}}],"collection":[{"href":"https:\/\/www.europesays.com\/fr\/wp-json\/wp\/v2\/posts"}],"about":[{"href":"https:\/\/www.europesays.com\/fr\/wp-json\/wp\/v2\/types\/post"}],"author":[{"embeddable":true,"href":"https:\/\/www.europesays.com\/fr\/wp-json\/wp\/v2\/users\/2"}],"replies":[{"embeddable":true,"href":"https:\/\/www.europesays.com\/fr\/wp-json\/wp\/v2\/comments?post=304981"}],"version-history":[{"count":0,"href":"https:\/\/www.europesays.com\/fr\/wp-json\/wp\/v2\/posts\/304981\/revisions"}],"wp:featuredmedia":[{"embeddable":true,"href":"https:\/\/www.europesays.com\/fr\/wp-json\/wp\/v2\/media\/304982"}],"wp:attachment":[{"href":"https:\/\/www.europesays.com\/fr\/wp-json\/wp\/v2\/media?parent=304981"}],"wp:term":[{"taxonomy":"category","embeddable":true,"href":"https:\/\/www.europesays.com\/fr\/wp-json\/wp\/v2\/categories?post=304981"},{"taxonomy":"post_tag","embeddable":true,"href":"https:\/\/www.europesays.com\/fr\/wp-json\/wp\/v2\/tags?post=304981"}],"curies":[{"name":"wp","href":"https:\/\/api.w.org\/{rel}","templated":true}]}}