{"id":304991,"date":"2025-08-08T11:41:23","date_gmt":"2025-08-08T11:41:23","guid":{"rendered":"https:\/\/www.europesays.com\/fr\/304991\/"},"modified":"2025-08-08T11:41:23","modified_gmt":"2025-08-08T11:41:23","slug":"la-nuit-des-pecheurs-2025-03-08-2025-toulon","status":"publish","type":"post","link":"https:\/\/www.europesays.com\/fr\/304991\/","title":{"rendered":"La Nuit des P\u00eacheurs 2025 &#8211; 03\/08\/2025 &#8211; Toulon"},"content":{"rendered":"<p>V\u00e9ritable institution estivale,\u00a0la Nuit des P\u00eacheurs\u00a0revient le\u00a0<strong>dimanche 3 ao\u00fbt<\/strong>\u00a0sur le\u00a0<strong>port Saint-Louis du Mourillon<\/strong>. D\u00e8s 17 h, les quais se transformeront en immense guinguette marine, avec\u00a0<strong>300 tables, 1 800 chaises<\/strong>\u00a0et une ambiance chaleureuse.<\/p>\n<p>&#13;<\/p>\n<p>Au menu :\u00a0<strong>produits de la mer issus de la p\u00eache locale<\/strong>, grillades, douceurs sucr\u00e9es et musique live. Plus de\u00a0<strong>20 000 visiteurs<\/strong>\u00a0sont attendus pour cette soir\u00e9e festive qui c\u00e9l\u00e8bre le patrimoine culinaire et maritime de Toulon.<\/p>\n<p>&#13;<\/p>\n<p>\u2013\u00a0Dimanche 3 ao\u00fbt<\/p>\n<p>&#13;<\/p>\n<p>\u2013 \u00c0 partir de 17 h, Port Saint-Louis du Mourillon<\/p>\n<p>&#13;<\/p>\n<p>\u00a0<\/p>\n<p>&#13;<br \/>\nLe programme des festivit\u00e9s de l&rsquo;\u00e9t\u00e9 \u00e0 Toulon&#13;<\/p>\n<p>\t\t\t\t&#13;<\/p>\n<p>photo: Annabelle Lhuillier-Bonnal \/ Ville de Toulon<\/p>\n","protected":false},"excerpt":{"rendered":"V\u00e9ritable institution estivale,\u00a0la Nuit des P\u00eacheurs\u00a0revient le\u00a0dimanche 3 ao\u00fbt\u00a0sur le\u00a0port Saint-Louis du Mourillon. D\u00e8s 17 h, les quais&hellip;\n","protected":false},"author":2,"featured_media":304992,"comment_status":"","ping_status":"","sticky":false,"template":"","format":"standard","meta":{"footnotes":""},"categories":[9619],"tags":[1111,11,1777,674,1011,27,12,882,25,2310],"class_list":{"0":"post-304991","1":"post","2":"type-post","3":"status-publish","4":"format-standard","5":"has-post-thumbnail","7":"category-toulon","8":"tag-actu","9":"tag-actualites","10":"tag-eu","11":"tag-europe","12":"tag-fr","13":"tag-france","14":"tag-news","15":"tag-provence-alpes-cote-dazur","16":"tag-republique-francaise","17":"tag-toulon"},"share_on_mastodon":{"url":"https:\/\/pubeurope.com\/@fr\/114992964130368254","error":""},"_links":{"self":[{"href":"https:\/\/www.europesays.com\/fr\/wp-json\/wp\/v2\/posts\/304991","targetHints":{"allow":["GET"]}}],"collection":[{"href":"https:\/\/www.europesays.com\/fr\/wp-json\/wp\/v2\/posts"}],"about":[{"href":"https:\/\/www.europesays.com\/fr\/wp-json\/wp\/v2\/types\/post"}],"author":[{"embeddable":true,"href":"https:\/\/www.europesays.com\/fr\/wp-json\/wp\/v2\/users\/2"}],"replies":[{"embeddable":true,"href":"https:\/\/www.europesays.com\/fr\/wp-json\/wp\/v2\/comments?post=304991"}],"version-history":[{"count":0,"href":"https:\/\/www.europesays.com\/fr\/wp-json\/wp\/v2\/posts\/304991\/revisions"}],"wp:featuredmedia":[{"embeddable":true,"href":"https:\/\/www.europesays.com\/fr\/wp-json\/wp\/v2\/media\/304992"}],"wp:attachment":[{"href":"https:\/\/www.europesays.com\/fr\/wp-json\/wp\/v2\/media?parent=304991"}],"wp:term":[{"taxonomy":"category","embeddable":true,"href":"https:\/\/www.europesays.com\/fr\/wp-json\/wp\/v2\/categories?post=304991"},{"taxonomy":"post_tag","embeddable":true,"href":"https:\/\/www.europesays.com\/fr\/wp-json\/wp\/v2\/tags?post=304991"}],"curies":[{"name":"wp","href":"https:\/\/api.w.org\/{rel}","templated":true}]}}