{"id":30500,"date":"2025-04-17T01:51:39","date_gmt":"2025-04-17T01:51:39","guid":{"rendered":"https:\/\/www.europesays.com\/fr\/30500\/"},"modified":"2025-04-17T01:51:39","modified_gmt":"2025-04-17T01:51:39","slug":"pres-de-rouen-un-jeune-homme-sous-cannabis-fonce-en-voiture-sur-des-policiers","status":"publish","type":"post","link":"https:\/\/www.europesays.com\/fr\/30500\/","title":{"rendered":"Pr\u00e8s de Rouen, un jeune homme sous cannabis fonce en voiture sur des policiers"},"content":{"rendered":"<p>            Par<br \/>\n        <strong><br \/>\n            <a href=\"https:\/\/actu.fr\/auteur\/thomas-rideau\" title=\"Consulter tous les articles de Thomas Rideau\" rel=\"nofollow noopener\" target=\"_blank\">Thomas Rideau<\/a><br \/>\n        <\/strong><\/p>\n<p>        Publi\u00e9 le<\/p>\n<p>            16 avr. 2025 \u00e0 11h43        <\/p>\n<p>Frayeur pour les policiers \u00e0 <a href=\"https:\/\/actu.fr\/normandie\/sotteville-les-rouen_76681\" rel=\"nofollow noopener\" target=\"_blank\">Sotteville-l\u00e8s-Rouen (Seine-Maritime)<\/a>. Peu avant 20h, ce mardi 15\u00a0avril 2025, des agents ont \u00e9vit\u00e9 de justesse un automobiliste qui leur fon\u00e7ait dessus, <strong>rue Pierre-Jean-de-B\u00e9ranger<\/strong>, apprend-on de source polici\u00e8re.<\/p>\n<p>Un jeune homme tr\u00e8s coop\u00e9ratif<\/p>\n<p class=\" wall-content\">\u00ab\u2009Ils aper\u00e7oivent une C3 qui arrive \u00e0 tr\u00e8s vive allure sur eux\u2009\u00bb, relate notre source. <strong>Les agents \u00e9vitent la voiture<\/strong> et la collision et interpellent imm\u00e9diatement le chauffard en lui faisant signe de s\u2019arr\u00eater pour un contr\u00f4le.<\/p>\n<p class=\" wall-content\">\n<p class=\" wall-content\">Surprise, au volant, ils vont d\u00e9couvrir <strong>un jeune homme tr\u00e8s coop\u00e9ratif<\/strong>. Au signal de la police, celui-ci obtemp\u00e8re imm\u00e9diatement et se gare sur le c\u00f4t\u00e9. Et, de lui-m\u00eame, il va indiquer aux policiers qu\u2019il n\u2019a pas de permis. Ni <strong>les documents de la voiture<\/strong>. Il ne va pas non plus oublier de mentionner lui-m\u00eame qu\u2019il a consomm\u00e9 du <a href=\"https:\/\/actu.fr\/tag\/drogue\" rel=\"nofollow noopener\" target=\"_blank\">cannabis<\/a>. D\u2019ailleurs, il en a sur lui. Il remet le tout aux policiers.<\/p>\n<p class=\" wall-content\">Ces derniers le ram\u00e8nent <strong>\u00e0 l\u2019h\u00f4tel de police<\/strong> et le place en garde \u00e0 vue. Sur place, il ne reconna\u00eet plus la conduite sous stup\u00e9fiant, un test salivaire est alors effectu\u00e9. \u00c2g\u00e9 de 21\u00a0ans, il est originaire de <a href=\"https:\/\/actu.fr\/normandie\/notre-dame-de-bondeville_76474\" rel=\"nofollow noopener\" target=\"_blank\">Notre-Dame-de-Bondeville<\/a>.<\/p>\n<p>Suivez l\u2019actualit\u00e9 de Rouen <a href=\"https:\/\/www.whatsapp.com\/channel\/0029VaKfnf99hXF2ddApFB1D\" rel=\"nofollow noopener\" target=\"_blank\">sur notre cha\u00eene WhatsApp<\/a> et <a href=\"https:\/\/www.tiktok.com\/@76actu.fr?lang=fr\" rel=\"nofollow noopener\" target=\"_blank\">sur notre compte TikTok<\/a><\/p>\n<p class=\" wall-content\">Suivez toute l\u2019actualit\u00e9 de vos villes et m\u00e9dias favoris en vous inscrivant \u00e0 <a href=\"https:\/\/moncompte.actu.fr\" title=\"D\u00e9couvez Mon Actu\" rel=\"nofollow noopener\" data-trk=\"{&quot;cta&quot;:{&quot;action&quot;:&quot;https:\\\/\\\/moncompte.actu.fr&quot;,&quot;category&quot;:&quot;mon compte&quot;,&quot;from&quot;:&quot;article footer&quot;,&quot;name&quot;:&quot;Mon actu&quot;,&quot;type&quot;:&quot;cta&quot;}}\" target=\"_blank\">Mon Actu<\/a>.<\/p>\n<p>                    <script async src=\"\/\/www.tiktok.com\/embed.js\"><\/script><\/p>\n","protected":false},"excerpt":{"rendered":"Par Thomas Rideau Publi\u00e9 le 16 avr. 2025 \u00e0 11h43 Frayeur pour les policiers \u00e0 Sotteville-l\u00e8s-Rouen (Seine-Maritime). Peu&hellip;\n","protected":false},"author":2,"featured_media":10266,"comment_status":"","ping_status":"","sticky":false,"template":"","format":"standard","meta":{"footnotes":""},"categories":[9587],"tags":[1111,11,3542,1052,1777,674,118,1011,27,12,5161,1072,25,9590],"class_list":{"0":"post-30500","1":"post","2":"type-post","3":"status-publish","4":"format-standard","5":"has-post-thumbnail","7":"category-rouen","8":"tag-actu","9":"tag-actualites","10":"tag-circulation","11":"tag-drogue","12":"tag-eu","13":"tag-europe","14":"tag-faits-divers","15":"tag-fr","16":"tag-france","17":"tag-news","18":"tag-normandie","19":"tag-police","20":"tag-republique-francaise","21":"tag-rouen"},"share_on_mastodon":{"url":"","error":""},"_links":{"self":[{"href":"https:\/\/www.europesays.com\/fr\/wp-json\/wp\/v2\/posts\/30500","targetHints":{"allow":["GET"]}}],"collection":[{"href":"https:\/\/www.europesays.com\/fr\/wp-json\/wp\/v2\/posts"}],"about":[{"href":"https:\/\/www.europesays.com\/fr\/wp-json\/wp\/v2\/types\/post"}],"author":[{"embeddable":true,"href":"https:\/\/www.europesays.com\/fr\/wp-json\/wp\/v2\/users\/2"}],"replies":[{"embeddable":true,"href":"https:\/\/www.europesays.com\/fr\/wp-json\/wp\/v2\/comments?post=30500"}],"version-history":[{"count":0,"href":"https:\/\/www.europesays.com\/fr\/wp-json\/wp\/v2\/posts\/30500\/revisions"}],"wp:featuredmedia":[{"embeddable":true,"href":"https:\/\/www.europesays.com\/fr\/wp-json\/wp\/v2\/media\/10266"}],"wp:attachment":[{"href":"https:\/\/www.europesays.com\/fr\/wp-json\/wp\/v2\/media?parent=30500"}],"wp:term":[{"taxonomy":"category","embeddable":true,"href":"https:\/\/www.europesays.com\/fr\/wp-json\/wp\/v2\/categories?post=30500"},{"taxonomy":"post_tag","embeddable":true,"href":"https:\/\/www.europesays.com\/fr\/wp-json\/wp\/v2\/tags?post=30500"}],"curies":[{"name":"wp","href":"https:\/\/api.w.org\/{rel}","templated":true}]}}