{"id":305001,"date":"2025-08-08T11:46:18","date_gmt":"2025-08-08T11:46:18","guid":{"rendered":"https:\/\/www.europesays.com\/fr\/305001\/"},"modified":"2025-08-08T11:46:18","modified_gmt":"2025-08-08T11:46:18","slug":"il-part-en-vacances-avec-2-g-dalcool-dans-le-sang-roule-a-contresens-et-percute-une-voiture-pres-de-rouen","status":"publish","type":"post","link":"https:\/\/www.europesays.com\/fr\/305001\/","title":{"rendered":"Il part en vacances avec 2 g d&rsquo;alcool dans le sang, roule \u00e0 contresens et percute une voiture pr\u00e8s de Rouen"},"content":{"rendered":"<p>\t\t\t\t\t Il \u00e9tait un peu avant 3h30 ce vendredi 8 ao\u00fbt quand les sapeurs-pompiers et la police sont intervenus sur le lieu d\u2019un accident de la circulation \u00e0 Petit-Quevilly, pr\u00e8s de Rouen. Deux voitures venaient d\u2019entrer en collision frontale sur la Sud3. <\/p>\n<p>Selon les premiers \u00e9l\u00e9ments recueillis sur place, le conducteur d\u2019une Citro\u00ebn DS4, un homme \u00e2g\u00e9 de 48 ans, roulait \u00e0 contresens de la circulation lorsqu\u2019il a percut\u00e9 une Opel Corsa arrivant en sens inverse, en direction de Rouen.\n\t\t\t\t <\/p>\n","protected":false},"excerpt":{"rendered":"Il \u00e9tait un peu avant 3h30 ce vendredi 8 ao\u00fbt quand les sapeurs-pompiers et la police sont intervenus&hellip;\n","protected":false},"author":2,"featured_media":305002,"comment_status":"","ping_status":"","sticky":false,"template":"","format":"standard","meta":{"footnotes":""},"categories":[9587],"tags":[1111,11,1777,674,1011,27,1934,12,5161,25,9590,5163],"class_list":{"0":"post-305001","1":"post","2":"type-post","3":"status-publish","4":"format-standard","5":"has-post-thumbnail","7":"category-rouen","8":"tag-actu","9":"tag-actualites","10":"tag-eu","11":"tag-europe","12":"tag-fr","13":"tag-france","14":"tag-infos-locales","15":"tag-news","16":"tag-normandie","17":"tag-republique-francaise","18":"tag-rouen","19":"tag-seine-maritime"},"share_on_mastodon":{"url":"https:\/\/pubeurope.com\/@fr\/114992983823776885","error":""},"_links":{"self":[{"href":"https:\/\/www.europesays.com\/fr\/wp-json\/wp\/v2\/posts\/305001","targetHints":{"allow":["GET"]}}],"collection":[{"href":"https:\/\/www.europesays.com\/fr\/wp-json\/wp\/v2\/posts"}],"about":[{"href":"https:\/\/www.europesays.com\/fr\/wp-json\/wp\/v2\/types\/post"}],"author":[{"embeddable":true,"href":"https:\/\/www.europesays.com\/fr\/wp-json\/wp\/v2\/users\/2"}],"replies":[{"embeddable":true,"href":"https:\/\/www.europesays.com\/fr\/wp-json\/wp\/v2\/comments?post=305001"}],"version-history":[{"count":0,"href":"https:\/\/www.europesays.com\/fr\/wp-json\/wp\/v2\/posts\/305001\/revisions"}],"wp:featuredmedia":[{"embeddable":true,"href":"https:\/\/www.europesays.com\/fr\/wp-json\/wp\/v2\/media\/305002"}],"wp:attachment":[{"href":"https:\/\/www.europesays.com\/fr\/wp-json\/wp\/v2\/media?parent=305001"}],"wp:term":[{"taxonomy":"category","embeddable":true,"href":"https:\/\/www.europesays.com\/fr\/wp-json\/wp\/v2\/categories?post=305001"},{"taxonomy":"post_tag","embeddable":true,"href":"https:\/\/www.europesays.com\/fr\/wp-json\/wp\/v2\/tags?post=305001"}],"curies":[{"name":"wp","href":"https:\/\/api.w.org\/{rel}","templated":true}]}}