{"id":305003,"date":"2025-08-08T11:47:14","date_gmt":"2025-08-08T11:47:14","guid":{"rendered":"https:\/\/www.europesays.com\/fr\/305003\/"},"modified":"2025-08-08T11:47:14","modified_gmt":"2025-08-08T11:47:14","slug":"isere-trois-magasins-decathlon-dans-le-viseur-pour-commerce-illegal-une-plainte-deposee","status":"publish","type":"post","link":"https:\/\/www.europesays.com\/fr\/305003\/","title":{"rendered":"Is\u00e8re. Trois magasins Decathlon dans le viseur pour \u00ab\u00a0commerce ill\u00e9gal\u00a0\u00bb, une plainte d\u00e9pos\u00e9e"},"content":{"rendered":"<p>            Par<br \/>\n        <strong><br \/>\n            <a href=\"https:\/\/actu.fr\/auteur\/lisa-rodrigues\" title=\"Consulter tous les articles de Lisa Rodrigues\" rel=\"nofollow noopener\" target=\"_blank\">Lisa Rodrigues<\/a><br \/>\n        <\/strong><\/p>\n<p>        Publi\u00e9 le<\/p>\n<p>            8 ao\u00fbt 2025 \u00e0 11h43        <\/p>\n<p>Il y a quelques semaines, les militants de l\u2019association PAZ (Projet Animaux Zoopolis) se r\u00e9jouissaient de la <a href=\"https:\/\/actu.fr\/auvergne-rhone-alpes\/echirolles_38151\/grenoble-decathlon-arrete-cette-vente-polemique-une-grande-victoire-pour-des-militants_62635799.html\" rel=\"nofollow noopener\" target=\"_blank\">d\u00e9cision du magasin<\/a> <strong>Decathlon<\/strong> d\u2019\u00c9chirolles de stopper la vente de poissons vivants, souvent utilis\u00e9s comme app\u00e2t pour attraper des carnassiers dans le cadre de la p\u00eache au vif. Celui de La Tronche avait \u00e9galement pris une d\u00e9cision similaire quelques temps auparavant.<\/p>\n<p class=\" wall-content\">Ce sont d\u00e9sormais <strong>trois autres magasins is\u00e9rois<\/strong> du g\u00e9ant du sport qui sont dans le viseur de l\u2019association pour les m\u00eames revendications : celui de Saint-\u00c9gr\u00e8ve, pr\u00e8s de <a href=\"https:\/\/actu.fr\/auvergne-rhone-alpes\/grenoble_38185\" rel=\"nofollow noopener\" target=\"_blank\">Grenoble<\/a>, et ceux Salaise-sur-Sanne et <a href=\"https:\/\/actu.fr\/auvergne-rhone-alpes\/chasse-sur-rhone_38087\" rel=\"nofollow noopener\" target=\"_blank\">Chasse-sur-Rh\u00f4n<\/a>e, au sud de Lyon.<\/p>\n<p>Absence d\u2019autorisations n\u00e9cessaires<\/p>\n<p class=\" wall-content\">PAZ est m\u00eame all\u00e9 plus loin, en annon\u00e7ant dans un communiqu\u00e9 avoir \u00ab\u00a0<strong>d\u00e9pos\u00e9 plainte<\/strong> aupr\u00e8s des tribunaux judiciaires de Grenoble et de <a href=\"https:\/\/actu.fr\/auvergne-rhone-alpes\/vienne_38544\" rel=\"nofollow noopener\" target=\"_blank\">Vienne<\/a>\u00a0\u00bb contre ces trois enseignes.<\/p>\n<p class=\" wall-content\">L\u2019association explique avoir pris contact avec les services de l\u2019\u00c9tat en Is\u00e8re pour demander \u00e0 voir les autorisations de ces magasins Decathlon is\u00e9rois pour vendre des poissons vivants, documents qui n\u2019ont pas pu \u00eatre transmis car n\u2019ayant pas \u00e9t\u00e9 demand\u00e9s par la marque, assure PAZ.<\/p>\n<blockquote class=\"ac-article-quote wall-content\">\n<p>Ces magasins vendent des poissons vivants appartenant \u00e0 des esp\u00e8ces non domestiques sans les autorisations n\u00e9cessaires. Ce d\u00e9lit p\u00e9nal est puni de trois ans d\u2019emprisonnement et de 150 000 euros d\u2019amende.<\/p>\n<p>    <strong>PAZ<\/strong>\n            <\/p><\/blockquote>\n<p class=\" wall-content\">L\u2019association plaide \u00e9galement pour \u00ab\u00a0qu\u2019une <strong>enqu\u00eate judiciaire<\/strong> soit diligent\u00e9e par l\u2019OFB (Office fran\u00e7ais de la biodiversit\u00e9) de l\u2019<a href=\"https:\/\/actu.fr\/auvergne-rhone-alpes\/isere_38\" rel=\"nofollow noopener\" target=\"_blank\">Is\u00e8re<\/a>\u00a0\u00bb\u00a0 et \u00ab\u00a0que les magasins soient fermement condamn\u00e9s\u00a0\u00bb.<\/p>\n<p>    <img   decoding=\"async\" loading=\"lazy\" src=\"https:\/\/www.europesays.com\/fr\/wp-content\/uploads\/2025\/08\/paz-poissons-decathlon-960x640.jpg\" alt=\"L'association de protection des animaux PAZ a port\u00e9 plainte contre trois magasins Decathlon en Is\u00e8re, qui vendraient sans autorisation des poissons vivants pour la p\u00eache, comme ici \u00e0 Saint-\u00c9gr\u00e8ve en avril 2025.\" width=\"960\" height=\"640\"\/><br \/>\n    Des poissons vendus pour la p\u00eache au Decathlon de Saint-\u00c9gr\u00e8ve en Is\u00e8re, en avril 2025. (\u00a9Association PAZ \/ document remis \u00e0 actu Grenoble)Une plainte aussi d\u00e9pos\u00e9e contre Decathlon France<\/p>\n<p class=\" wall-content\">Outre les magasins is\u00e9rois, la plainte d\u00e9pos\u00e9e mardi 5 ao\u00fbt \u00ab\u00a0vise \u00e9galement le si\u00e8ge social de Decathlon France bas\u00e9 dans le Nord\u00a0\u00bb.<\/p>\n<p class=\" wall-content\">\u00ab\u00a0Aujourd\u2019hui, nous d\u00e9couvrons que l\u2019enseigne n\u2019a pas les autorisations n\u00e9cessaires pour effectuer cette vente, d\u00e9plore Amandine Sanvisen, cofondatrice de PAZ. Pourquoi l\u2019\u00c9tat a-t-il laiss\u00e9 faire ? Il est temps de <strong>mettre d\u00e9finitivement un terme<\/strong> \u00e0 ce commerce cruel et ill\u00e9gal. \u00bb<\/p>\n<p class=\" wall-content\">Suivez toute l\u2019actualit\u00e9 de vos villes et m\u00e9dias favoris en vous inscrivant \u00e0 <a href=\"https:\/\/moncompte.actu.fr\" title=\"D\u00e9couvez Mon Actu\" rel=\"nofollow noopener\" data-trk=\"{&quot;cta&quot;:{&quot;action&quot;:&quot;https:\\\/\\\/moncompte.actu.fr&quot;,&quot;category&quot;:&quot;mon compte&quot;,&quot;from&quot;:&quot;article footer&quot;,&quot;name&quot;:&quot;Mon actu&quot;,&quot;type&quot;:&quot;cta&quot;}}\" target=\"_blank\">Mon Actu<\/a>.<\/p>\n","protected":false},"excerpt":{"rendered":"Par Lisa Rodrigues Publi\u00e9 le 8 ao\u00fbt 2025 \u00e0 11h43 Il y a quelques semaines, les militants de&hellip;\n","protected":false},"author":2,"featured_media":305004,"comment_status":"","ping_status":"","sticky":false,"template":"","format":"standard","meta":{"footnotes":""},"categories":[9566],"tags":[1111,11,1867,2430,1777,674,1011,27,2731,303,12,25,104],"class_list":{"0":"post-305003","1":"post","2":"type-post","3":"status-publish","4":"format-standard","5":"has-post-thumbnail","7":"category-grenoble","8":"tag-actu","9":"tag-actualites","10":"tag-animaux","11":"tag-auvergne-rhone-alpes","12":"tag-eu","13":"tag-europe","14":"tag-fr","15":"tag-france","16":"tag-grenoble","17":"tag-justice","18":"tag-news","19":"tag-republique-francaise","20":"tag-societe"},"share_on_mastodon":{"url":"https:\/\/pubeurope.com\/@fr\/114992987829185333","error":""},"_links":{"self":[{"href":"https:\/\/www.europesays.com\/fr\/wp-json\/wp\/v2\/posts\/305003","targetHints":{"allow":["GET"]}}],"collection":[{"href":"https:\/\/www.europesays.com\/fr\/wp-json\/wp\/v2\/posts"}],"about":[{"href":"https:\/\/www.europesays.com\/fr\/wp-json\/wp\/v2\/types\/post"}],"author":[{"embeddable":true,"href":"https:\/\/www.europesays.com\/fr\/wp-json\/wp\/v2\/users\/2"}],"replies":[{"embeddable":true,"href":"https:\/\/www.europesays.com\/fr\/wp-json\/wp\/v2\/comments?post=305003"}],"version-history":[{"count":0,"href":"https:\/\/www.europesays.com\/fr\/wp-json\/wp\/v2\/posts\/305003\/revisions"}],"wp:featuredmedia":[{"embeddable":true,"href":"https:\/\/www.europesays.com\/fr\/wp-json\/wp\/v2\/media\/305004"}],"wp:attachment":[{"href":"https:\/\/www.europesays.com\/fr\/wp-json\/wp\/v2\/media?parent=305003"}],"wp:term":[{"taxonomy":"category","embeddable":true,"href":"https:\/\/www.europesays.com\/fr\/wp-json\/wp\/v2\/categories?post=305003"},{"taxonomy":"post_tag","embeddable":true,"href":"https:\/\/www.europesays.com\/fr\/wp-json\/wp\/v2\/tags?post=305003"}],"curies":[{"name":"wp","href":"https:\/\/api.w.org\/{rel}","templated":true}]}}