{"id":305007,"date":"2025-08-08T11:50:10","date_gmt":"2025-08-08T11:50:10","guid":{"rendered":"https:\/\/www.europesays.com\/fr\/305007\/"},"modified":"2025-08-08T11:50:10","modified_gmt":"2025-08-08T11:50:10","slug":"la-js-cherbourg-recoit-une-equipe-de-lelite-cesson-rennes-pour-continuer-a-progresser","status":"publish","type":"post","link":"https:\/\/www.europesays.com\/fr\/305007\/","title":{"rendered":"La JS Cherbourg re\u00e7oit une \u00e9quipe de l\u2019\u00e9lite, Cesson-Rennes, pour continuer \u00e0 progresser"},"content":{"rendered":"<p>            Par<br \/>\n        <strong><br \/>\n            <a href=\"https:\/\/actu.fr\/auteur\/redaction-pressemanche\" title=\"Consulter tous les articles de R\u00e9daction La Presse de la Manche\" target=\"_blank\" rel=\"noopener\">R\u00e9daction La Presse de la Manche<\/a><br \/>\n        <\/strong><\/p>\n<p>        Publi\u00e9 le<\/p>\n<p>            8 ao\u00fbt 2025 \u00e0 13h24        <\/p>\n<p>\u00ab\u2009C\u2019\u00e9tait un match de travail\u2009\u00bb\u2009: voil\u00e0 comment l\u2019entra\u00eeneur Edu Fernandez Roura a qualifi\u00e9 la rencontre de mardi 5\u00a0ao\u00fbt 2025 au soir face \u00e0 Pontault-Combault,<b> la premi\u00e8re des huit rencontres amicales<\/b> de la <a href=\"https:\/\/actu.fr\/tag\/js-cherbourg-jsc\" target=\"_blank\" rel=\"noopener\">JS Cherbourg<\/a> (Manche) avant le d\u00e9but officiel de sa saison de Proligue le <b>vendredi 5\u00a0septembre<\/b> contre <a href=\"https:\/\/actu.fr\/bourgogne-franche-comte\/besancon_25056\" target=\"_blank\" rel=\"noopener\">Besan\u00e7on<\/a>.<\/p>\n<p class=\" wall-content\">Comme souvent en pr\u00e9paration ces derni\u00e8res ann\u00e9es, les Mauves affrontent donc Cesson-Rennes<b>\u00a0vendredi 8\u00a0ao\u00fbt (19\u2009h).<\/b> Pour l\u2019occasion, la formation cherbourgeoise se d\u00e9localise \u00e0 <a href=\"https:\/\/actu.fr\/normandie\/granville_50218\" target=\"_blank\" rel=\"noopener\">Granville.<\/a><\/p>\n<p class=\" wall-content\">Ce soir, l\u2019approche du technicien espagnol ne devrait pas \u00eatre tr\u00e8s diff\u00e9rente de mardi, m\u00eame si l\u2019opposition va \u00eatre <b>d\u2019un autre niveau<\/b> face \u00e0 une place forte de Lidl Starligue, le premier \u00e9chelon fran\u00e7ais. Un deuxi\u00e8me match de pr\u00e9paration cette saison, o\u00f9 la formation de Cherbourg <b>continuera \u00e0 se tester.<\/b><\/p>\n<p>Retrouvailles pour Axel Oppedisano<\/p>\n<p class=\" wall-content\">Ce sera l\u2019occasion pour le public du Sud-Manche de voir \u00e9voluer \u00ab\u2009en live\u2009\u00bb les joueurs de la JSC, d\u2019habitude cantonn\u00e9s au nord du Cotentin.<\/p>\n<p class=\" wall-content\">L\u2019occasion \u00e9galement de <b>belles retrouvailles <\/b>entre la <b>recrue cherbourgeoise Axel Oppedisano<\/b> et son ancien club, o\u00f9 il a pass\u00e9 <b>trois saisons<\/b>, de 2022 \u00e0 2025. Le <b>pivot de 28\u00a0ans<\/b>, \u00e9galement pass\u00e9 par Nice, avait annonc\u00e9 dans nos colonnes vouloir \u00ab\u2009r\u00e9aliser une bonne pr\u00e9pa\u2009\u00bb.<\/p>\n<p class=\" wall-content\">Ce soir, le match face \u00e0 Cesson peut \u00eatre une belle opportunit\u00e9 pour la JS Cherbourg de rebondir apr\u00e8s la <b>d\u00e9faite de quatre buts <\/b>face \u00e0 Pontault mardi.<\/p>\n<p>Vid\u00e9os : en ce moment sur ActuLe m\u00eame groupe qu\u2019en d\u00e9but de semaine<\/p>\n<p class=\" wall-content\">Pour ce faire, Edu Fernandez Roura devrait pouvoir compter <b>sur le m\u00eame groupe qu\u2019en d\u00e9but de semaine<\/b>, et notamment sur ses trois co-capitaines Thomas Loppy, L\u00e9o Weber, et Axel Oppedisano.<\/p>\n<p class=\" wall-content\">Comme face \u00e0 Pontault-Combault, le but principal du staff de Cherbourg sera d\u2019<b>\u00e9valuer les pistes d\u2019am\u00e9lioration<\/b> du collectif cherbourgeois et de <b>cr\u00e9er des automatismes.<\/b><\/p>\n<p>Le groupe<\/p>\n<p>Gardiens de but\u2009: Gauthier, Vekic. Joueurs de champ\u2009: Lima, Lopez, Langlais, Weber, Ariba, Reis, Jambres, Ivanovic, Goujon Bellevue, Almeida, Busselier, Oppedisano, Loppy, Guemeida. Entra\u00eeneur\u2009: Edu Fernandez Roura.<\/p>\n<p class=\" wall-content\"><b>Emile SENECAL<\/b><\/p>\n<p class=\" wall-content\">Suivez toute l\u2019actualit\u00e9 de vos villes et m\u00e9dias favoris en vous inscrivant \u00e0 <a href=\"https:\/\/moncompte.actu.fr\" title=\"D\u00e9couvez Mon Actu\" rel=\"nofollow noopener\" data-trk=\"{&quot;cta&quot;:{&quot;action&quot;:&quot;https:\\\/\\\/moncompte.actu.fr&quot;,&quot;category&quot;:&quot;mon compte&quot;,&quot;from&quot;:&quot;article footer&quot;,&quot;name&quot;:&quot;Mon actu&quot;,&quot;type&quot;:&quot;cta&quot;}}\" target=\"_blank\">Mon Actu<\/a>.<\/p>\n","protected":false},"excerpt":{"rendered":"Par R\u00e9daction La Presse de la Manche Publi\u00e9 le 8 ao\u00fbt 2025 \u00e0 13h24 \u00ab\u2009C\u2019\u00e9tait un match de&hellip;\n","protected":false},"author":2,"featured_media":305008,"comment_status":"","ping_status":"","sticky":false,"template":"","format":"standard","meta":{"footnotes":""},"categories":[2821],"tags":[1111,11,829,3168,1777,674,1011,27,1792,44484,12,584,25,60,23784],"class_list":{"0":"post-305007","1":"post","2":"type-post","3":"status-publish","4":"format-standard","5":"has-post-thumbnail","7":"category-rennes","8":"tag-actu","9":"tag-actualites","10":"tag-bretagne","11":"tag-cotentin","12":"tag-eu","13":"tag-europe","14":"tag-fr","15":"tag-france","16":"tag-handball","17":"tag-js-cherbourg-jsc","18":"tag-news","19":"tag-rennes","20":"tag-republique-francaise","21":"tag-sports","22":"tag-sud-manche"},"share_on_mastodon":{"url":"https:\/\/pubeurope.com\/@fr\/114992999471604910","error":""},"_links":{"self":[{"href":"https:\/\/www.europesays.com\/fr\/wp-json\/wp\/v2\/posts\/305007","targetHints":{"allow":["GET"]}}],"collection":[{"href":"https:\/\/www.europesays.com\/fr\/wp-json\/wp\/v2\/posts"}],"about":[{"href":"https:\/\/www.europesays.com\/fr\/wp-json\/wp\/v2\/types\/post"}],"author":[{"embeddable":true,"href":"https:\/\/www.europesays.com\/fr\/wp-json\/wp\/v2\/users\/2"}],"replies":[{"embeddable":true,"href":"https:\/\/www.europesays.com\/fr\/wp-json\/wp\/v2\/comments?post=305007"}],"version-history":[{"count":0,"href":"https:\/\/www.europesays.com\/fr\/wp-json\/wp\/v2\/posts\/305007\/revisions"}],"wp:featuredmedia":[{"embeddable":true,"href":"https:\/\/www.europesays.com\/fr\/wp-json\/wp\/v2\/media\/305008"}],"wp:attachment":[{"href":"https:\/\/www.europesays.com\/fr\/wp-json\/wp\/v2\/media?parent=305007"}],"wp:term":[{"taxonomy":"category","embeddable":true,"href":"https:\/\/www.europesays.com\/fr\/wp-json\/wp\/v2\/categories?post=305007"},{"taxonomy":"post_tag","embeddable":true,"href":"https:\/\/www.europesays.com\/fr\/wp-json\/wp\/v2\/tags?post=305007"}],"curies":[{"name":"wp","href":"https:\/\/api.w.org\/{rel}","templated":true}]}}