{"id":305009,"date":"2025-08-08T11:52:19","date_gmt":"2025-08-08T11:52:19","guid":{"rendered":"https:\/\/www.europesays.com\/fr\/305009\/"},"modified":"2025-08-08T11:52:19","modified_gmt":"2025-08-08T11:52:19","slug":"revue-de-presse-strasbourg-va-encore-frapper-fort-le-losc-aussi","status":"publish","type":"post","link":"https:\/\/www.europesays.com\/fr\/305009\/","title":{"rendered":"Revue de presse : Strasbourg va encore frapper fort, le LOSC aussi !"},"content":{"rendered":"<p><strong>Si But! Football Club traite en premier lieu l\u2019actualit\u00e9 de certaines \u00e9quipes de l\u2019\u00e9lite, nous avons d\u00e9cid\u00e9 de vous faire un r\u00e9sum\u00e9 de ce qu\u2019il s\u2019est pass\u00e9 aujourd\u2019hui dans l\u2019autre partie \u2013 moins m\u00e9diatique \u2013 de la France du football.<\/strong><\/p>\n<p>RC Strasbourg : Hogsberg (Nordsjaelland) en approche<\/p>\n<p>Selon le m\u00e9dia danois Bold, le RC Strasbourg et le FC Nordsjaelland seraient parvenus \u00e0 un accord pour le transfert de Lucas Hogsberg moyennant 15 M\u20ac, hors bonus. Ce d\u00e9fenseur central de 19 ans est d\u00e9j\u00e0 international danois (2 s\u00e9lections).<\/p>\n<p>AJ Auxerre : Ay\u00e9 file au Servette Gen\u00e8ve<\/p>\n<p>L\u2019AJ Auxerre et le Servette de Gen\u00e8ve sont parvenus \u00e0 un accord pour le transfert de l\u2019attaquant Florian Ay\u00e9 (28 ans). Celui-ci, rarement titulaire, avait disput\u00e9 26 rencontres au total, inscrivant 2 buts. Il n\u2019entrait plus dans les plans de Christophe P\u00e9lissier.<\/p>\n<p>FC Lorient : un gardien suisse en approche<\/p>\n<p>Hier soir, l\u2019insider Mohamed Toubache-Ter a relay\u00e9 une information annon\u00e7ant l\u2019arriv\u00e9e du gardien suisse David von Ballmoos (30 ans) chez les Merlus : \u00ab\u00a0David von Ballmoos ferait un bien fou \u00e0 Lorient\u2026 \u00e7a serait cool d\u2019avoir ce gardien en Ligue 1. PS: ce n\u2019est pas une info\u00a0\u00bb. Von Ballmoos est sous contrat jusqu\u2019en 2027 avec les Young Boys de Berne. Sa cote est de 600.000\u20ac, selon Transfermarkt.<\/p>\n<p><a href=\"https:\/\/www.butfootballclub.fr\/612949-psg-mercato-une-recrue-arrive-dans-les-valises-de-chevalier-losc\/\" rel=\"noopener nofollow\" target=\"_blank\">LOSC<\/a>\u00a0: Diakit\u00e9 vers un d\u00e9part, Velho pour succ\u00e9der \u00e0 Chevalier\u00a0?<\/p>\n<p>\u00c0 la recherche d\u2019un n\u00b0 1, le <a href=\"https:\/\/www.butfootballclub.fr\/612872-om-mercato-nouveau-coup-de-frein-a-la-piste-zhegrova-losc\/\" rel=\"noopener nofollow\" target=\"_blank\">LOSC<\/a> suit le Portugais Ricardo Velho (26 ans), sous contrat avec Farense jusqu\u2019en 2028. Rel\u00e9gu\u00e9 en Deuxi\u00e8me Division, alors que le meilleur gardien de la saison 2023-2024 du Championnat portugais a rat\u00e9 la fin de saison pour une blessure \u00e0 un genou, le club de Faro voudrait obtenir 5 M\u20ac pour l\u00e2cher celui qui a \u00e9t\u00e9 appel\u00e9 pour la premi\u00e8re fois avec la Sele\u00e7ao en octobre dernier. Selon L\u2019\u00c9quipe, Lille doit composer avec la concurrence de Brest et du Celta Vigo sur ce dossier. Au rayon des d\u00e9parts, Le Petit Lillois croit savoir que Bafod\u00e9 Diakit\u00e9 n\u2019a jamais sembl\u00e9 aussi proche d\u2019un d\u00e9part vers Bournemouth.<\/p>\n","protected":false},"excerpt":{"rendered":"Si But! Football Club traite en premier lieu l\u2019actualit\u00e9 de certaines \u00e9quipes de l\u2019\u00e9lite, nous avons d\u00e9cid\u00e9 de&hellip;\n","protected":false},"author":2,"featured_media":305010,"comment_status":"","ping_status":"","sticky":false,"template":"","format":"standard","meta":{"footnotes":""},"categories":[2820],"tags":[1111,11,448,1777,674,63,1011,27,775,66,3388,12,25,640,10662],"class_list":{"0":"post-305009","1":"post","2":"type-post","3":"status-publish","4":"format-standard","5":"has-post-thumbnail","7":"category-strasbourg","8":"tag-actu","9":"tag-actualites","10":"tag-champions-league","11":"tag-eu","12":"tag-europe","13":"tag-football","14":"tag-fr","15":"tag-france","16":"tag-grand-est","17":"tag-ligue-1","18":"tag-matchs","19":"tag-news","20":"tag-republique-francaise","21":"tag-strasbourg","22":"tag-transferts"},"share_on_mastodon":{"url":"https:\/\/pubeurope.com\/@fr\/114993007451563900","error":""},"_links":{"self":[{"href":"https:\/\/www.europesays.com\/fr\/wp-json\/wp\/v2\/posts\/305009","targetHints":{"allow":["GET"]}}],"collection":[{"href":"https:\/\/www.europesays.com\/fr\/wp-json\/wp\/v2\/posts"}],"about":[{"href":"https:\/\/www.europesays.com\/fr\/wp-json\/wp\/v2\/types\/post"}],"author":[{"embeddable":true,"href":"https:\/\/www.europesays.com\/fr\/wp-json\/wp\/v2\/users\/2"}],"replies":[{"embeddable":true,"href":"https:\/\/www.europesays.com\/fr\/wp-json\/wp\/v2\/comments?post=305009"}],"version-history":[{"count":0,"href":"https:\/\/www.europesays.com\/fr\/wp-json\/wp\/v2\/posts\/305009\/revisions"}],"wp:featuredmedia":[{"embeddable":true,"href":"https:\/\/www.europesays.com\/fr\/wp-json\/wp\/v2\/media\/305010"}],"wp:attachment":[{"href":"https:\/\/www.europesays.com\/fr\/wp-json\/wp\/v2\/media?parent=305009"}],"wp:term":[{"taxonomy":"category","embeddable":true,"href":"https:\/\/www.europesays.com\/fr\/wp-json\/wp\/v2\/categories?post=305009"},{"taxonomy":"post_tag","embeddable":true,"href":"https:\/\/www.europesays.com\/fr\/wp-json\/wp\/v2\/tags?post=305009"}],"curies":[{"name":"wp","href":"https:\/\/api.w.org\/{rel}","templated":true}]}}