{"id":305021,"date":"2025-08-08T11:59:10","date_gmt":"2025-08-08T11:59:10","guid":{"rendered":"https:\/\/www.europesays.com\/fr\/305021\/"},"modified":"2025-08-08T11:59:10","modified_gmt":"2025-08-08T11:59:10","slug":"qui-est-le-nouveau-patron-de-la-principale-division-du-groupe","status":"publish","type":"post","link":"https:\/\/www.europesays.com\/fr\/305021\/","title":{"rendered":"qui est le nouveau patron de la principale division du groupe\u00a0?"},"content":{"rendered":"<p>            Par<br \/>\n        <strong><br \/>\n            <a href=\"https:\/\/actu.fr\/auteur\/guillaume-laurens\" title=\"Consulter tous les articles de Guillaume Laurens\" target=\"_blank\" rel=\"noopener\">Guillaume Laurens<\/a><br \/>\n        <\/strong><\/p>\n<p>        Publi\u00e9 le<\/p>\n<p>            8 ao\u00fbt 2025 \u00e0 13h06        <\/p>\n<p>Il va tr\u00e8s bient\u00f4t y avoir du nouveau dans la gouvernance d<strong>\u2019<a href=\"https:\/\/actu.fr\/tag\/airbus\" target=\"_blank\" rel=\"noopener\">Airbus,<\/a><\/strong> au poste le plus strat\u00e9gique d\u2019<strong>Airbus Commercial Aircraft, <\/strong>la principale division du groupe, dont le si\u00e8ge mondial est \u00e0 <a href=\"https:\/\/actu.fr\/toulouse\/\" target=\"_blank\" rel=\"noopener\">Toulouse<\/a>. Dans quelques mois, <strong>Lars Wagner<\/strong> s\u2019appr\u00eate en effet \u00e0 rejoindre le <strong>comit\u00e9 ex\u00e9cutif<\/strong> du g\u00e9ant a\u00e9ronautique, et \u00e0 <strong>piloter<\/strong> la pr\u00e9cieuse activit\u00e9 des <strong>avions commerciaux.\u00a0<\/strong>Pr\u00e9sentation.<\/p>\n<p>Lars Wagner va succ\u00e9der \u00e0 Christian Scherer<\/p>\n<p class=\" wall-content\">Actuellement PDG de <strong>MTU Aero Engines AG,<\/strong> l\u2019un des leaders mondiaux de la fabrication et de la commercialisation de composants pour moteurs d\u2019avions civils et militaires, qui est bas\u00e9 \u00e0 Munich, Lars Wagner va donc rejoindre le <strong>comit\u00e9 ex\u00e9cutif<\/strong> d\u2019Airbus, dans l\u2019optique de prendre la succession de <strong>Christian Scherer<\/strong> au poste de PDG de l\u2019activit\u00e9 Avions commerciaux, \u00e0 compter du 1\u1d49\u02b3 janvier\u00a02026.<\/p>\n<p>    <img   decoding=\"async\" loading=\"lazy\" src=\"https:\/\/www.europesays.com\/fr\/wp-content\/uploads\/2025\/08\/lars-wagner-airbus-960x640.jpg\" alt=\"Renomm\u00e9 dans le secteur, l'Allemand Lars Wagner, 50 ans, prendra bient\u00f4t ses fonctions de PDG de la division des avions commerciaux du groupe europ\u00e9en\" width=\"960\" height=\"640\"\/><br \/>\n    Renomm\u00e9 dans le secteur, l\u2019Allemand Lars Wagner, 50 ans, prendra bient\u00f4t ses fonctions de PDG de la division des avions commerciaux du groupe europ\u00e9en (\u00a9Airbus)Arriv\u00e9e attendue en novembre prochain<\/p>\n<p class=\" wall-content\">Tr\u00e8s pr\u00e9cis\u00e9ment, Airbus annonce que Lars Wagner rejoindra le groupe <strong>d\u00e9but novembre\u00a02025,<\/strong> afin \u00ab\u2009d\u2019assurer une transition harmonieuse\u2009\u00bb avec Christian Scherer. Ce dernier, un franco-allemand de <strong>63\u00a0ans<\/strong> d\u00e9sormais proche de la retraite, restera donc PDG de la division Avions commerciaux jusqu\u2019au 31\u00a0d\u00e9cembre 2025, apr\u00e8s <strong>plus de 40\u00a0ans de carri\u00e8re<\/strong> \u00e0 divers postes de direction chez Airbus.<\/p>\n<p class=\" wall-content\">Une transition pr\u00e9vue de longue date puisqu\u2019elle avait \u00e9t\u00e9 <a href=\"https:\/\/actu.fr\/occitanie\/toulouse_31555\/airbus-un-remaniement-surprise-dans-la-principale-division-du-groupe-et-des-benefices-en-hausse_61809046.html\" target=\"_blank\" rel=\"noopener\">annonc\u00e9e \u00e0 la <strong>surprise g\u00e9n\u00e9rale<\/strong> d\u00e8s octobre\u00a02024<\/a>, lors de la pr\u00e9sentation des r\u00e9sultats trimestriels, pour <strong>\u00ab\u2009\u00f4ter l\u2019incertitude\u2009\u00bb<\/strong> quant \u00e0 l\u2019\u00e9volution de sa direction, expliquait \u00e0 l\u2019\u00e9poque le grand patron du groupe, <strong>Guillaume Faury<\/strong>.<\/p>\n<p>Un PDG de 50\u00a0ans, d\u00e9j\u00e0 pass\u00e9 par Airbus<\/p>\n<p class=\" wall-content\">Lars Wagner, <strong>50\u00a0ans<\/strong>, occupe ce poste de PDG de MTU Aero Engines AG depuis janvier\u00a02023. Avant sa nomination et depuis son arriv\u00e9e chez MTU en 2015, il avait notamment \u00e9t\u00e9 directeur de l\u2019exploitation et vice-pr\u00e9sident ex\u00e9cutif en charge des op\u00e9rations OEM. Pr\u00e9c\u00e9demment, il avait occup\u00e9 diff\u00e9rents postes de <strong>direction chez Airbus<\/strong>, notamment \u00e0 <strong>Br\u00eame<\/strong>, <strong>Hambourg<\/strong> et <strong>Toulouse<\/strong>.<\/p>\n<p class=\" wall-content\">Titulaire d\u2019un <strong>dipl\u00f4me d\u2019ing\u00e9nieur<\/strong> en m\u00e9canique et a\u00e9ronautique ainsi que d\u2019un <strong>MBA<\/strong>, Lars Wagner est de nationalit\u00e9 <strong>allemande<\/strong>. S\u2019il est totalement inconnu du grand public, dans le microcosme, \u00ab\u2009Lars est connu, nous le consid\u00e9rons comme <strong>un cadre tr\u00e8s comp\u00e9tent<\/strong>, exp\u00e9riment\u00e9 et talentueux\u2009\u00bb, avait souffl\u00e9 Guillaumy Faury fin 2024.<\/p>\n<p>Son d\u00e9fi\u2009? Acc\u00e9l\u00e9rer les cadences de production, son d\u00e9fi majeur<\/p>\n<p class=\" wall-content\">Le choix de ce grand connaisseur de la <strong>cha\u00eene de sous-traitance<\/strong> ne doit rien au hasard \u00e0 une \u00e9poque o\u00f9 <a href=\"https:\/\/actu.fr\/occitanie\/toulouse_31555\/toulouse-carnet-de-commandes-qui-grossit-livraisons-en-hausse-airbus-devoile_62098278.html\" target=\"_blank\" rel=\"noopener\">le premier avionneur mondial, dont le carnet de commandes d\u00e9borde<\/a>, peine encore \u00e0 <strong>livrer ses avions dans les temps<\/strong>. Un profil qui para\u00eet donc tri\u00e9 sur le volet pour relever un immense d\u00e9fi\u2009: acc\u00e9l\u00e9rer encore les <strong>cadences de production<\/strong>.<\/p>\n<p class=\" wall-content\">Suivez toute l\u2019actualit\u00e9 de vos villes et m\u00e9dias favoris en vous inscrivant \u00e0 <a href=\"https:\/\/moncompte.actu.fr\" title=\"D\u00e9couvez Mon Actu\" rel=\"nofollow noopener\" data-trk=\"{&quot;cta&quot;:{&quot;action&quot;:&quot;https:\\\/\\\/moncompte.actu.fr&quot;,&quot;category&quot;:&quot;mon compte&quot;,&quot;from&quot;:&quot;article footer&quot;,&quot;name&quot;:&quot;Mon actu&quot;,&quot;type&quot;:&quot;cta&quot;}}\" target=\"_blank\">Mon Actu<\/a>.<\/p>\n","protected":false},"excerpt":{"rendered":"Par Guillaume Laurens Publi\u00e9 le 8 ao\u00fbt 2025 \u00e0 13h06 Il va tr\u00e8s bient\u00f4t y avoir du nouveau&hellip;\n","protected":false},"author":2,"featured_media":305022,"comment_status":"","ping_status":"","sticky":false,"template":"","format":"standard","meta":{"footnotes":""},"categories":[2816],"tags":[1111,11,296,36,33,1777,674,1011,27,12,2680,25,2312],"class_list":{"0":"post-305021","1":"post","2":"type-post","3":"status-publish","4":"format-standard","5":"has-post-thumbnail","7":"category-toulouse","8":"tag-actu","9":"tag-actualites","10":"tag-aeronautique","11":"tag-airbus","12":"tag-economie","13":"tag-eu","14":"tag-europe","15":"tag-fr","16":"tag-france","17":"tag-news","18":"tag-occitanie","19":"tag-republique-francaise","20":"tag-toulouse"},"share_on_mastodon":{"url":"https:\/\/pubeurope.com\/@fr\/114993034974788292","error":""},"_links":{"self":[{"href":"https:\/\/www.europesays.com\/fr\/wp-json\/wp\/v2\/posts\/305021","targetHints":{"allow":["GET"]}}],"collection":[{"href":"https:\/\/www.europesays.com\/fr\/wp-json\/wp\/v2\/posts"}],"about":[{"href":"https:\/\/www.europesays.com\/fr\/wp-json\/wp\/v2\/types\/post"}],"author":[{"embeddable":true,"href":"https:\/\/www.europesays.com\/fr\/wp-json\/wp\/v2\/users\/2"}],"replies":[{"embeddable":true,"href":"https:\/\/www.europesays.com\/fr\/wp-json\/wp\/v2\/comments?post=305021"}],"version-history":[{"count":0,"href":"https:\/\/www.europesays.com\/fr\/wp-json\/wp\/v2\/posts\/305021\/revisions"}],"wp:featuredmedia":[{"embeddable":true,"href":"https:\/\/www.europesays.com\/fr\/wp-json\/wp\/v2\/media\/305022"}],"wp:attachment":[{"href":"https:\/\/www.europesays.com\/fr\/wp-json\/wp\/v2\/media?parent=305021"}],"wp:term":[{"taxonomy":"category","embeddable":true,"href":"https:\/\/www.europesays.com\/fr\/wp-json\/wp\/v2\/categories?post=305021"},{"taxonomy":"post_tag","embeddable":true,"href":"https:\/\/www.europesays.com\/fr\/wp-json\/wp\/v2\/tags?post=305021"}],"curies":[{"name":"wp","href":"https:\/\/api.w.org\/{rel}","templated":true}]}}