{"id":305025,"date":"2025-08-08T12:01:09","date_gmt":"2025-08-08T12:01:09","guid":{"rendered":"https:\/\/www.europesays.com\/fr\/305025\/"},"modified":"2025-08-08T12:01:09","modified_gmt":"2025-08-08T12:01:09","slug":"a-marcq-en-baroeul-la-police-nationale-patrouille-pour-faire-face-aux-cambriolages-de-maison","status":"publish","type":"post","link":"https:\/\/www.europesays.com\/fr\/305025\/","title":{"rendered":"\u00c0 Marcq-en-Bar\u0153ul, la police nationale patrouille pour faire face aux cambriolages de maison"},"content":{"rendered":"<p>            Par<br \/>\n        <strong><br \/>\n            <a href=\"https:\/\/actu.fr\/auteur\/redaction-lille\" title=\"Consulter tous les articles de R\u00e9daction Lille\" rel=\"nofollow noopener\" target=\"_blank\">R\u00e9daction Lille<\/a><br \/>\n        <\/strong><\/p>\n<p>        Publi\u00e9 le<\/p>\n<p>            8 ao\u00fbt 2025 \u00e0 12h50        <\/p>\n<p>Il est 15h lorsqu\u2019un convoi de quatre voitures de police s\u2019\u00e9lance tranquillement depuis le <b>commissariat<\/b> de <a href=\"https:\/\/actu.fr\/hauts-de-france\/marcq-en-baroeul_59378\" rel=\"nofollow noopener\" target=\"_blank\">Marcq-en-Bar\u0153ul<\/a>, dans la <a href=\"https:\/\/actu.fr\/lille\/\" rel=\"nofollow noopener\" target=\"_blank\">m\u00e9tropole de Lille<\/a>, pour contr\u00f4ler les premi\u00e8res maisons dans le cadre de l\u2019Op\u00e9ration tranquillit\u00e9 Vacances (OTV) \u00ab\u2009Normalement, les patrouilles ne sont pas si nombreuses\u2009\u00bb, rassure le major Boutellier, \u00ab\u2009seulement trois \u00e0 quatre policiers\u2009\u00bb. Les v\u00e9hicules s\u2019arr\u00eatent devant une premi\u00e8re maison, et la <a href=\"https:\/\/actu.fr\/tag\/police\" rel=\"nofollow noopener\" target=\"_blank\">police nationale<\/a> fait les v\u00e9rifications d\u2019usage. Volets bien ferm\u00e9s, portes verrouill\u00e9es, v\u00e9hicules en bon \u00e9tat, <b>traces d\u2019effraction<\/b> ou de mouvement. Puis le major note sur son appareil que rien n\u2019a \u00e9t\u00e9 signal\u00e9. Objectif\u2009: v\u00e9rifier qu\u2019aucun <a href=\"https:\/\/actu.fr\/tag\/cambriolage\" rel=\"nofollow noopener\" target=\"_blank\">cambriolage<\/a> n\u2019a \u00e9t\u00e9 fait dans la maison.<\/p>\n<p>Des pr\u00e9cautions avant le d\u00e9part en vacances<\/p>\n<p class=\" wall-content\">Le commissaire Boudy, chef adjoint du SLSP (service local du service de protection) de Lille, rappelle <b>les bonnes pratiques avant les longs d\u00e9parts<\/b>. \u00ab\u2009D\u00e9j\u00e0, <b>on \u00e9vite de pr\u00e9venir trop de monde<\/b>, et on demande \u00e0 ses <b>voisins de v\u00e9rifier de temps en temps que tout va bien<\/b>, de <b>r\u00e9cup\u00e9rer le courrier<\/b>, et \u00e9videmment de bien fermer tous les acc\u00e8s aussi\u2009\u00bb, d\u00e9taille-t-il.<\/p>\n<p class=\" wall-content\">Ce service de contr\u00f4le des habitations est <b>gratuit et sur demande<\/b>. Il faut <a href=\"https:\/\/www.service-public.fr\/particuliers\/vosdroits\/F34634\" rel=\"nofollow noopener\" target=\"_blank\">s\u2019inscrire sur le site service-public.fr<\/a> ou au commissariat, en pr\u00e9sentant un justificatif de domicile. La police nationale doit \u00eatre <b>pr\u00e9venue entre 45 et 3\u00a0jours avant le d\u00e9part<\/b>, pour <b>une absence qui ne doit pas d\u00e9passer les 90\u00a0jours<\/b>. Apr\u00e8s avoir rapidement fait son rapport sur son portable, le major Boutellier ram\u00e8ne tout le monde vers les voitures pour partir vers la deuxi\u00e8me maison.<\/p>\n<p>\u00ab\u2009La pr\u00e9sence polici\u00e8re dissuade\u2009\u00bb<\/p>\n<p class=\" wall-content\"><b\/>Un chat gris regarde avec curiosit\u00e9 la patrouille d\u00e9barquer. S\u00e9rieux mais souriants, les policiers proc\u00e8dent aux m\u00eames v\u00e9rifications. \u00ab\u2009En fonction des jours, on a <b>5 \u00e0 une dizaine de maison<\/b><b>s<\/b>, parfois c\u2019est la police municipale qui en fait quelques-unes, mais c\u2019est au cas par cas. Ici <b>\u00e0 Marcq, c\u2019est surtout nous<\/b>\u2009\u00bb, explique le commissaire Boudy.<\/p>\n<p class=\" wall-content\">Il est extr\u00eamement <b>rare de tomber sur un cambriolage en cours<\/b>. En 2022, seuls 7\u2009% des cambriolages ont \u00e9t\u00e9 \u00e9lucid\u00e9s, selon le service statistique de la s\u00e9curit\u00e9 int\u00e9rieure. \u00ab\u2009Les op\u00e9rations Tranquillit\u00e9-Vacances font qu\u2019<b>on passe g\u00e9n\u00e9ralement tous les deux jours devant les maisons inscrites<\/b>\u2009\u00bb, ajoute le major Boutellier.<\/p>\n<blockquote class=\"ac-article-quote wall-content\">\n<p>\u00ab\u2009La pr\u00e9sence polici\u00e8re dissuade, \u00e7a c\u2019est s\u00fbr, et on ne note pas d\u2019augmentation dans les cambriolages. Apr\u00e8s, s\u2019il y a cambriolage, on s\u2019en rend compte assez vite et on peut relever les empreintes et indices rapidement.\u2009\u00bb<\/p>\n<p>Major Boutellier<\/p><\/blockquote>\n<p class=\" wall-content\">\u00ab\u2009Marcq-en-Bar\u0153ul est un bon exemple, <b>c\u2019est calme, il y a beaucoup d\u2019habitations et de gens qui partent en vacances<\/b>, et c\u2019est un endroit o\u00f9 nous avons beaucoup de demandes\u2009\u00bb, souligne le commissaire Boudy.<\/p>\n<p>R\u00e9instaurer un rapport de confiance<\/p>\n<p class=\" wall-content\">Apr\u00e8s avoir march\u00e9 une centaine de m\u00e8tres, la patrouille se retrouve devant une nouvelle maison, \u00e9quip\u00e9e d\u2019un portail. <b>Contr\u00f4le visuel uniquement<\/b> donc, \u00ab\u2009Si on remarque des traces d\u2019effraction, <b>on a quand m\u00eame le droit de passer le portail<\/b>. On peut demander aux voisins ou aux amis de venir avec les cl\u00e9s, mais s\u2019ils sont trop loin, on passe au-dessus. On ne sait jamais, \u00e7a pourrait \u00eatre un <b>cambriolage en cours<\/b>\u2009\u00bb, glisse le major.<\/p>\n<p class=\" wall-content\">La pr\u00e9sence de la police sert aussi, selon eux, \u00e0 <b>cr\u00e9er du lien<\/b>. Les quelques personnes que les forces de l\u2019ordre ont crois\u00e9es souriaient et \u00e9taient tr\u00e8s contentes de les voir. \u00ab\u2009Je me suis inscrit l\u2019ann\u00e9e derni\u00e8re, raconte un habitant, \u00ab\u2009la police m\u2019a signal\u00e9 que <b>ma porte \u00e9tait mal ferm\u00e9e<\/b>, et mon fils l\u2019a verrouill\u00e9e correctement, j\u2019\u00e9tais tr\u00e8s content qu\u2019on me le signale assez vite\u2009!\u2009\u00bb<\/p>\n<p class=\" wall-content\">Suivez toute l\u2019actualit\u00e9 de vos villes et m\u00e9dias favoris en vous inscrivant \u00e0 <a href=\"https:\/\/moncompte.actu.fr\" title=\"D\u00e9couvez Mon Actu\" rel=\"nofollow noopener\" data-trk=\"{&quot;cta&quot;:{&quot;action&quot;:&quot;https:\\\/\\\/moncompte.actu.fr&quot;,&quot;category&quot;:&quot;mon compte&quot;,&quot;from&quot;:&quot;article footer&quot;,&quot;name&quot;:&quot;Mon actu&quot;,&quot;type&quot;:&quot;cta&quot;}}\" target=\"_blank\">Mon Actu<\/a>.<\/p>\n","protected":false},"excerpt":{"rendered":"Par R\u00e9daction Lille Publi\u00e9 le 8 ao\u00fbt 2025 \u00e0 12h50 Il est 15h lorsqu\u2019un convoi de quatre voitures&hellip;\n","protected":false},"author":2,"featured_media":305026,"comment_status":"","ping_status":"","sticky":false,"template":"","format":"standard","meta":{"footnotes":""},"categories":[2815],"tags":[1111,11,1174,1777,674,118,1011,27,811,1307,12,1072,25],"class_list":{"0":"post-305025","1":"post","2":"type-post","3":"status-publish","4":"format-standard","5":"has-post-thumbnail","7":"category-lille","8":"tag-actu","9":"tag-actualites","10":"tag-cambriolage","11":"tag-eu","12":"tag-europe","13":"tag-faits-divers","14":"tag-fr","15":"tag-france","16":"tag-hauts-de-france","17":"tag-lille","18":"tag-news","19":"tag-police","20":"tag-republique-francaise"},"share_on_mastodon":{"url":"https:\/\/pubeurope.com\/@fr\/114993042788829552","error":""},"_links":{"self":[{"href":"https:\/\/www.europesays.com\/fr\/wp-json\/wp\/v2\/posts\/305025","targetHints":{"allow":["GET"]}}],"collection":[{"href":"https:\/\/www.europesays.com\/fr\/wp-json\/wp\/v2\/posts"}],"about":[{"href":"https:\/\/www.europesays.com\/fr\/wp-json\/wp\/v2\/types\/post"}],"author":[{"embeddable":true,"href":"https:\/\/www.europesays.com\/fr\/wp-json\/wp\/v2\/users\/2"}],"replies":[{"embeddable":true,"href":"https:\/\/www.europesays.com\/fr\/wp-json\/wp\/v2\/comments?post=305025"}],"version-history":[{"count":0,"href":"https:\/\/www.europesays.com\/fr\/wp-json\/wp\/v2\/posts\/305025\/revisions"}],"wp:featuredmedia":[{"embeddable":true,"href":"https:\/\/www.europesays.com\/fr\/wp-json\/wp\/v2\/media\/305026"}],"wp:attachment":[{"href":"https:\/\/www.europesays.com\/fr\/wp-json\/wp\/v2\/media?parent=305025"}],"wp:term":[{"taxonomy":"category","embeddable":true,"href":"https:\/\/www.europesays.com\/fr\/wp-json\/wp\/v2\/categories?post=305025"},{"taxonomy":"post_tag","embeddable":true,"href":"https:\/\/www.europesays.com\/fr\/wp-json\/wp\/v2\/tags?post=305025"}],"curies":[{"name":"wp","href":"https:\/\/api.w.org\/{rel}","templated":true}]}}