{"id":305030,"date":"2025-08-08T12:04:14","date_gmt":"2025-08-08T12:04:14","guid":{"rendered":"https:\/\/www.europesays.com\/fr\/305030\/"},"modified":"2025-08-08T12:04:14","modified_gmt":"2025-08-08T12:04:14","slug":"des-intercites-supprimes-sur-les-lignes-bordeaux-marseille-et-paris-limoges-toulouse","status":"publish","type":"post","link":"https:\/\/www.europesays.com\/fr\/305030\/","title":{"rendered":"des intercit\u00e9s supprim\u00e9s sur les lignes Bordeaux-Marseille et Paris-Limoges-Toulouse"},"content":{"rendered":"<p>Une mesure pr\u00e9ventive en raison des fortes chaleurs.<\/p>\n<p dir=\"ltr\">Jusqu\u2019au lundi 11 ao\u00fbt des suppressions de trains sont \u00e0 pr\u00e9voir entre Bordeaux et Marseille mais aussi sur la ligne Paris-Limoge-Toulouse selon des informations de <a href=\"https:\/\/www.bfmtv.com\/economie\/entreprises\/transports\/prevenir-les-pannes-a-cause-des-fortes-chaleurs-attendues-la-sncf-annule-des-trains-sur-les-lignes-bordeaux-marseille-et-paris-limoges-toulouse_AN-202508070228.html\" target=\"_blank\" rel=\"noopener\">BFM Business.<\/a> Ces annulations sont pr\u00e9ventives en raison des fortes chaleurs qui s\u2019installent dans certains d\u00e9partements. \u00ab\u00a0Cette mesure vise \u00e0 pr\u00e9venir les pannes potentielles de climatisation li\u00e9es aux tr\u00e8s hautes temp\u00e9ratures\u00a0\u00bb, informe la SNCF. Les trains Corail qui desservent ces lignes ont une cinquantaine d\u2019ann\u00e9es.<\/p>\n<p dir=\"ltr\">Si le fonctionnement des climatisations sont entretenues et v\u00e9irif\u00e9es r\u00e9guli\u00e8rement \u201cleur conception ancienne ne leur assure pas la m\u00eame robustesse que celle des trains plus r\u00e9cents dans certaines conditions m\u00e9t\u00e9orologiques comme celles rencontr\u00e9es \u00e0 partir d\u2019aujourd&rsquo;hui\u00a0\u00bb. Les voyageurs concern\u00e9s ont \u00e9t\u00e9 contact\u00e9s par la SNCF et b\u00e9n\u00e9ficient d\u2019un \u00e9change ou d\u2019un remboursement sans frais.<\/p>\n<p>\u00a0<\/p>\n","protected":false},"excerpt":{"rendered":"Une mesure pr\u00e9ventive en raison des fortes chaleurs. Jusqu\u2019au lundi 11 ao\u00fbt des suppressions de trains sont \u00e0&hellip;\n","protected":false},"author":2,"featured_media":305031,"comment_status":"","ping_status":"","sticky":false,"template":"","format":"standard","meta":{"footnotes":""},"categories":[2814],"tags":[1111,11,6698,1777,674,30282,1011,27,7533,884,12,882,25,2215,926],"class_list":{"0":"post-305030","1":"post","2":"type-post","3":"status-publish","4":"format-standard","5":"has-post-thumbnail","7":"category-marseille","8":"tag-actu","9":"tag-actualites","10":"tag-canicule","11":"tag-eu","12":"tag-europe","13":"tag-fortes-chaleurs","14":"tag-fr","15":"tag-france","16":"tag-gare","17":"tag-marseille","18":"tag-news","19":"tag-provence-alpes-cote-dazur","20":"tag-republique-francaise","21":"tag-sncf","22":"tag-train"},"share_on_mastodon":{"url":"https:\/\/pubeurope.com\/@fr\/114993054603684389","error":""},"_links":{"self":[{"href":"https:\/\/www.europesays.com\/fr\/wp-json\/wp\/v2\/posts\/305030","targetHints":{"allow":["GET"]}}],"collection":[{"href":"https:\/\/www.europesays.com\/fr\/wp-json\/wp\/v2\/posts"}],"about":[{"href":"https:\/\/www.europesays.com\/fr\/wp-json\/wp\/v2\/types\/post"}],"author":[{"embeddable":true,"href":"https:\/\/www.europesays.com\/fr\/wp-json\/wp\/v2\/users\/2"}],"replies":[{"embeddable":true,"href":"https:\/\/www.europesays.com\/fr\/wp-json\/wp\/v2\/comments?post=305030"}],"version-history":[{"count":0,"href":"https:\/\/www.europesays.com\/fr\/wp-json\/wp\/v2\/posts\/305030\/revisions"}],"wp:featuredmedia":[{"embeddable":true,"href":"https:\/\/www.europesays.com\/fr\/wp-json\/wp\/v2\/media\/305031"}],"wp:attachment":[{"href":"https:\/\/www.europesays.com\/fr\/wp-json\/wp\/v2\/media?parent=305030"}],"wp:term":[{"taxonomy":"category","embeddable":true,"href":"https:\/\/www.europesays.com\/fr\/wp-json\/wp\/v2\/categories?post=305030"},{"taxonomy":"post_tag","embeddable":true,"href":"https:\/\/www.europesays.com\/fr\/wp-json\/wp\/v2\/tags?post=305030"}],"curies":[{"name":"wp","href":"https:\/\/api.w.org\/{rel}","templated":true}]}}