{"id":305032,"date":"2025-08-08T12:05:13","date_gmt":"2025-08-08T12:05:13","guid":{"rendered":"https:\/\/www.europesays.com\/fr\/305032\/"},"modified":"2025-08-08T12:05:13","modified_gmt":"2025-08-08T12:05:13","slug":"le-bar-du-musee-dart-contemporain-ferme-par-la-prefecture-les-voisins-nen-pouvaient-plus","status":"publish","type":"post","link":"https:\/\/www.europesays.com\/fr\/305032\/","title":{"rendered":"le bar du Mus\u00e9e d\u2019art contemporain ferm\u00e9 par la pr\u00e9fecture, les voisins n\u2019en pouvaient plus"},"content":{"rendered":"<p itemprop=\"description\"><strong>Il n\u2019y a pas qu\u2019en Presqu\u2019\u00eele ou sur les pentes de la Croix-Rousse que les \u00e9tablissements de nuit abusent sur les nuisances sonores.<\/strong><\/p>\n<p>Au sein de la paisible Cit\u00e9 internationale, le long du parc de la T\u00eate d&rsquo;Or, le MacBAR rendait fou les riverains avec ses fortes affluences, ses DJ sets et surtout sa musique \u00e0 fond.<\/p>\n<p>Et la pr\u00e9fecture du Rh\u00f4ne vient d\u2019annoncer qu\u2019elle s\u00e9vissait. Apr\u00e8s avoir constat\u00e9 ces nuisances, les autorit\u00e9s ont prononc\u00e9 une fermeture administrative de sept jours \u00e0 l\u2019encontre du bar du Mus\u00e9e d\u2019art contemporain de Lyon. Sanction qui a d\u00e9but\u00e9 ce mardi, mais qui n&rsquo;handicapera pas tellement l&rsquo;\u00e9tablissement, qui avait programm\u00e9 sa fermeture estivale ce samedi.<\/p>\n<p>La pr\u00e9fecture pr\u00e9cise que la police municipale avait d\u00e9j\u00e0 dress\u00e9 un PV le 19 avril dernier apr\u00e8s des nuisances sonores qui avaient m\u00eame perturb\u00e9 le sommeil des clients de l&rsquo;h\u00f4tel Marriott. Les comportements d\u00e9lictueux avaient continu\u00e9, alors m\u00eame qu&rsquo;un courrier avait \u00e9t\u00e9 envoy\u00e9 mi-mai au propri\u00e9taire du MacBAR, auquel il n&rsquo;avait jamais r\u00e9pondu : \u00ab\u00a0Le g\u00e9rant a d\u00e9lib\u00e9r\u00e9ment agi pour ne pas respecter les obligations auxquelles il devait se conformer\u00a0\u00bb, estiment les services de l&rsquo;Etat.<\/p>\n<blockquote class=\"twitter-tweet\"><p>&#13;<\/p>\n<p dir=\"ltr\" lang=\"fr\">\u274c La pr\u00e9f\u00e8te du Rh\u00f4ne a proc\u00e9d\u00e9 \u00e0 la fermeture de l&rsquo;\u00e9tablissement \u00ab\u00a0LE Macbar\u00a0\u00bb (Lyon 6e), pour une dur\u00e9e de 7 jours, en raison de nuisances sonores portant atteinte \u00e0 l&rsquo;ordre, la sant\u00e9 et la tranquillit\u00e9 publics.<\/p>\n<p>\ud83d\udc49 Vous \u00eates incommod\u00e9s par des bruits d&rsquo;activit\u00e9 professionnelle\u2026 <a href=\"https:\/\/t.co\/TNDPgIoCwc\" rel=\"nofollow\">pic.twitter.com\/TNDPgIoCwc<\/a><\/p>\n<p>&#13;<br \/>\n\u2014 Pr\u00e9f\u00e8te de r\u00e9gion Auvergne-Rh\u00f4ne-Alpes et du Rh\u00f4ne (@prefetrhone) <a href=\"https:\/\/twitter.com\/prefetrhone\/status\/1953753050461405370?ref_src=twsrc%5Etfw\" rel=\"nofollow noopener\" target=\"_blank\">August 8, 2025<\/a><\/p><\/blockquote>\n<p>\t\t  <script async src=\"https:\/\/platform.twitter.com\/widgets.js\" charset=\"utf-8\"><\/script><\/p>\n","protected":false},"excerpt":{"rendered":"Il n\u2019y a pas qu\u2019en Presqu\u2019\u00eele ou sur les pentes de la Croix-Rousse que les \u00e9tablissements de nuit&hellip;\n","protected":false},"author":2,"featured_media":305033,"comment_status":"","ping_status":"","sticky":false,"template":"","format":"standard","meta":{"footnotes":""},"categories":[1889],"tags":[1111,11,2813,2190,2430,1109,251,1112,2811,1777,674,118,1011,27,1922,1110,1114,2428,2810,12,241,316,25,2812,517,800],"class_list":{"0":"post-305032","1":"post","2":"type-post","3":"status-publish","4":"format-standard","5":"has-post-thumbnail","7":"category-lyon","8":"tag-actu","9":"tag-actualites","10":"tag-article","11":"tag-asvel","12":"tag-auvergne-rhone-alpes","13":"tag-breves","14":"tag-culture","15":"tag-depeches","16":"tag-economique","17":"tag-eu","18":"tag-europe","19":"tag-faits-divers","20":"tag-fr","21":"tag-france","22":"tag-info","23":"tag-informations","24":"tag-infos","25":"tag-lyon","26":"tag-lyonmag","27":"tag-news","28":"tag-ol","29":"tag-politique","30":"tag-republique-francaise","31":"tag-sociale","32":"tag-sport","33":"tag-transports"},"share_on_mastodon":{"url":"https:\/\/pubeurope.com\/@fr\/114993058562011450","error":""},"_links":{"self":[{"href":"https:\/\/www.europesays.com\/fr\/wp-json\/wp\/v2\/posts\/305032","targetHints":{"allow":["GET"]}}],"collection":[{"href":"https:\/\/www.europesays.com\/fr\/wp-json\/wp\/v2\/posts"}],"about":[{"href":"https:\/\/www.europesays.com\/fr\/wp-json\/wp\/v2\/types\/post"}],"author":[{"embeddable":true,"href":"https:\/\/www.europesays.com\/fr\/wp-json\/wp\/v2\/users\/2"}],"replies":[{"embeddable":true,"href":"https:\/\/www.europesays.com\/fr\/wp-json\/wp\/v2\/comments?post=305032"}],"version-history":[{"count":0,"href":"https:\/\/www.europesays.com\/fr\/wp-json\/wp\/v2\/posts\/305032\/revisions"}],"wp:featuredmedia":[{"embeddable":true,"href":"https:\/\/www.europesays.com\/fr\/wp-json\/wp\/v2\/media\/305033"}],"wp:attachment":[{"href":"https:\/\/www.europesays.com\/fr\/wp-json\/wp\/v2\/media?parent=305032"}],"wp:term":[{"taxonomy":"category","embeddable":true,"href":"https:\/\/www.europesays.com\/fr\/wp-json\/wp\/v2\/categories?post=305032"},{"taxonomy":"post_tag","embeddable":true,"href":"https:\/\/www.europesays.com\/fr\/wp-json\/wp\/v2\/tags?post=305032"}],"curies":[{"name":"wp","href":"https:\/\/api.w.org\/{rel}","templated":true}]}}