{"id":305047,"date":"2025-08-08T12:15:13","date_gmt":"2025-08-08T12:15:13","guid":{"rendered":"https:\/\/www.europesays.com\/fr\/305047\/"},"modified":"2025-08-08T12:15:13","modified_gmt":"2025-08-08T12:15:13","slug":"quand-les-services-secrets-americains-avaient-recours-au-rocknroll-pour-deloger-le-dictateur-noriega","status":"publish","type":"post","link":"https:\/\/www.europesays.com\/fr\/305047\/","title":{"rendered":"Quand les services secrets am\u00e9ricains avaient recours au rock\u2019n\u2019roll pour d\u00e9loger le dictateur Noriega"},"content":{"rendered":"<p>      <img fetchpriority=\"high\" decoding=\"async\" class=\"mx-auto\" src=\"data:image\/svg+xml,%3Csvg%20xmlns%3D%27http%3A%2F%2Fwww.w3.org%2F2000%2Fsvg%27%20fill%3D%22%23e4e4e4%22%20viewBox%3D%270%200%20510%20340%27%20width%3D%22510%22%20height%3D%22340%22%3E%3Cpath%20d%3D%27M0%200h510v340H0z%27%2F%3E%3C%2Fsvg%3E\"  loading=\"eager\" width=\"510\" height=\"340\" data-oncrawl-image-size=\"510x340\" alt=\"Manuel Noriega apr\u00e8s son arrestation, en\u00a0janvier 1990.\u00a0\"\/>      <\/p>\n<p class=\"latino-100m text-grey-600\">\n            Manuel Noriega apr\u00e8s son arrestation, en\u00a0janvier 1990.\u00a0\u00a0AP\/SIPA        <\/p>\n<p>        Lire\u00a0plus\u00a0tard      <\/p>\n<p><a aria-label=\"Nous suivre sur Google News\" href=\"https:\/\/news.google.com\/publications\/CAAqBwgKMJe4nQkw3dFs?hl=fr&amp;gl=FR&amp;ceid=FR%3Afr\" target=\"_blank\" data-piano=\"Page_Article,Sous_date_publi,Nous_suivre_sur_google_news,1er_clic,action\" class=\"btn btn--small btn--tertiary btn--icon-only\" rel=\"noopener\"><\/p>\n<p>      Google Actualit\u00e9s<br \/>\n  <\/a><\/p>\n<p>  Partager<\/p>\n<p>        Facebook<\/p>\n<p>        Bluesky<\/p>\n<p>        E-mail<\/p>\n<p>        Copier le lien<\/p>\n<p>      Envoyer<\/p>\n<p>      S\u2019abonner pour lire    <\/p>\n<p class=\"latino-500b text-grey-600\">Pour aller plus loin<\/p>\n<p class=\"node__paragraphe antonia-750r text-grey-800 pb-24 pb-md-30\">\nL\u2019ann\u00e9e o\u00f9 le mur de Berlin s\u2019est effondr\u00e9, on a pu croire que la pop culture occidentale avait le m\u00eame pouvoir d\u00e9molisseur que les trompettes de J\u00e9richo. On l\u2019a m\u00eame utilis\u00e9e pour d\u00e9loger un dictateur \u2013\u00a0en l\u2019occurrence, le g\u00e9n\u00e9ral panam\u00e9en Manuel Noriega, plac\u00e9 au pouvoir en\u00a01983 par la CIA, mais vite devenu ind\u00e9sirable aux yeux des Etats-Unis. L\u2019op\u00e9ration militaire s\u2019appelle \u00ab\u00a0Nifty Package\u00a0\u00bb (\u00ab\u00a0colis fut\u00e9\u00a0\u00bb) et elle porte bien mal son nom, car elle a plut\u00f4t suscit\u00e9 les railleries du public. Elle d\u00e9marre quelques jours avant la No\u00ebl 1989.<\/p>\n<p class=\"node__paragraphe antonia-750r text-grey-800 pb-8\">\nBien d\u00e9cid\u00e9 \u00e0 se d\u00e9barrasser de Noriega, qui a le mauvais go\u00fbt de fricoter avec les ennemis de l\u2019Oncle Sam (les cartels mafieux de Medellin, Cuba, la Libye\u2026) alors qu\u2019il est arros\u00e9 de dollars, le pr\u00e9sident George Bush (p\u00e8re) sort l\u2019artillerie lourde pour le faire arr\u00eater\u00a0: pr\u00e8s de 27\u00a0000\u00a0soldats son\u2026<\/p>\n<p>  <img loading=\"lazy\" decoding=\"async\" class=\"floating-img\" src=\"https:\/\/www.europesays.com\/fr\/wp-content\/uploads\/2025\/07\/img-paywall@2x.png\" width=\"142\" height=\"91\" alt=\"\"\/><\/p>\n<p class=\"latino-100m text-blue-400\">Article r\u00e9serv\u00e9 aux abonn\u00e9s.<\/p>\n<p>          Se connecter<\/p>\n<p class=\"pb-16 text-center antonia-1850c\">Offre d\u2019\u00e9t\u00e9\u00a0:<br \/>1\u20ac\/mois pendant 6\u00a0mois<\/p>\n<p>\n        S&rsquo;abonner\n      <\/p>\n<p>          D\u00e9couvrir toutes nos offres<\/p>\n","protected":false},"excerpt":{"rendered":"Manuel Noriega apr\u00e8s son arrestation, en\u00a0janvier 1990.\u00a0\u00a0AP\/SIPA Lire\u00a0plus\u00a0tard Google Actualit\u00e9s Partager Facebook Bluesky E-mail Copier le lien Envoyer&hellip;\n","protected":false},"author":2,"featured_media":305048,"comment_status":"","ping_status":"","sticky":false,"template":"","format":"standard","meta":{"footnotes":""},"categories":[1589],"tags":[17,11,2450,73,1866,937,36793,3246,12,9140,7040,34099,13761,1858,1864,1865,1863,308],"class_list":{"0":"post-305047","1":"post","2":"type-post","3":"status-publish","4":"format-standard","5":"has-post-thumbnail","7":"category-etats-unis","8":"tag-17","9":"tag-actualites","10":"tag-americains","11":"tag-etats-unis","12":"tag-etats-unis-damerique","13":"tag-histoire","14":"tag-histoire-des-etats-unis","15":"tag-idees","16":"tag-news","17":"tag-recours","18":"tag-rock","19":"tag-roll","20":"tag-secrets","21":"tag-services","22":"tag-united-states","23":"tag-united-states-of-america","24":"tag-us","25":"tag-usa"},"share_on_mastodon":{"url":"https:\/\/pubeurope.com\/@fr\/114993097838322480","error":""},"_links":{"self":[{"href":"https:\/\/www.europesays.com\/fr\/wp-json\/wp\/v2\/posts\/305047","targetHints":{"allow":["GET"]}}],"collection":[{"href":"https:\/\/www.europesays.com\/fr\/wp-json\/wp\/v2\/posts"}],"about":[{"href":"https:\/\/www.europesays.com\/fr\/wp-json\/wp\/v2\/types\/post"}],"author":[{"embeddable":true,"href":"https:\/\/www.europesays.com\/fr\/wp-json\/wp\/v2\/users\/2"}],"replies":[{"embeddable":true,"href":"https:\/\/www.europesays.com\/fr\/wp-json\/wp\/v2\/comments?post=305047"}],"version-history":[{"count":0,"href":"https:\/\/www.europesays.com\/fr\/wp-json\/wp\/v2\/posts\/305047\/revisions"}],"wp:featuredmedia":[{"embeddable":true,"href":"https:\/\/www.europesays.com\/fr\/wp-json\/wp\/v2\/media\/305048"}],"wp:attachment":[{"href":"https:\/\/www.europesays.com\/fr\/wp-json\/wp\/v2\/media?parent=305047"}],"wp:term":[{"taxonomy":"category","embeddable":true,"href":"https:\/\/www.europesays.com\/fr\/wp-json\/wp\/v2\/categories?post=305047"},{"taxonomy":"post_tag","embeddable":true,"href":"https:\/\/www.europesays.com\/fr\/wp-json\/wp\/v2\/tags?post=305047"}],"curies":[{"name":"wp","href":"https:\/\/api.w.org\/{rel}","templated":true}]}}