{"id":305049,"date":"2025-08-08T12:16:10","date_gmt":"2025-08-08T12:16:10","guid":{"rendered":"https:\/\/www.europesays.com\/fr\/305049\/"},"modified":"2025-08-08T12:16:10","modified_gmt":"2025-08-08T12:16:10","slug":"la-tension-sociale-monte-autour-de-limmigration","status":"publish","type":"post","link":"https:\/\/www.europesays.com\/fr\/305049\/","title":{"rendered":"la tension sociale monte autour de l\u2019immigration"},"content":{"rendered":"<p style=\"text-align: justify\"><strong>Les services de l\u2019ordre britanniques se pr\u00e9parent \u00e0 un week-end particuli\u00e8rement mouvement\u00e9 au moment o\u00f9 d\u2019importantes manifestations sur la question migratoire sont pr\u00e9vues dans plusieurs villes du pays.<\/strong> <\/p>\n<p style=\"text-align: justify\">Ces manifestations, qui ponctuent les week-ends dans le pays depuis le d\u00e9but de l\u2019\u00e9t\u00e9, sont exploit\u00e9es par l\u2019extr\u00eame droite qui tente d\u2019accentuer les pressions sur le gouvernement conduit par le parti travailliste. Selon les m\u00e9dias londoniens, les autorit\u00e9s britanniques ont mis en place des restrictions \u00e0 partir de vendredi dans plusieurs villes pour contr\u00f4ler les manifestations qui ciblent notamment les h\u00f4tels o\u00f9 sont log\u00e9s les demandeurs d\u2019asile.<\/p>\n<p style=\"text-align: justify\">Face \u00e0 la mont\u00e9e de la tension, la police britannique appelle les citoyens \u00e0 \u00eatre conscients des messages v\u00e9hicul\u00e9s au sujet de l\u2019immigration par les groupes et les influenceurs d\u2019extr\u00eame droite. \u00ab Il est essentiel d\u2019\u00eatre conscient des motivations derri\u00e8re de tels contenus. Nous encourageons le public \u00e0 contacter les autorit\u00e9s officielles pour obtenir des informations pr\u00e9cises \u00bb, a indiqu\u00e9 le pr\u00e9sident du comit\u00e9 de coordination des op\u00e9rations du Conseil national des chefs de police britannique, BJ Harrington. Il a mis en garde que la diffusion de fausses informations par des individus ou des groupes d\u2019extr\u00eame droite peut contribuer de mani\u00e8re significative aux tensions communautaires.<\/p>\n<p style=\"text-align: justify\">Des heurts ont eu lieu durant les derniers week-ends devant des h\u00f4tels accueillant des demandeurs d\u2019asile, ravivant les craintes d\u2019une escalade de la violence au Royaume-Uni et rappellent les \u00e9meutes anti-immigration de 2024. Des dizaines de personnes ont \u00e9t\u00e9 arr\u00eat\u00e9es \u00e0 la suite des r\u00e9centes violences. Ces tensions ont d\u00e9marr\u00e9 il y a plusieurs jours apr\u00e8s l\u2019inculpation d\u2019un demandeur d\u2019asile accus\u00e9 d\u2019agressions. La pr\u00e9sidente de la F\u00e9d\u00e9ration de la police britannique (syndicat), Tiff Lynch, tire la sonnette d\u2019alarme. Selon elle, les \u00e9pisodes de violence, qui ponctuent l\u2019\u00e9t\u00e9, \u00ab ne sont pas des incidents isol\u00e9s \u00bb. Il s\u2019agit, d\u2019apr\u00e8s elle, d\u2019un signal et d\u2019un rappel de la facilit\u00e9 avec laquelle les tensions peuvent \u00e9clater. Le gouvernement du Premier ministre Keir Starmer assure \u00eatre \u00ab pr\u00e9par\u00e9 pour faire face \u00e0 toutes les situations \u00bb. Le ministre du Commerce, Jonathan Reynolds, qui s\u2019exprimait sur la chaine britannique d\u2019information en continu, Sky News, a indiqu\u00e9 que le gouvernement \u00ab comprend les frustrations \u00bb exprim\u00e9es \u00e0 propos de l\u2019utilisation d\u2019h\u00f4tels, co\u00fbteux pour les finances publiques, pour h\u00e9berger les demandeurs d\u2019asile. Il a soulign\u00e9 que le nombre d\u2019h\u00f4tels logeant des migrants avait diminu\u00e9 de 400 \u00e0 200. Ces manifestations interviennent au moment o\u00f9 les arriv\u00e9es de migrants \u00e0 bord de petites embarcations ont atteint un niveau record depuis le d\u00e9but de l\u2019ann\u00e9e.<\/p>\n<p style=\"text-align: justify\">Selon les chiffres officiels, quelque 38.023 personnes sont arriv\u00e9es au Royaume-Uni \u00e0 bord de petites embarcations, Au cours de l\u2019ann\u00e9e se terminant en mars dernier. Ce chiffre repr\u00e9sente une hausse 22% par rapport \u00e0 la m\u00eame p\u00e9riode une ann\u00e9e auparavant. Les sondages montrent une opposition de plus en plus forte des Britanniques \u00e0 l\u2019immigration. Une r\u00e9cente \u00e9tude de l\u2019institut YouGov a indiqu\u00e9 que quelque 45% des Britanniques en \u00e2ge de voter d\u00e9clarent soutenir \u00ab l\u2019arr\u00eat total de l\u2019admission de nouveaux migrants et l\u2019obligation pour un grand nombre de migrants arriv\u00e9s au Royaume-Uni ces derni\u00e8res ann\u00e9es de quitter le pays \u00bb.<\/p>\n","protected":false},"excerpt":{"rendered":"Les services de l\u2019ordre britanniques se pr\u00e9parent \u00e0 un week-end particuli\u00e8rement mouvement\u00e9 au moment o\u00f9 d\u2019importantes manifestations sur&hellip;\n","protected":false},"author":2,"featured_media":305050,"comment_status":"","ping_status":"","sticky":false,"template":"","format":"standard","meta":{"footnotes":""},"categories":[1588],"tags":[11,1777,674,12,473,1853,1851,1850,1852],"class_list":{"0":"post-305049","1":"post","2":"type-post","3":"status-publish","4":"format-standard","5":"has-post-thumbnail","7":"category-royaume-uni","8":"tag-actualites","9":"tag-eu","10":"tag-europe","11":"tag-news","12":"tag-royaume-uni","13":"tag-royaume-uni-de-grande-bretagne-et-dirlande-du-nord","14":"tag-uk","15":"tag-united-kingdom","16":"tag-united-kingdom-of-great-britain-and-northern-ireland"},"share_on_mastodon":{"url":"https:\/\/pubeurope.com\/@fr\/114993101772906835","error":""},"_links":{"self":[{"href":"https:\/\/www.europesays.com\/fr\/wp-json\/wp\/v2\/posts\/305049","targetHints":{"allow":["GET"]}}],"collection":[{"href":"https:\/\/www.europesays.com\/fr\/wp-json\/wp\/v2\/posts"}],"about":[{"href":"https:\/\/www.europesays.com\/fr\/wp-json\/wp\/v2\/types\/post"}],"author":[{"embeddable":true,"href":"https:\/\/www.europesays.com\/fr\/wp-json\/wp\/v2\/users\/2"}],"replies":[{"embeddable":true,"href":"https:\/\/www.europesays.com\/fr\/wp-json\/wp\/v2\/comments?post=305049"}],"version-history":[{"count":0,"href":"https:\/\/www.europesays.com\/fr\/wp-json\/wp\/v2\/posts\/305049\/revisions"}],"wp:featuredmedia":[{"embeddable":true,"href":"https:\/\/www.europesays.com\/fr\/wp-json\/wp\/v2\/media\/305050"}],"wp:attachment":[{"href":"https:\/\/www.europesays.com\/fr\/wp-json\/wp\/v2\/media?parent=305049"}],"wp:term":[{"taxonomy":"category","embeddable":true,"href":"https:\/\/www.europesays.com\/fr\/wp-json\/wp\/v2\/categories?post=305049"},{"taxonomy":"post_tag","embeddable":true,"href":"https:\/\/www.europesays.com\/fr\/wp-json\/wp\/v2\/tags?post=305049"}],"curies":[{"name":"wp","href":"https:\/\/api.w.org\/{rel}","templated":true}]}}