{"id":305051,"date":"2025-08-08T12:17:13","date_gmt":"2025-08-08T12:17:13","guid":{"rendered":"https:\/\/www.europesays.com\/fr\/305051\/"},"modified":"2025-08-08T12:17:13","modified_gmt":"2025-08-08T12:17:13","slug":"sous-pression-une-juriste-allemande-retire-de-la-course-a-la-cour-constitutionnelle","status":"publish","type":"post","link":"https:\/\/www.europesays.com\/fr\/305051\/","title":{"rendered":"Sous pression, une juriste allemande retire de la course \u00e0 la Cour constitutionnelle"},"content":{"rendered":"\n<p>Apr\u00e8s plusieurs semaines de d\u00e9bats, parfois d\u2019une grande violence pour un sujet si technique, \u201cla juriste et universitaire Frauke Brosius-Gersdorf renonce \u00e0 rejoindre la Cour constitutionnelle\u201d, <a href=\"https:\/\/www.welt.de\/politik\/deutschland\/article689486a4417be41a34e47852\/Frauke-Brosius-Gersdorf-verzichtet-auf-Kandidatur-als-Verfassungsrichterin.html\" target=\"_blank\" rel=\"noopener\">rapporte le quotidien conservateur <strong>Die Welt<\/strong><\/a><strong>.<\/strong> L\u2019\u00e9pilogue d\u2019une affaire qui a empoisonn\u00e9 les d\u00e9buts de la coalition entre les conservateurs de la CDU-CSU et le Parti social d\u00e9mocrate (SPD).<\/p>\n<p>\u201cApr\u00e8s m\u00fbre r\u00e9flexion, je retire ma candidature au poste de juge constitutionnel\u201d, a d\u00e9clar\u00e9, jeudi 7\u00a0ao\u00fbt, dans une lettre publique, la quinquag\u00e9naire, <a href=\"https:\/\/www.tagesspiegel.de\/politik\/meine-wahl-ist-ausgeschlossen-warum-brosius-gersdorf-auf-die-richterkandidatur-verzichtet-14147414.html\" target=\"_blank\" rel=\"noopener\">cit\u00e9 par le <strong>Tagesspiegel<\/strong><\/a><strong>.<\/strong> Et d\u2019ajouter\u00a0: \u201cCes derni\u00e8res semaines, le groupe CDU-CSU m\u2019a clairement fait comprendre \u2013 publiquement ou non \u2013 que ma nomination \u00e9tait exclue.\u201d<\/p>\n<p>Tout commence au d\u00e9but de juillet, lorsque les \u00e9lus allemands\u00a0du Bundestag n\u2019arrivent pas \u00e0 rassembler une majorit\u00e9 des deux tiers concernant la nomination de Frauke Brosius-Gersdorf au Tribunal constitutionnel f\u00e9d\u00e9ral d\u2019Allemagne, la plus haute institution juridique d\u2019outre-Rhin. La candidature de la juriste de 54\u00a0ans \u00e9tait propos\u00e9e par le SPD, membre, avec la CDU-CSU du chancelier <a href=\"https:\/\/www.courrierinternational.com\/sujet\/friedrich-merz\" target=\"_blank\" rel=\"noopener\">Friedrich Merz<\/a>, de la coalition au pouvoir \u00e0 Berlin.<\/p>\n<p> Violente campagne num\u00e9rique <\/p>\n<p>Tr\u00e8s vite, la droite chr\u00e9tienne affiche son scepticisme en raison des opinions politiques exprim\u00e9es par le pass\u00e9 par Frauke <\/p>\n","protected":false},"excerpt":{"rendered":"Apr\u00e8s plusieurs semaines de d\u00e9bats, parfois d\u2019une grande violence pour un sujet si technique, \u201cla juriste et universitaire&hellip;\n","protected":false},"author":2,"featured_media":305052,"comment_status":"","ping_status":"","sticky":false,"template":"","format":"standard","meta":{"footnotes":""},"categories":[1587],"tags":[11,672,1804,1805,1803,1777,674,7610,1801,303,12,316,1802],"class_list":{"0":"post-305051","1":"post","2":"type-post","3":"status-publish","4":"format-standard","5":"has-post-thumbnail","7":"category-allemagne","8":"tag-actualites","9":"tag-allemagne","10":"tag-bundesrepublik-deutschland","11":"tag-de","12":"tag-deutschland","13":"tag-eu","14":"tag-europe","15":"tag-extru00eame-droite-en-allemagne","16":"tag-germany","17":"tag-justice","18":"tag-news","19":"tag-politique","20":"tag-republique-federale-dallemagne"},"share_on_mastodon":{"url":"https:\/\/pubeurope.com\/@fr\/114993105721495042","error":""},"_links":{"self":[{"href":"https:\/\/www.europesays.com\/fr\/wp-json\/wp\/v2\/posts\/305051","targetHints":{"allow":["GET"]}}],"collection":[{"href":"https:\/\/www.europesays.com\/fr\/wp-json\/wp\/v2\/posts"}],"about":[{"href":"https:\/\/www.europesays.com\/fr\/wp-json\/wp\/v2\/types\/post"}],"author":[{"embeddable":true,"href":"https:\/\/www.europesays.com\/fr\/wp-json\/wp\/v2\/users\/2"}],"replies":[{"embeddable":true,"href":"https:\/\/www.europesays.com\/fr\/wp-json\/wp\/v2\/comments?post=305051"}],"version-history":[{"count":0,"href":"https:\/\/www.europesays.com\/fr\/wp-json\/wp\/v2\/posts\/305051\/revisions"}],"wp:featuredmedia":[{"embeddable":true,"href":"https:\/\/www.europesays.com\/fr\/wp-json\/wp\/v2\/media\/305052"}],"wp:attachment":[{"href":"https:\/\/www.europesays.com\/fr\/wp-json\/wp\/v2\/media?parent=305051"}],"wp:term":[{"taxonomy":"category","embeddable":true,"href":"https:\/\/www.europesays.com\/fr\/wp-json\/wp\/v2\/categories?post=305051"},{"taxonomy":"post_tag","embeddable":true,"href":"https:\/\/www.europesays.com\/fr\/wp-json\/wp\/v2\/tags?post=305051"}],"curies":[{"name":"wp","href":"https:\/\/api.w.org\/{rel}","templated":true}]}}