{"id":305055,"date":"2025-08-08T12:19:15","date_gmt":"2025-08-08T12:19:15","guid":{"rendered":"https:\/\/www.europesays.com\/fr\/305055\/"},"modified":"2025-08-08T12:19:15","modified_gmt":"2025-08-08T12:19:15","slug":"initiatives-citoyennes-europeennes-peu-de-reponses-officielles-de-la-commission","status":"publish","type":"post","link":"https:\/\/www.europesays.com\/fr\/305055\/","title":{"rendered":"Initiatives citoyennes europ\u00e9ennes : peu de r\u00e9ponses officielles de la Commission"},"content":{"rendered":"<p>          <img decoding=\"async\" class=\"c-ad__placeholder__logo\" src=\"https:\/\/static.euronews.com\/website\/images\/logos\/logo-euronews-stacked-outlined-72x72-grey-9.svg\" width=\"72\" height=\"72\" alt=\"\" loading=\"lazy\"\/><br \/>\n          PUBLICIT\u00c9<\/p>\n<p>Souhaitez-vous une Europe sans exp\u00e9rimentation animale ? Garantir un acc\u00e8s l\u00e9gal et s\u00fbr \u00e0 l&rsquo;avortement ? Ou \u00e9liminer les pesticides toxiques de l&rsquo;environnement ? Recueillez un million de signatures en un an et vous aurez la possibilit\u00e9 de contribuer \u00e0 l&rsquo;\u00e9laboration du programme de l&rsquo;Union europ\u00e9enne.<\/p>\n<p>Telle est la promesse de l&rsquo;initiative citoyenne europ\u00e9enne (ICE), un outil officiel de d\u00e9mocratie participative lanc\u00e9 en 2012 pour permettre aux citoyens de participer directement \u00e0 l&rsquo;\u00e9laboration des politiques de l&rsquo;UE.<\/p>\n<p>Mais 12 ans plus tard, sur les 144 initiatives lanc\u00e9es, seulement 10 d&rsquo;entre elles ont re\u00e7u une r\u00e9ponse officielle de la Commission europ\u00e9enne.<\/p>\n<p>Une question se pose donc : cet outil permet-il vraiment aux citoyens de s&rsquo;exprimer, ou est-il devenu une bo\u00eete \u00e0 id\u00e9es qui finissent aux oubliettes ?<\/p>\n<p>Selon le professeur Alberto Alemanno, fondateur de The Good Lobby, les ICE sont \u00ab\u00a0un m\u00e9canisme potentiellement r\u00e9volutionnaire\u00a0\u00bb, mais qui a du mal \u00e0 s&rsquo;imposer. \u00ab\u00a0Seules 14 initiatives ont atteint le seuil du million de signatures\u00a0\u00bb, a-t-il d\u00e9clar\u00e9 \u00e0 Euronews.<\/p>\n<p>La M\u00e9diatrice europ\u00e9enne, Teresa Anjinho, reconna\u00eet que l&rsquo;id\u00e9e derri\u00e8re l&rsquo;ICE est puissante, mais affirme qu&rsquo;elle n&rsquo;a pas r\u00e9pondu aux attentes.<\/p>\n<p>\u00ab\u00a0Nous devons am\u00e9liorer la communication sur ses objectifs et ses fonctions. Les campagnes de sensibilisation doivent \u00eatre renforc\u00e9es afin que les citoyens soient pleinement inform\u00e9s de ce qu&rsquo;une ICE peut et ne peut pas faire, et qu&rsquo;ils agissent\u00a0\u00bb, a-t-elle <a href=\"https:\/\/citizens-initiative.eu\/news\/event-report-how-can-european-citizens-initiatives-make-a-difference-for-civil-society\/\" target=\"_blank\" rel=\"noreferrer noopener\"><strong>d\u00e9clar\u00e9 en juin<\/strong><\/a>.<\/p>\n<p>Depuis 2019, le nombre d&rsquo;initiatives enregistr\u00e9es est en baisse. Mais les d\u00e9fenseurs de la transparence comme The Good Lobby s&rsquo;attendent \u00e0 un retour potentiel.<\/p>\n<p>La Commission affirme que tout va bien<\/p>\n<p>Loin de toute autocritique, la Commission ne consid\u00e8re pas que ce m\u00e9canisme ne fonctionne pas efficacement et ne propose aucune r\u00e9vision ou r\u00e9forme. Son porte-parole Olof Gill estime que l&rsquo;ICE est un instrument qui permet aux citoyens d&rsquo;influencer l&rsquo;agenda et le travail de l&rsquo;UE &#8211; un instrument qui a d\u00e9j\u00e0 produit des r\u00e9sultats tangibles.<\/p>\n<p>\u00ab\u00a0Plusieurs actes l\u00e9gislatifs d\u00e9clench\u00e9s par des ICE r\u00e9ussies sont d\u00e9j\u00e0 applicables, comme la directive r\u00e9vis\u00e9e sur l&rsquo;eau potable, le r\u00e8glement sur la transparence et la durabilit\u00e9 de l&rsquo;\u00e9valuation des risques de l&rsquo;UE dans la cha\u00eene alimentaire, et la loi sur la restauration de la nature\u00a0\u00bb, a d\u00e9clar\u00e9 Olof Gill \u00e0 Euronews.<\/p>\n<p>Ces derni\u00e8res ann\u00e9es, la Commission a \u00e9galement annonc\u00e9 une feuille de route comprenant une s\u00e9rie d&rsquo;actions l\u00e9gislatives et non l\u00e9gislatives visant \u00e0 supprimer progressivement les tests sur les animaux pour les \u00e9valuations de la s\u00e9curit\u00e9 des produits chimiques, \u00e0 am\u00e9liorer la surveillance du commerce des requins, et \u00e9tudie actuellement une interdiction potentielle de la vente et du commerce des ailerons de requins en vrac, pour n&rsquo;en citer que quelques-unes.<\/p>\n<p>De mani\u00e8re plus g\u00e9n\u00e9rale, le porte-parole de la Commission estime que les initiatives citoyennes peuvent alimenter les discussions et orienter les politiques au niveau de l&rsquo;UE.<\/p>\n<p>N\u00e9anmoins, les militants et les groupes de la soci\u00e9t\u00e9 civile restent frustr\u00e9s par la lenteur voire l&rsquo;absence de suivi de la part de la Commission, avertissant que cela pourrait nuire \u00e0 l&rsquo;outil lui-m\u00eame et \u00e0 la cr\u00e9dibilit\u00e9 de l&rsquo;UE.<\/p>\n<p>\u00ab\u00a0Notre ICE \u00ab\u00a0End the Cage Age\u00a0\u00bb a mobilis\u00e9 plus de 1,4 million de personnes pour appeler \u00e0 la fin de l&rsquo;\u00e9levage des animaux en cage, et la Commission europ\u00e9enne s&rsquo;est engag\u00e9e \u00e0 le faire [d&rsquo;ici \u00e0 la fin de 2023]. Cependant, six ans plus tard, nous attendons toujours\u00a0\u00bb, a d\u00e9clar\u00e9 Eloise Shavelar, responsable mondiale des campagnes et du plaidoyer chez Compassion in World Farming.<\/p>\n<p>En r\u00e9ponse \u00e0 ce retard, les p\u00e9titionnaires ont port\u00e9 l&rsquo;affaire devant la plus haute juridiction de l&rsquo;UE. \u00ab\u00a0La d\u00e9cision \u00e0 venir de la Cour europ\u00e9enne de justice d\u00e9terminera si les ICE sont un outil efficace\u00a0\u00bb, a ajout\u00e9 Eloise Shavelar.<\/p>\n<p>L&rsquo;ex\u00e9cutif de l&rsquo;UE a d\u00e9clar\u00e9 \u00e0 Euronews que le travail \u00e9tait toujours en cours, mais n&rsquo;a pas donn\u00e9 de calendrier pour la publication du projet de proposition, ni d&rsquo;explication pour le retard.<\/p>\n<p>\u00ab\u00a0La Commission est en train d&rsquo;\u00e9valuer soigneusement des aspects importants afin de concevoir une approche \u00e9quilibr\u00e9e pour r\u00e9pondre aux demandes de la soci\u00e9t\u00e9 et pour garantir que la transition vers l&rsquo;\u00e9levage sans cage soit durable et \u00e9conomiquement viable pour le secteur agricole et pour nos syst\u00e8mes alimentaires\u00a0\u00bb, a d\u00e9clar\u00e9 un porte-parole dans un communiqu\u00e9 envoy\u00e9 par e-mail \u00e0 Euronews.<\/p>\n","protected":false},"excerpt":{"rendered":"PUBLICIT\u00c9 Souhaitez-vous une Europe sans exp\u00e9rimentation animale ? Garantir un acc\u00e8s l\u00e9gal et s\u00fbr \u00e0 l&rsquo;avortement ? Ou&hellip;\n","protected":false},"author":2,"featured_media":305056,"comment_status":"","ping_status":"","sticky":false,"template":"","format":"standard","meta":{"footnotes":""},"categories":[1586],"tags":[11,15964,2196,1777,674,1779,1011,27,12,3886,25,1778,364],"class_list":{"0":"post-305055","1":"post","2":"type-post","3":"status-publish","4":"format-standard","5":"has-post-thumbnail","7":"category-europe","8":"tag-actualites","9":"tag-citoyennete","10":"tag-commission-europeenne","11":"tag-eu","12":"tag-europe","13":"tag-european-union","14":"tag-fr","15":"tag-france","16":"tag-news","17":"tag-politique-de-lue","18":"tag-republique-francaise","19":"tag-ue","20":"tag-union-europeenne"},"share_on_mastodon":{"url":"https:\/\/pubeurope.com\/@fr\/114993113611698580","error":""},"_links":{"self":[{"href":"https:\/\/www.europesays.com\/fr\/wp-json\/wp\/v2\/posts\/305055","targetHints":{"allow":["GET"]}}],"collection":[{"href":"https:\/\/www.europesays.com\/fr\/wp-json\/wp\/v2\/posts"}],"about":[{"href":"https:\/\/www.europesays.com\/fr\/wp-json\/wp\/v2\/types\/post"}],"author":[{"embeddable":true,"href":"https:\/\/www.europesays.com\/fr\/wp-json\/wp\/v2\/users\/2"}],"replies":[{"embeddable":true,"href":"https:\/\/www.europesays.com\/fr\/wp-json\/wp\/v2\/comments?post=305055"}],"version-history":[{"count":0,"href":"https:\/\/www.europesays.com\/fr\/wp-json\/wp\/v2\/posts\/305055\/revisions"}],"wp:featuredmedia":[{"embeddable":true,"href":"https:\/\/www.europesays.com\/fr\/wp-json\/wp\/v2\/media\/305056"}],"wp:attachment":[{"href":"https:\/\/www.europesays.com\/fr\/wp-json\/wp\/v2\/media?parent=305055"}],"wp:term":[{"taxonomy":"category","embeddable":true,"href":"https:\/\/www.europesays.com\/fr\/wp-json\/wp\/v2\/categories?post=305055"},{"taxonomy":"post_tag","embeddable":true,"href":"https:\/\/www.europesays.com\/fr\/wp-json\/wp\/v2\/tags?post=305055"}],"curies":[{"name":"wp","href":"https:\/\/api.w.org\/{rel}","templated":true}]}}