{"id":305060,"date":"2025-08-08T12:22:10","date_gmt":"2025-08-08T12:22:10","guid":{"rendered":"https:\/\/www.europesays.com\/fr\/305060\/"},"modified":"2025-08-08T12:22:10","modified_gmt":"2025-08-08T12:22:10","slug":"lalgerie-sattaque-aux-privileges-de-lambassade-de-france-lexpress","status":"publish","type":"post","link":"https:\/\/www.europesays.com\/fr\/305060\/","title":{"rendered":"l&rsquo;Alg\u00e9rie s\u2019attaque aux \u00ab\u00a0privil\u00e8ges\u00a0\u00bb de l\u2019ambassade de France \u2013 L&rsquo;Express"},"content":{"rendered":"<p class=\"paragraph article-body-paragraph article__item   article-body-paragraph--first \">Le minist\u00e8re <a href=\"https:\/\/www.lexpress.fr\/monde\/entre-lalgerie-et-la-france-des-relations-sous-tension-CV6ZNCGM7NH4DOTDG7BROO65PE\/\" target=\"_blank\" rel=\"nofollow noopener\" title=\"https:\/\/www.lexpress.fr\/monde\/entre-lalgerie-et-la-france-des-relations-sous-tension-CV6ZNCGM7NH4DOTDG7BROO65PE\/\">alg\u00e9rien<\/a> des Affaires \u00e9trang\u00e8res a annonc\u00e9, jeudi 7 ao\u00fbt, la \u00ab\u00a0fin \u00e0 la mise \u00e0 disposition, \u00e0 titre gracieux, de biens immobiliers appartenant \u00e0 l\u2019Etat alg\u00e9rien au profit de l\u2019ambassade de France en Alg\u00e9rie\u00a0\u00bb. Une note verbale transmise par Alger \u00e0 Paris annonce aussi \u00ab\u00a0le r\u00e9examen des baux, consid\u00e9rablement avantageux, contract\u00e9s par l\u2019ambassade\u00a0\u00bb avec des \u00e9tablissements immobiliers publics en Alg\u00e9rie.<\/p>\n<p><strong class=\"article-body-link-list__item text-gray-800 article-body-link-list__item--one-item\">LIRE AUSSI : <a class=\"article-body-link-list__item-link\" href=\"https:\/\/www.lexpress.fr\/societe\/xavier-driencourt-ex-ambassadeur-de-france-en-algerie-le-regime-a-deja-repondu-facon-la-verite-si-je-XIZQIDAEFREQ3F2ILSZHQP6CYI\/\" target=\"_blank\" rel=\"noreferrer nofollow noopener\">Xavier Driencourt, ex-ambassadeur de France en Alg\u00e9rie : \u00ab\u00a0Tebboune nous r\u00e9pond par un bras d\u2019honneur\u00a0\u00bb<\/a><\/strong><\/p>\n<p class=\"paragraph article-body-paragraph article__item   \">Sont vis\u00e9s, parmi d\u2019autres \u00ab\u00a0privil\u00e8ges\u00a0\u00bb, les biens con\u00e7us pour h\u00e9berger les instituts fran\u00e7ais ou des consulats pr\u00e9sents dans le pays. Le communiqu\u00e9 invite aussi \u00ab\u00a0la partie fran\u00e7aise \u00e0 d\u00e9p\u00eacher une d\u00e9l\u00e9gation \u00e0 Alger pour entamer les discussions \u00e0 ce sujet\u00a0\u00bb. L\u2019annonce arrive vingt-quatre heures apr\u00e8s les <a href=\"https:\/\/www.lexpress.fr\/monde\/afrique\/tensions-entre-la-france-et-lalgerie-alger-repond-a-emmanuel-macron-A2XNW6J6TJH2ZFCDUHSHJCYARQ\/\" target=\"_blank\" rel=\"noreferrer nofollow noopener\" title=\"https:\/\/www.lexpress.fr\/monde\/afrique\/tensions-entre-la-france-et-lalgerie-alger-repond-a-emmanuel-macron-A2XNW6J6TJH2ZFCDUHSHJCYARQ\/\">mesures de r\u00e9torsion<\/a> d\u00e9cid\u00e9es par Emmanuel Macron \u00e0 l\u2019encontre des autorit\u00e9s alg\u00e9riennes, accus\u00e9es de blocages dans le dossier <a href=\"https:\/\/www.lexpress.fr\/monde\/afrique\/tensions-avec-lalgerie-bruno-retailleau-durcit-encore-le-ton-SGMPBRL2SJF75CVBCKW33MY2DI\/\" target=\"_blank\" rel=\"noreferrer nofollow noopener\" title=\"https:\/\/www.lexpress.fr\/monde\/afrique\/tensions-avec-lalgerie-bruno-retailleau-durcit-encore-le-ton-SGMPBRL2SJF75CVBCKW33MY2DI\/\">migratoire<\/a> et les questions s\u00e9curitaires.<\/p>\n<p>\u00ab\u00a0Introduire l\u2019\u00e9quilibre et la r\u00e9ciprocit\u00e9\u00a0\u00bb<\/p>\n<p class=\"paragraph article-body-paragraph article__item   \">D\u2019apr\u00e8s une d\u00e9p\u00eache d\u2019Alg\u00e9rie Presse Service (APS) datant de mars, la France loue \u00e0 des tarifs tr\u00e8s avantageux, 61 biens en Alg\u00e9rie, dont 18 hectares pour l\u2019ambassade de France et 4 hectares pour la r\u00e9sidence de l\u2019ambassadeur \u00e0 Alger. Toujours selon l\u2019APS, le loyer pour l\u2019ambassade est \u00ab\u00a0insignifiant\u00a0\u00bb et celui de la r\u00e9sidence appel\u00e9e \u00ab\u00a0Les Oliviers\u00a0\u00bb a \u00e9t\u00e9 d\u2019un \u00ab\u00a0franc symbolique\u00a0\u00bb, rest\u00e9 \u00ab\u00a0inchang\u00e9 entre 1962 et ao\u00fbt 2023\u00a0\u00bb.<\/p>\n<p class=\"paragraph article-body-paragraph article__item   \">\u00ab\u00a0La repr\u00e9sentation diplomatique alg\u00e9rienne en France ne b\u00e9n\u00e9ficie d\u2019aucun avantage de cette m\u00eame nature\u00a0\u00bb, pr\u00e9cise <a href=\"https:\/\/www.lexpress.fr\/monde\/entre-lalgerie-et-la-france-des-relations-sous-tension-CV6ZNCGM7NH4DOTDG7BROO65PE\/\" target=\"_blank\" rel=\"noreferrer nofollow noopener\" title=\"https:\/\/www.lexpress.fr\/monde\/entre-lalgerie-et-la-france-des-relations-sous-tension-CV6ZNCGM7NH4DOTDG7BROO65PE\/\">Alger<\/a>. \u00ab\u00a0En cons\u00e9quence, l\u2019action alg\u00e9rienne ainsi d\u00e9cid\u00e9e vise \u00e0 introduire l\u2019\u00e9quilibre et la r\u00e9ciprocit\u00e9 dans la relation alg\u00e9ro-fran\u00e7aise globale\u00a0\u00bb signale le minist\u00e8re.<\/p>\n<p><strong class=\"article-body-link-list__item text-gray-800 article-body-link-list__item--one-item\">LIRE AUSSI : <a class=\"article-body-link-list__item-link\" href=\"https:\/\/www.lexpress.fr\/politique\/affaire-boualem-sansal-face-a-lalgerie-le-sentiment-dimpuissance-plane-sur-la-france-FYATQJ6SNVBZTJDD3MMYOFGJDE\/\" target=\"_blank\" rel=\"noreferrer nofollow noopener\">Affaire Boualem Sansal : face \u00e0 l&rsquo;Alg\u00e9rie, le sentiment d&rsquo;impuissance plane sur la France<\/a><\/strong><\/p>\n<p class=\"paragraph article-body-paragraph article__item   \">Alger a aussi d\u00e9nonc\u00e9 l\u2019accord bilat\u00e9ral de 2013 sur l\u2019exemption de visas de court s\u00e9jour pour les d\u00e9tenteurs de passeports diplomatiques et de service (agents civils ou militaires, avec conjoints et enfants). Contrairement \u00e0 la <a href=\"https:\/\/www.lexpress.fr\/monde\/afrique\/tensions-avec-alger-cet-accord-sur-les-visas-que-gerald-darmanin-veut-supprimer-JMTE4LKYSJBEBKHJBTNUNBHOPU\/\" target=\"_blank\" rel=\"noreferrer nofollow noopener\" title=\"https:\/\/www.lexpress.fr\/monde\/afrique\/tensions-avec-alger-cet-accord-sur-les-visas-que-gerald-darmanin-veut-supprimer-JMTE4LKYSJBEBKHJBTNUNBHOPU\/\">suspension \u00ab\u00a0formelle\u00a0\u00bb<\/a> de cet accord par la France &#8211; en r\u00e9alit\u00e9 d\u00e9j\u00e0 appliqu\u00e9e depuis mai &#8211; la d\u00e9cision alg\u00e9rienne est d\u00e9finitive, pr\u00e9cise <a href=\"https:\/\/www.courrierinternational.com\/article\/vu-d-algerie-crise-entre-paris-et-alger-le-temps-des-privileges-semble-revolu_233826\" target=\"_blank\" rel=\"noreferrer nofollow noopener\" title=\"https:\/\/www.courrierinternational.com\/article\/vu-d-algerie-crise-entre-paris-et-alger-le-temps-des-privileges-semble-revolu_233826\">Courrier international<\/a>. D\u00e8s \u00e0 pr\u00e9sent, les Fran\u00e7ais concern\u00e9s seront soumis \u00e0 une demande de visa pour voyager en territoire alg\u00e9rien. Alger se r\u00e9serve aussi le droit d\u2019appliquer \u00e0 ses propres ressortissants les m\u00eames conditions impos\u00e9es par Paris, au nom du principe de stricte r\u00e9ciprocit\u00e9.<\/p>\n<p>Une relation orageuse<\/p>\n<p class=\"paragraph article-body-paragraph article__item   \">Les <a href=\"https:\/\/www.lexpress.fr\/monde\/entre-la-france-et-lalgerie-soixante-ans-de-guerres-despionnage-JD2XJYYEAJCX5BJ5SOKRQBJAYA\/\" target=\"_blank\" rel=\"noreferrer nofollow noopener\" title=\"https:\/\/www.lexpress.fr\/monde\/entre-la-france-et-lalgerie-soixante-ans-de-guerres-despionnage-JD2XJYYEAJCX5BJ5SOKRQBJAYA\/\">relations entre Paris et Alger<\/a> sont au plus bas depuis juillet 2024. La crise a \u00e9t\u00e9 marqu\u00e9e par des expulsions de diplomates et fonctionnaires de part et d\u2019autre et par un gel de toutes les coop\u00e9rations officielles. Les autorit\u00e9s alg\u00e9riennes d\u00e9noncent aussi depuis longtemps une s\u00e9rie d\u2019accords d\u00e9s\u00e9quilibr\u00e9s h\u00e9rit\u00e9s de l\u2019apr\u00e8s-ind\u00e9pendance.<\/p>\n<p class=\"paragraph article-body-paragraph article__item    article__text__endpicto\">La France s\u2019est aussi attir\u00e9 les foudres du pouvoir alg\u00e9rien, depuis plus d\u2019un an, apr\u00e8s la reconnaissance <a href=\"https:\/\/www.lexpress.fr\/monde\/afrique\/maroc-pourquoi-la-visite-de-rachida-dati-au-sahara-occidental-est-historique-QRYZE6BTNNCQZLQLF4A475JTII\/\" rel=\"nofollow noopener\" title=\"https:\/\/www.lexpress.fr\/monde\/afrique\/maroc-pourquoi-la-visite-de-rachida-dati-au-sahara-occidental-est-historique-QRYZE6BTNNCQZLQLF4A475JTII\/\" target=\"_blank\">du Sahara occidental comme un territoire marocain<\/a>. Cons\u00e9quence : la coop\u00e9ration est de plus en plus difficile, en particulier sur les questions migratoires. Les autorit\u00e9s fran\u00e7aises, le ministre de l\u2019Int\u00e9rieur <a href=\"https:\/\/www.lexpress.fr\/politique\/exclusif-bruno-retailleau-sur-lalgerie-puisque-la-maniere-douce-na-pas-suffi-NEWZAC66GNBL3HXBSBVEDRXBBI\/\" rel=\"nofollow noopener\" title=\"https:\/\/www.lexpress.fr\/politique\/exclusif-bruno-retailleau-sur-lalgerie-puisque-la-maniere-douce-na-pas-suffi-NEWZAC66GNBL3HXBSBVEDRXBBI\/\" target=\"_blank\">Bruno Retailleau<\/a> en t\u00eate, reprochent entre autres \u00e0 l\u2019Alg\u00e9rie les nombreux refus d\u2019admission de certains de ses ressortissants expuls\u00e9s du territoire fran\u00e7ais.<\/p>\n","protected":false},"excerpt":{"rendered":"Le minist\u00e8re alg\u00e9rien des Affaires \u00e9trang\u00e8res a annonc\u00e9, jeudi 7 ao\u00fbt, la \u00ab\u00a0fin \u00e0 la mise \u00e0 disposition,&hellip;\n","protected":false},"author":2,"featured_media":305061,"comment_status":"","ping_status":"","sticky":false,"template":"","format":"standard","meta":{"footnotes":""},"categories":[4],"tags":[11,879,1011,27,74,12,25],"class_list":{"0":"post-305060","1":"post","2":"type-post","3":"status-publish","4":"format-standard","5":"has-post-thumbnail","7":"category-france","8":"tag-actualites","9":"tag-afrique","10":"tag-fr","11":"tag-france","12":"tag-monde","13":"tag-news","14":"tag-republique-francaise"},"share_on_mastodon":{"url":"https:\/\/pubeurope.com\/@fr\/114993125409326528","error":""},"_links":{"self":[{"href":"https:\/\/www.europesays.com\/fr\/wp-json\/wp\/v2\/posts\/305060","targetHints":{"allow":["GET"]}}],"collection":[{"href":"https:\/\/www.europesays.com\/fr\/wp-json\/wp\/v2\/posts"}],"about":[{"href":"https:\/\/www.europesays.com\/fr\/wp-json\/wp\/v2\/types\/post"}],"author":[{"embeddable":true,"href":"https:\/\/www.europesays.com\/fr\/wp-json\/wp\/v2\/users\/2"}],"replies":[{"embeddable":true,"href":"https:\/\/www.europesays.com\/fr\/wp-json\/wp\/v2\/comments?post=305060"}],"version-history":[{"count":0,"href":"https:\/\/www.europesays.com\/fr\/wp-json\/wp\/v2\/posts\/305060\/revisions"}],"wp:featuredmedia":[{"embeddable":true,"href":"https:\/\/www.europesays.com\/fr\/wp-json\/wp\/v2\/media\/305061"}],"wp:attachment":[{"href":"https:\/\/www.europesays.com\/fr\/wp-json\/wp\/v2\/media?parent=305060"}],"wp:term":[{"taxonomy":"category","embeddable":true,"href":"https:\/\/www.europesays.com\/fr\/wp-json\/wp\/v2\/categories?post=305060"},{"taxonomy":"post_tag","embeddable":true,"href":"https:\/\/www.europesays.com\/fr\/wp-json\/wp\/v2\/tags?post=305060"}],"curies":[{"name":"wp","href":"https:\/\/api.w.org\/{rel}","templated":true}]}}