{"id":305062,"date":"2025-08-08T12:23:14","date_gmt":"2025-08-08T12:23:14","guid":{"rendered":"https:\/\/www.europesays.com\/fr\/305062\/"},"modified":"2025-08-08T12:23:14","modified_gmt":"2025-08-08T12:23:14","slug":"jon-rahm-souhaite-des-changements-dans-le-format-du-liv-golf-pour-obtenir-des-points-mondiaux","status":"publish","type":"post","link":"https:\/\/www.europesays.com\/fr\/305062\/","title":{"rendered":"Jon Rahm souhaite des changements dans le format du LIV Golf pour obtenir des points mondiaux"},"content":{"rendered":"<p>\t\t\t\t\t\t<img width=\"770\" height=\"556\" src=\"https:\/\/www.europesays.com\/fr\/wp-content\/uploads\/2025\/08\/jon-rahm-bmw-pga-championship-wentworth-770x556.jpg\" class=\"img-responsive wp-post-image\" alt=\"Jon Rahm Photo by Richard HEATHCOTE \/ GETTY IMAGES EUROPE \/ Getty Images via AFP\" decoding=\"async\" fetchpriority=\"high\"  \/>\t\t\t\t\t<\/p>\n<p>\t\t\t\t\t\t Partager cet article <\/p>\n<p class=\"screen-reader-text juiz_sps_maybe_hidden_text\">Partager la publication \u00ab\u00a0Jon Rahm souhaite des changements dans le format du LIV Golf pour obtenir des points mondiaux\u00a0\u00bb<\/p>\n<p><strong>Jon Rahm sugg\u00e8re que le LIV Golf continue de r\u00e9fl\u00e9chir \u00e0 des modifications de son format afin d\u2019obtenir la reconnaissance du Classement Officiel Mondial de Golf (OWGR).<\/strong><\/p>\n<p>\t\t\t\t\t<a id=\"179399\" href=\"https:\/\/www.terre-blanche.com\/landing\/summer-deals?mtm_campaign=summer_deals_golf_planet_juil_2025&amp;mtm_medium=display&amp;mtm_source=golf_planet&amp;mtm_content=_CTA_&amp;mtm_group=trafic\" target=\"_blank\" rel=\"sponsorised nofollow noopener\"><img decoding=\"async\" src=\"data:image\/svg+xml,%3Csvg%20xmlns=\" http:=\"\" class=\"img-responsive\" alt=\"\" data-lazy-src=\"https:\/\/www.europesays.com\/fr\/wp-content\/uploads\/2025\/07\/terreblanche-e01-summer-deals-1170x275-1.gif\"\/><\/a><\/p>\n<p>Avec l\u2019arriv\u00e9e d\u2019un nouveau patron \u00e0 la t\u00eate du <strong>LIV Golf<\/strong>, l\u2019espoir de voir les \u00e9preuves du circuit dissident \u00eatre reconnues par l\u2019instance officiel en charge du classement mondial renait. En tout cas pour <strong>Jon Rahm<\/strong>, qui fait partie des membres du LIV dont la place au classement a chut\u00e9 depuis son arriv\u00e9e sur le circuit soutenu par le <strong>Fonds d\u2019investissement public (PIF)<\/strong> d\u2019Arabie saoudite, c\u2019est une opportunit\u00e9 \u00e0 saisir.<\/p>\n<p>D\u2019ailleurs apr\u00e8s un pr\u00e9c\u00e9dent refus il y a pr\u00e8s de deux ans, la ligue a de nouveau r\u00e9cemment d\u00e9pos\u00e9 une demande aupr\u00e8s de l\u2019OWGR le mois dernier. Un signe qui ne trompe pas m\u00eame si des modifications devront probablement \u00eatre apport\u00e9es au format pour que la demande soit cette fois accept\u00e9e.<\/p>\n<p>\u00ab Il y a des choses que nous pourrions faire, je pense, pour gagner des points au classement mondial. Je suis s\u00fbr que Scott O\u2019Neil et les autres personnes \u00e0 la direction du LIV pourraient nous en dire plus sur le sujet \u00bb, a d\u00e9clar\u00e9 l\u2019Espagnol en marge de l\u2019\u00e9tape du LIV pr\u00e9vue cette semaine \u00e0 Chicago.<\/p>\n<p>Le PDG du LIV, <strong>Scott O\u2019Neil<\/strong>, se montre, lui, plus \u00e9vasif. Interrog\u00e9 sur d\u2019\u00e9ventuels changements lors du pr\u00e9c\u00e9dent rendez-vous au Royaume-Uni, il n\u2019a rien d\u00e9voil\u00e9 de la discussion qu\u2019il a eue avec le Sud-Africain <strong>Trevor Immelman<\/strong> pour faire avance le dossier.<\/p>\n<p>\u00ab C\u2019est encore un peu t\u00f4t , a d\u00e9clar\u00e9 O\u2019Neil \u00e0 propos des discussions avec OWGR. Nous avons d\u00e9pos\u00e9 une demande et je suis en contact r\u00e9gulier avec Trevor Immelman. Nous nous appellerons plus tard cette semaine. \u00bb\u00a0<\/p>\n<p>\t\t\t\t\t<a id=\"181434\" href=\"https:\/\/www.omegaeuropeanmasters.com\/fr\/tickets\/tickets\" target=\"_blank\" rel=\"sponsorised nofollow noopener\"><img fetchpriority=\"high\" decoding=\"async\" src=\"https:\/\/www.europesays.com\/fr\/wp-content\/uploads\/2025\/08\/omegamasters-e02-billetterie-om25-1170x275-1.jpg\" class=\"img-responsive\" alt=\"\"\/><\/a><\/p>\n","protected":false},"excerpt":{"rendered":"Partager cet article Partager la publication \u00ab\u00a0Jon Rahm souhaite des changements dans le format du LIV Golf pour&hellip;\n","protected":false},"author":2,"featured_media":305063,"comment_status":"","ping_status":"","sticky":false,"template":"","format":"standard","meta":{"footnotes":""},"categories":[1418],"tags":[1011,27,1472,60],"class_list":{"0":"post-305062","1":"post","2":"type-post","3":"status-publish","4":"format-standard","5":"has-post-thumbnail","7":"category-golf","8":"tag-fr","9":"tag-france","10":"tag-golf","11":"tag-sports"},"share_on_mastodon":{"url":"https:\/\/pubeurope.com\/@fr\/114993129288391735","error":""},"_links":{"self":[{"href":"https:\/\/www.europesays.com\/fr\/wp-json\/wp\/v2\/posts\/305062","targetHints":{"allow":["GET"]}}],"collection":[{"href":"https:\/\/www.europesays.com\/fr\/wp-json\/wp\/v2\/posts"}],"about":[{"href":"https:\/\/www.europesays.com\/fr\/wp-json\/wp\/v2\/types\/post"}],"author":[{"embeddable":true,"href":"https:\/\/www.europesays.com\/fr\/wp-json\/wp\/v2\/users\/2"}],"replies":[{"embeddable":true,"href":"https:\/\/www.europesays.com\/fr\/wp-json\/wp\/v2\/comments?post=305062"}],"version-history":[{"count":0,"href":"https:\/\/www.europesays.com\/fr\/wp-json\/wp\/v2\/posts\/305062\/revisions"}],"wp:featuredmedia":[{"embeddable":true,"href":"https:\/\/www.europesays.com\/fr\/wp-json\/wp\/v2\/media\/305063"}],"wp:attachment":[{"href":"https:\/\/www.europesays.com\/fr\/wp-json\/wp\/v2\/media?parent=305062"}],"wp:term":[{"taxonomy":"category","embeddable":true,"href":"https:\/\/www.europesays.com\/fr\/wp-json\/wp\/v2\/categories?post=305062"},{"taxonomy":"post_tag","embeddable":true,"href":"https:\/\/www.europesays.com\/fr\/wp-json\/wp\/v2\/tags?post=305062"}],"curies":[{"name":"wp","href":"https:\/\/api.w.org\/{rel}","templated":true}]}}