{"id":305064,"date":"2025-08-08T12:25:15","date_gmt":"2025-08-08T12:25:15","guid":{"rendered":"https:\/\/www.europesays.com\/fr\/305064\/"},"modified":"2025-08-08T12:25:15","modified_gmt":"2025-08-08T12:25:15","slug":"top-14-2-m-et-120-kg-un-club-a-essaye-de-chiper-ce-titan-au-stade-toulousain","status":"publish","type":"post","link":"https:\/\/www.europesays.com\/fr\/305064\/","title":{"rendered":"Top 14. 2 m et 120 kg, un club a essay\u00e9 de chiper ce titan au Stade Toulousain"},"content":{"rendered":"<p>C\u2019est un talent qui attire l\u2019\u0153il et en m\u00eame temps, il est dur de le louper. Avec ses 2 m\u00e8tres pour 123 kg, <strong><a href=\"https:\/\/www.lerugbynistere.fr\/fiches-joueurs\/clement-verge.php\" ui-sref=\"app.player({playerId: 11095})\" alt=\"Cl\u00e9ment Verg\u00e9\" data-route=\"app.player\" data-param=\"playerId\" data-id=\"11095\" rel=\"nofollow noopener\" target=\"_blank\">Cl\u00e9ment Verg\u00e9<\/a> est d\u00e9j\u00e0 un colosse \u00e0 seulement 23 ans.<\/strong> Avec presque une quarantaine de matchs accumul\u00e9s sur les trois derni\u00e8res saisons, dont 20 en 2024\/2025, le deuxi\u00e8me ligne s\u2019est int\u00e9gr\u00e9 \u00e0 la rotation du <a href=\"https:\/\/www.lerugbynistere.fr\/clubs\/le-stade-toulousain.php\" ui-sref=\"app.team({teamId: 34})\" alt=\"Stade Toulousain\" data-route=\"app.team\" data-param=\"teamId\" data-id=\"34\" rel=\"nofollow noopener\" target=\"_blank\">Stade Toulousain<\/a>. Dor\u00e9navant, son nom est connu et attire certains cadors.<\/p>\n<p><a class=\"inserer_lien_article\" href=\"https:\/\/www.lerugbynistere.fr\/news\/video-plus-gaillard-que-meafou-on-a-retrouve-cet-animal-de-145kg-qui-avait-echoue-au-stade-toulousain-0408251706.php\" data-id=\"45742\" data-route=\"app.article\" data-param=\"articleId\" ui-sref=\"app.article({articleId: 45742})\" alt=\"VIDEO. Plus gaillard que Meafou, on a retrouv\u00e9 cet animal de 145kg qui avait \u00e9chou\u00e9 au Stade Toulousain\" title=\"VIDEO. Plus gaillard que Meafou, on a retrouv\u00e9 cet animal de 145kg qui avait \u00e9chou\u00e9 au Stade Toulousain\" rel=\"nofollow noopener\" target=\"_blank\"><img decoding=\"async\" src=\"https:\/\/www.europesays.com\/fr\/wp-content\/uploads\/2025\/08\/1754340734_763_yt-04-08-25-5114.jpg\" alt=\"VIDEO. Plus gaillard que Meafou, on a retrouv\u00e9 cet animal de 145kg qui avait \u00e9chou\u00e9 au Stade Toulousain\"\/>VIDEO. Plus gaillard que Meafou, on a retrouv\u00e9 cet animal de 145kg qui avait \u00e9chou\u00e9 au Stade Toulousain<\/a><\/p>\n<p>Ainsi, selon une r\u00e9v\u00e9lation faite par <a href=\"https:\/\/www.midilibre.fr\/2025\/07\/31\/sadapter-au-marche-tout-en-respectant-les-besoins-des-entraineurs-comment-le-mhr-a-construit-son-recrutement-cette-saison-12853048.php\" rel=\"nofollow noopener\" target=\"_blank\">Midi Libre<\/a>, <strong>le <a href=\"https:\/\/www.lerugbynistere.fr\/clubs\/mhrc-montpellier.php\" ui-sref=\"app.team({teamId: 36})\" alt=\"Montpellier\" data-route=\"app.team\" data-param=\"teamId\" data-id=\"36\" rel=\"nofollow noopener\" target=\"_blank\">Montpellier<\/a> HR aurait souhait\u00e9 faire venir le joueur dans l\u2019H\u00e9rault.<\/strong> Le club ciste \u00e9tait visiblement int\u00e9ress\u00e9 par le profil du joueur, alors que plusieurs solutions en deuxi\u00e8me ligne ont quitt\u00e9 le club cet \u00e9t\u00e9. Parmi elles, on retrouve le tr\u00e8s appr\u00e9ci\u00e9 international fran\u00e7ais <a href=\"https:\/\/www.lerugbynistere.fr\/fiches-joueurs\/paul-willemse.php\" ui-sref=\"app.player({playerId: 2664})\" alt=\"Paul Willemse\" data-route=\"app.player\" data-param=\"playerId\" data-id=\"2664\" rel=\"nofollow noopener\" target=\"_blank\">Paul Willemse<\/a> qui s\u2019offre une retraite forc\u00e9e \u00e0 seulement 32 ans, \u00e0 cause de commotions r\u00e9p\u00e9t\u00e9es.<\/p>\n<p>De fait, le MHR veut orienter son recrutement en direction de jeunes joueurs JIFF \u00e0 fort potentiel, alors que les ressources convaincantes sous ces conditions se font plus rares \u00e0 certains postes. Jouant essentiellement en tant que num\u00e9ro 5, <strong>Cl\u00e9ment Verg\u00e9 aurait eu une place de choix<\/strong>, s\u2019il avait choisi d\u2019int\u00e9grer l\u2019\u00e9quipe men\u00e9e par <a href=\"https:\/\/www.lerugbynistere.fr\/fiches-joueurs\/joan-caudullo.php\" ui-sref=\"app.player({playerId: 424})\" alt=\"Joan Caudullo\" data-route=\"app.player\" data-param=\"playerId\" data-id=\"424\" rel=\"nofollow noopener\" target=\"_blank\">Joan Caudullo<\/a> et son staff. N\u00e9anmoins, il n\u2019en est rien.<\/p>\n<p><a class=\"inserer_lien_article\" href=\"https:\/\/www.lerugbynistere.fr\/news\/top-14-clement-verge-toulouse-une-vraie-carte-a-jouer-pour-remplacer-la-tour-de-controle-arnold-2108241748.php\" data-id=\"42225\" data-route=\"app.article\" data-param=\"articleId\" ui-sref=\"app.article({articleId: 42225})\" alt=\"TOP 14. Cl\u00e9ment Verg\u00e9 (Toulouse), une vraie carte \u00e0 jouer pour remplacer la tour de contr\u00f4le Arnold\" title=\"TOP 14. Cl\u00e9ment Verg\u00e9 (Toulouse), une vraie carte \u00e0 jouer pour remplacer la tour de contr\u00f4le Arnold\" rel=\"nofollow noopener\" target=\"_blank\"><img decoding=\"async\" src=\"https:\/\/www.europesays.com\/fr\/wp-content\/uploads\/2025\/04\/yt-21-08-24-837.jpg\" alt=\"TOP 14. Cl\u00e9ment Verg\u00e9 (Toulouse), une vraie carte \u00e0 jouer pour remplacer la tour de contr\u00f4le Arnold\"\/>TOP 14. Cl\u00e9ment Verg\u00e9 (Toulouse), une vraie carte \u00e0 jouer pour remplacer la tour de contr\u00f4le Arnold<\/a><\/p>\n<p>Cl\u00e9ment Verg\u00e9, le bien-aim\u00e9<\/p>\n<p>Arriv\u00e9 au Stade Toulousain en 2018, depuis le Saint-Girons Sporting-Club Couserans, <strong>l\u2019Ari\u00e9geois a int\u00e9gr\u00e9 les Rouge et Noir alors qu\u2019il \u00e9tait sur le point de f\u00eater ses 17 ans.<\/strong> Depuis, le Stade Toulousain a bien eu conscience des qualit\u00e9s du deuxi\u00e8me ligne. Preuve en est, Cl\u00e9ment Verg\u00e9 a rejoint l\u2019effectif professionnel pour un match officiel d\u00e8s ses 21 ans, un \u00e2ge pr\u00e9coce \u00e0 son poste.<\/p>\n<blockquote class=\"twitter-tweet\"><p>&#13;<\/p>\n<p lang=\"fr\" dir=\"ltr\">\ud83d\udce3 Les c\u00e9l\u00e9brations continuent \ud83c\udf86<\/p>\n<p>Nous sommes fiers d&rsquo;officialiser la prolongation de 10 Stadistes \ud83d\ude0d<\/p>\n<p>Toujours fid\u00e8le aux axes de sa <a href=\"https:\/\/twitter.com\/hashtag\/Trajectoire2027?src=hash&amp;ref_src=twsrc%5Etfw\" rel=\"nofollow noopener\" target=\"_blank\">#Trajectoire2027<\/a>, le Stade Toulousain affirme avec cette annonce sa volont\u00e9 de consolider ses cadres et de grandir avec sa formation \ud83d\udd34\u26ab <a href=\"https:\/\/t.co\/usX56lfx9H\" rel=\"nofollow\">pic.twitter.com\/usX56lfx9H<\/a><\/p>\n<p>&#13;<br \/>\n\u2014 Stade Toulousain (@StadeToulousain) <a href=\"https:\/\/twitter.com\/StadeToulousain\/status\/1873489228669280574?ref_src=twsrc%5Etfw\" rel=\"nofollow noopener\" target=\"_blank\">December 29, 2024<\/a><\/p><\/blockquote>\n<p>Afin de montrer la confiance que l\u2019\u00e9curie des Sept-Deniers porte \u00e0 son poulain, ce dernier a \u00e9t\u00e9 prolong\u00e9, il y a quelques mois. Au sein d\u2019une grande campagne de prolongations, <strong>le Stade Toulousain et Cl\u00e9ment Verg\u00e9 ont li\u00e9 leur destin jusqu\u2019en 2027.<\/strong> Entre-temps, le colosse n\u00e9 aux pieds des Pyr\u00e9n\u00e9es pourra accumuler du temps de jeu, notamment lors des \u00e9ch\u00e9ances internationales, \u00e0 moins qu\u2019une bonne surprise n\u2019arrive assez vite.<\/p>\n<p><a class=\"inserer_lien_article\" href=\"https:\/\/www.lerugbynistere.fr\/news\/top-14-pas-besoin-de-recruter-quand-on-a-ce-xv-la-lequipe-type-du-stade-toulousain-pour-20252026-0208251135.php\" data-id=\"45725\" data-route=\"app.article\" data-param=\"articleId\" ui-sref=\"app.article({articleId: 45725})\" alt=\"TOP 14. Pas besoin de recruter quand on a ce XV-l\u00e0\u2026 l&#039;\u00e9quipe-type du Stade Toulousain pour 2025\/2026\" title=\"TOP 14. Pas besoin de recruter quand on a ce XV-l\u00e0\u2026 l&#039;\u00e9quipe-type du Stade Toulousain pour 2025\/2026\" rel=\"nofollow noopener\" target=\"_blank\"><img decoding=\"async\" src=\"https:\/\/www.europesays.com\/fr\/wp-content\/uploads\/2025\/08\/peu-de-recrues-quelques-departs-mais-un-effectif-toujours-redoutable-le-xv-toulousain-version-202520.jpeg\" alt=\"TOP 14. Pas besoin de recruter quand on a ce XV-l\u00e0\u2026 l'\u00e9quipe-type du Stade Toulousain pour 2025\/2026\"\/>TOP 14. Pas besoin de recruter quand on a ce XV-l\u00e0\u2026 l&rsquo;\u00e9quipe-type du Stade Toulousain pour 2025\/2026<\/a><\/p>\n<p>En effet, lors du dernier Tournoi des VI Nations, <strong>Cl\u00e9ment Verg\u00e9 a \u00e9t\u00e9 appel\u00e9 dans le groupe \u00e9largi du <a href=\"https:\/\/www.lerugbynistere.fr\/equipes-nationales\/xv-de-france.php\" ui-sref=\"app.team({teamId: 65})\" alt=\"XV de France\" data-route=\"app.team\" data-param=\"teamId\" data-id=\"65\" rel=\"nofollow noopener\" target=\"_blank\">XV de France<\/a><\/strong>, pour pr\u00e9parer la comp\u00e9tition internationale remport\u00e9e par les Bleus. \u00c0 ce moment-l\u00e0, son changement de statut a \u00e9t\u00e9 confirm\u00e9. \u201cC\u2019est un objectif pour chaque joueur fran\u00e7ais qui \u00e9volue en <a href=\"https:\/\/www.lerugbynistere.fr\/championnats\/top-14\" ui-sref=\"app.competition({competitionId: 1})\" alt=\"Top 14\" data-route=\"app.competition\" data-param=\"competitionId\" data-id=\"1\" rel=\"nofollow noopener\" target=\"_blank\">Top 14<\/a>. Apr\u00e8s, je ne m\u2019y attendais pas forc\u00e9ment, vu que cela a \u00e9t\u00e9 rapide. Apr\u00e8s le match contre Montpellier, on allait faire un repas d\u2019\u00e9quipe et l\u00e0, j\u2019ai re\u00e7u le coup de t\u00e9l\u00e9phone (sourire). C\u2019\u00e9tait une bonne nouvelle\u201d, d\u00e9clarait-il en f\u00e9vrier aupr\u00e8s de <a href=\"https:\/\/www.rugbyrama.fr\/2025\/02\/11\/top-14-quand-jetais-petit-je-jouais-centre-raconte-clement-verge-toulouse-12505322.php\" rel=\"nofollow noopener\" target=\"_blank\">Rugbyrama<\/a>.<\/p>\n<p>Appr\u00e9ci\u00e9 de Fabien Galthi\u00e9, scrut\u00e9 par les concurrents, mais verrouill\u00e9 par le Stade Toulousain, <strong>Cl\u00e9ment Verg\u00e9 s\u2019annonce comme l\u2019une des attractions de la jeunesse toulousaine<\/strong> dans les prochaines ann\u00e9es. D\u00e9sormais, le deuxi\u00e8me ligne doit confirmer ce qu\u2019il a d\u00e9j\u00e0 pu d\u00e9montrer sur ces pr\u00e9c\u00e9dentes apparitions. Chez les Rouge et Noir, il annonce la couleur :<\/p>\n<p class=\"citation\">Je veux \u00eatre un membre \u00e0 part enti\u00e8re de cette \u00e9quipe et \u00eatre performant dans les grands rendez-vous. Cela passe par le fait de r\u00e9pondre pr\u00e9sent dans les grands stades, dans les ambiances plus hostiles, l\u00e0 o\u00f9 il faut ferrailler. C\u2019est comme \u00e7a qu\u2019on peut aller ensuite chercher une plus belle place dans l\u2019effectif.\u201d &#8211; (Rugbyrama)<\/p>\n<p><a class=\"inserer_lien_article\" href=\"https:\/\/www.lerugbynistere.fr\/news\/top-14-clement-verge-ou-comment-le-stade-toulousain-fabrique-encore-un-cadre-en-interne-0506251429.php\" data-id=\"45182\" data-route=\"app.article\" data-param=\"articleId\" ui-sref=\"app.article({articleId: 45182})\" alt=\"TOP 14. Cl\u00e9ment Verg\u00e9, ou comment le Stade Toulousain fabrique (encore) un cadre en interne\" title=\"TOP 14. Cl\u00e9ment Verg\u00e9, ou comment le Stade Toulousain fabrique (encore) un cadre en interne\" rel=\"nofollow noopener\" target=\"_blank\"><img decoding=\"async\" src=\"https:\/\/www.europesays.com\/fr\/wp-content\/uploads\/2025\/06\/top-14-clement-verge-ou-comment-le-stade-toulousain-fabrique-encore-un-cadre-en-interne-05-06-25-970.jpeg\" alt=\"TOP 14. Cl\u00e9ment Verg\u00e9, ou comment le Stade Toulousain fabrique (encore) un cadre en interne\"\/>TOP 14. Cl\u00e9ment Verg\u00e9, ou comment le Stade Toulousain fabrique (encore) un cadre en interne<\/a><\/p>\n<p>                            <script async src=\"https:\/\/platform.twitter.com\/widgets.js\" charset=\"utf-8\"><\/script><\/p>\n","protected":false},"excerpt":{"rendered":"C\u2019est un talent qui attire l\u2019\u0153il et en m\u00eame temps, il est dur de le louper. Avec ses&hellip;\n","protected":false},"author":2,"featured_media":305065,"comment_status":"","ping_status":"","sticky":false,"template":"","format":"standard","meta":{"footnotes":""},"categories":[1416],"tags":[1011,27,479,1468,60],"class_list":{"0":"post-305064","1":"post","2":"type-post","3":"status-publish","4":"format-standard","5":"has-post-thumbnail","7":"category-rugby","8":"tag-fr","9":"tag-france","10":"tag-rugby","11":"tag-rugby-football","12":"tag-sports"},"share_on_mastodon":{"url":"https:\/\/pubeurope.com\/@fr\/114993137227746381","error":""},"_links":{"self":[{"href":"https:\/\/www.europesays.com\/fr\/wp-json\/wp\/v2\/posts\/305064","targetHints":{"allow":["GET"]}}],"collection":[{"href":"https:\/\/www.europesays.com\/fr\/wp-json\/wp\/v2\/posts"}],"about":[{"href":"https:\/\/www.europesays.com\/fr\/wp-json\/wp\/v2\/types\/post"}],"author":[{"embeddable":true,"href":"https:\/\/www.europesays.com\/fr\/wp-json\/wp\/v2\/users\/2"}],"replies":[{"embeddable":true,"href":"https:\/\/www.europesays.com\/fr\/wp-json\/wp\/v2\/comments?post=305064"}],"version-history":[{"count":0,"href":"https:\/\/www.europesays.com\/fr\/wp-json\/wp\/v2\/posts\/305064\/revisions"}],"wp:featuredmedia":[{"embeddable":true,"href":"https:\/\/www.europesays.com\/fr\/wp-json\/wp\/v2\/media\/305065"}],"wp:attachment":[{"href":"https:\/\/www.europesays.com\/fr\/wp-json\/wp\/v2\/media?parent=305064"}],"wp:term":[{"taxonomy":"category","embeddable":true,"href":"https:\/\/www.europesays.com\/fr\/wp-json\/wp\/v2\/categories?post=305064"},{"taxonomy":"post_tag","embeddable":true,"href":"https:\/\/www.europesays.com\/fr\/wp-json\/wp\/v2\/tags?post=305064"}],"curies":[{"name":"wp","href":"https:\/\/api.w.org\/{rel}","templated":true}]}}